{"id":5920,"date":"2022-12-19T10:50:51","date_gmt":"2022-12-19T16:50:51","guid":{"rendered":"https:\/\/congresogro.gob.mx\/63\/inicio\/?p=5920"},"modified":"2022-12-23T10:52:19","modified_gmt":"2022-12-23T16:52:19","slug":"dialogo-acuerdos-y-compromiso-con-guerrero-definieron-la-aprobacion-oportuna-del-presupuesto-2023-yoloczin-dominguez","status":"publish","type":"post","link":"https:\/\/congresogro.gob.mx\/63\/inicio\/2022\/12\/19\/dialogo-acuerdos-y-compromiso-con-guerrero-definieron-la-aprobacion-oportuna-del-presupuesto-2023-yoloczin-dominguez\/","title":{"rendered":"DI\u00c1LOGO, ACUERDOS Y COMPROMISO CON GUERRERO DEFINIERON LA APROBACI\u00d3N OPORTUNA DEL PRESUPUESTO 2023: YOLOCZIN DOM\u00cdNGUEZ"},"content":{"rendered":"<p style=\"text-align: justify;\"><strong>Chilpancingo, Gro., 19 de diciembre de 2022.-<\/strong> La diputada Yoloczin Dom\u00ednguez Serna, presidenta de la Junta de Coordinaci\u00f3n Pol\u00edtica, celebr\u00f3 la aprobaci\u00f3n un\u00e1nime por el Congreso del Estado del Presupuesto Estatal de Egresos 2023, remarcando que esto fue posible gracias a la voluntad pol\u00edtica de legisladores y legisladoras de todos los partidos que se prestaron al di\u00e1logo y los acuerdos, conscientes de que esta es una oportunidad hist\u00f3rica para dar respuesta a las m\u00faltiples problem\u00e1ticas del estado y encaminarlo a un futuro de bienestar y desarrollo.<\/p>\n<p style=\"text-align: justify;\">La tambi\u00e9n coordinadora del Grupo Parlamentario de Morena record\u00f3 que desde su arribo a este espacio se fij\u00f3 la meta de entablar un di\u00e1logo estrecho y franco con sus compa\u00f1eras y compa\u00f1eros coordinadores de grupos y representaciones parlamentarias para construir consensos y alcanzar acuerdos, de modo que se desahogaran muchos asuntos pendientes y la agenda legislativa fluyera con normalidad.<\/p>\n<p style=\"text-align: justify;\">En ese sentido, indic\u00f3 que la aprobaci\u00f3n del Presupuesto 2023 presentado por el Ejecutivo estatal se dio \u201cen tiempo y forma\u201d, de conformidad con los plazos legales estipulados en la Ley Org\u00e1nica del Poder Legislativo.<\/p>\n<p style=\"text-align: justify;\">\u201cEl Poder Legislativo, como es su competencia, realiz\u00f3 un minucioso an\u00e1lisis del Paquete Fiscal turnado por la gobernadora Evelyn Salgado Pineda, y logramos aprobarlo un\u00e1nimemente en el Pleno porque pensamos que es un presupuesto equilibrado, objetivo, con metas posibles de alcanzar y que atiende a las demandas m\u00e1s sentidas de la poblaci\u00f3n\u201d, manifest\u00f3.<\/p>\n<p style=\"text-align: justify;\">Abund\u00f3 que el aval legislativo al presupuesto en esta fecha, como lo marca la ley, es una gran oportunidad para el Poder Ejecutivo de iniciar, desde ahora, con la adecuada planificaci\u00f3n del gasto p\u00fablico en el a\u00f1o fiscal 2023, que permita a la administraci\u00f3n estatal cumplir sus proyecciones y alcanzar sus metas.<\/p>\n<p style=\"text-align: justify;\">\u201cSon recursos hist\u00f3ricos los que se ejercer\u00e1n en Guerrero, m\u00e1s de 76 mil millones de pesos, gracias al apoyo, solidaridad y voluntad pol\u00edtica del Gobierno Federal; partidas financieras que, si son bien ejercidas, algo de lo que estaremos atentos, dar\u00e1n soluci\u00f3n a mucha de la problem\u00e1tica que aqueja a nuestra entidad, como la falta de carreteras, hospitales, escuelas y maestros, poca industria, baja productividad, inseguridad y mucha pobreza\u201d, expuso.<\/p>\n<p style=\"text-align: justify;\">Dom\u00ednguez Serna hizo un reconocimiento a sus compa\u00f1eras y compa\u00f1eros diputados porque mostraron en todo momento disposici\u00f3n al di\u00e1logo y los acuerdos, refrendando su compromiso con las y los guerrerenses. \u201cTodas y todos queremos que le vaya bien a Guerrero. La transformaci\u00f3n est\u00e1 en puerta y esto es gracias a la suma de esfuerzos y voluntades de todos los actores pol\u00edticos\u201d, remarc\u00f3.<\/p>\n<p style=\"text-align: justify;\">Refiri\u00f3 por \u00faltimo que el Poder Legislativo se ver\u00e1 beneficiado con un incremento en su presupuesto que permitir\u00e1 continuar con las mejoras a sus instalaciones, cumplir compromisos con la plantilla laboral y concretar un proyecto de reingenier\u00eda administrativa que eficiente las actividades parlamentarias, para beneficio de la sociedad.<\/p>\n","protected":false},"excerpt":{"rendered":"<p>Chilpancingo, Gro., 19 de diciembre de 2022.- La diputada Yoloczin Dom\u00ednguez Serna, presidenta de la Junta de Coordinaci\u00f3n Pol\u00edtica, celebr\u00f3 la aprobaci\u00f3n un\u00e1nime por el Congreso del Estado del Presupuesto Estatal de Egresos 2023, remarcando que esto fue posible gracias a la voluntad pol\u00edtica de legisladores y legisladoras de todos los partidos que se prestaron&#8230;<\/p>\n","protected":false},"author":1,"featured_media":5921,"comment_status":"closed","ping_status":"open","sticky":false,"template":"","format":"standard","meta":{"_monsterinsights_skip_tracking":false,"_monsterinsights_sitenote_active":false,"_monsterinsights_sitenote_note":"","_monsterinsights_sitenote_category":0,"footnotes":""},"categories":[3,15],"tags":[],"class_list":["post-5920","post","type-post","status-publish","format-standard","has-post-thumbnail","hentry","category-boletin","category-yoloczin-dominguez-serna"],"aioseo_notices":[],"_links":{"self":[{"href":"https:\/\/congresogro.gob.mx\/63\/inicio\/wp-json\/wp\/v2\/posts\/5920","targetHints":{"allow":["GET"]}}],"collection":[{"href":"https:\/\/congresogro.gob.mx\/63\/inicio\/wp-json\/wp\/v2\/posts"}],"about":[{"href":"https:\/\/congresogro.gob.mx\/63\/inicio\/wp-json\/wp\/v2\/types\/post"}],"author":[{"embeddable":true,"href":"https:\/\/congresogro.gob.mx\/63\/inicio\/wp-json\/wp\/v2\/users\/1"}],"replies":[{"embeddable":true,"href":"https:\/\/congresogro.gob.mx\/63\/inicio\/wp-json\/wp\/v2\/comments?post=5920"}],"version-history":[{"count":1,"href":"https:\/\/congresogro.gob.mx\/63\/inicio\/wp-json\/wp\/v2\/posts\/5920\/revisions"}],"predecessor-version":[{"id":5922,"href":"https:\/\/congresogro.gob.mx\/63\/inicio\/wp-json\/wp\/v2\/posts\/5920\/revisions\/5922"}],"wp:featuredmedia":[{"embeddable":true,"href":"https:\/\/congresogro.gob.mx\/63\/inicio\/wp-json\/wp\/v2\/media\/5921"}],"wp:attachment":[{"href":"https:\/\/congresogro.gob.mx\/63\/inicio\/wp-json\/wp\/v2\/media?parent=5920"}],"wp:term":[{"taxonomy":"category","embeddable":true,"href":"https:\/\/congresogro.gob.mx\/63\/inicio\/wp-json\/wp\/v2\/categories?post=5920"},{"taxonomy":"post_tag","embeddable":true,"href":"https:\/\/congresogro.gob.mx\/63\/inicio\/wp-json\/wp\/v2\/tags?post=5920"}],"curies":[{"name":"wp","href":"https:\/\/api.w.org\/{rel}","templated":true}]}}