{"id":5912,"date":"2022-12-17T11:14:54","date_gmt":"2022-12-17T17:14:54","guid":{"rendered":"https:\/\/congresogro.gob.mx\/63\/inicio\/?p=5912"},"modified":"2022-12-17T11:15:56","modified_gmt":"2022-12-17T17:15:56","slug":"la-presidenta-de-la-junta-de-coordinacion-politica-en-el-congreso-de-guerrero-yoloczin-lizbeth-dominguez-serna-te-desea-una-feliz-navidad-y-un-prospero-ano-nuevo","status":"publish","type":"post","link":"https:\/\/congresogro.gob.mx\/63\/inicio\/2022\/12\/17\/la-presidenta-de-la-junta-de-coordinacion-politica-en-el-congreso-de-guerrero-yoloczin-lizbeth-dominguez-serna-te-desea-una-feliz-navidad-y-un-prospero-ano-nuevo\/","title":{"rendered":"LA PRESIDENTA DE LA JUNTA DE COORDINACI\u00d3N POL\u00cdTICA EN EL CONGRESO DE GUERRERO, YOLOCZIN LIZBETH DOM\u00cdNGUEZ SERNA, TE DESEA UNA FELIZ NAVIDAD Y UN PR\u00d3SPERO A\u00d1O NUEVO."},"content":{"rendered":"<section id=\"bt_bb_section69eee55c87665\" class=\"bt_bb_section bt_bb_layout_boxed_1200\"  data-bt-override-class=\"null\"><div class=\"bt_bb_port\"><div class=\"bt_bb_cell\"><div class=\"bt_bb_cell_inner\"><div class=\"bt_bb_row \"  data-bt-override-class=\"{}\"><div class=\"bt_bb_row_holder\" ><div  class=\"bt_bb_column col-xxl-12 col-xl-12 col-xs-12 col-sm-12 col-md-12 col-lg-12 bt_bb_vertical_align_top bt_bb_align_left bt_bb_padding_normal bt_bb_shape_inherit\"  data-width=\"12\" data-bt-override-class=\"{}\"><div class=\"bt_bb_column_content\"><div class=\"bt_bb_column_content_inner\"><div class=\"bt_bb_separator bt_bb_border_style_none bt_bb_top_spacing_medium\" data-bt-override-class=\"null\"><\/div><div class=\"bt_bb_separator bt_bb_border_style_none bt_bb_top_spacing_medium\" data-bt-override-class=\"null\"><\/div><div class=\"bt_bb_video bt_bb_disable_controls_no\"><div class=\"bt-video-container\"><div style=\"width: 100%;\" class=\"wp-video\"><video class=\"wp-video-shortcode\" id=\"video-5912-1\" width=\"640\" height=\"360\" preload=\"metadata\" controls=\"controls\"><source type=\"video\/mp4\" src=\"https:\/\/congresogro.gob.mx\/63\/inicio\/wp-content\/uploads\/2022\/12\/YOLO-LOGO.mp4?_=1\" \/><a href=\"https:\/\/congresogro.gob.mx\/63\/inicio\/wp-content\/uploads\/2022\/12\/YOLO-LOGO.mp4\">https:\/\/congresogro.gob.mx\/63\/inicio\/wp-content\/uploads\/2022\/12\/YOLO-LOGO.mp4<\/a><\/video><\/div><\/div><\/div><\/div><\/div><\/div><\/div><\/div><\/div><!-- cell_inner --><\/div><!-- cell --><\/div><!-- port --><\/section>\n","protected":false},"excerpt":{"rendered":"","protected":false},"author":1,"featured_media":5915,"comment_status":"closed","ping_status":"open","sticky":false,"template":"","format":"standard","meta":{"_monsterinsights_skip_tracking":false,"_monsterinsights_sitenote_active":false,"_monsterinsights_sitenote_note":"","_monsterinsights_sitenote_category":0,"footnotes":""},"categories":[3,15],"tags":[],"class_list":["post-5912","post","type-post","status-publish","format-standard","has-post-thumbnail","hentry","category-boletin","category-yoloczin-dominguez-serna"],"aioseo_notices":[],"_links":{"self":[{"href":"https:\/\/congresogro.gob.mx\/63\/inicio\/wp-json\/wp\/v2\/posts\/5912","targetHints":{"allow":["GET"]}}],"collection":[{"href":"https:\/\/congresogro.gob.mx\/63\/inicio\/wp-json\/wp\/v2\/posts"}],"about":[{"href":"https:\/\/congresogro.gob.mx\/63\/inicio\/wp-json\/wp\/v2\/types\/post"}],"author":[{"embeddable":true,"href":"https:\/\/congresogro.gob.mx\/63\/inicio\/wp-json\/wp\/v2\/users\/1"}],"replies":[{"embeddable":true,"href":"https:\/\/congresogro.gob.mx\/63\/inicio\/wp-json\/wp\/v2\/comments?post=5912"}],"version-history":[{"count":1,"href":"https:\/\/congresogro.gob.mx\/63\/inicio\/wp-json\/wp\/v2\/posts\/5912\/revisions"}],"predecessor-version":[{"id":5916,"href":"https:\/\/congresogro.gob.mx\/63\/inicio\/wp-json\/wp\/v2\/posts\/5912\/revisions\/5916"}],"wp:featuredmedia":[{"embeddable":true,"href":"https:\/\/congresogro.gob.mx\/63\/inicio\/wp-json\/wp\/v2\/media\/5915"}],"wp:attachment":[{"href":"https:\/\/congresogro.gob.mx\/63\/inicio\/wp-json\/wp\/v2\/media?parent=5912"}],"wp:term":[{"taxonomy":"category","embeddable":true,"href":"https:\/\/congresogro.gob.mx\/63\/inicio\/wp-json\/wp\/v2\/categories?post=5912"},{"taxonomy":"post_tag","embeddable":true,"href":"https:\/\/congresogro.gob.mx\/63\/inicio\/wp-json\/wp\/v2\/tags?post=5912"}],"curies":[{"name":"wp","href":"https:\/\/api.w.org\/{rel}","templated":true}]}}