{"id":5724,"date":"2022-11-28T22:19:55","date_gmt":"2022-11-29T04:19:55","guid":{"rendered":"https:\/\/congresogro.gob.mx\/63\/inicio\/?p=5724"},"modified":"2022-11-28T22:19:55","modified_gmt":"2022-11-29T04:19:55","slug":"firman-congreso-iepc-y-semujer-un-convenio-para-la-formacion-con-perspectiva-de-genero-de-su-personal-tecnico","status":"publish","type":"post","link":"https:\/\/congresogro.gob.mx\/63\/inicio\/2022\/11\/28\/firman-congreso-iepc-y-semujer-un-convenio-para-la-formacion-con-perspectiva-de-genero-de-su-personal-tecnico\/","title":{"rendered":"FIRMAN CONGRESO, IEPC Y SEMUJER UN CONVENIO PARA LA FORMACI\u00d3N CON PERSPECTIVA DE G\u00c9NERO DE SU PERSONAL T\u00c9CNICO"},"content":{"rendered":"<p style=\"text-align: justify;\"><strong>Chilpancingo, Gro., 28 de noviembre de 2022<\/strong>.- Las presidentas de la Junta de Coordinaci\u00f3n Pol\u00edtica y de la Comisi\u00f3n para la Igualdad de G\u00e9nero, diputadas Yoloczin Dom\u00ednguez Serna y Gabriela Bernal Res\u00e9ndiz, respectivamente, firmaron a nombre del Congreso del Estado un Convenio Marco de Colaboraci\u00f3n Interinstitucional con el Instituto Electoral y de Participaci\u00f3n Ciudadana (IEPC) y la Secretar\u00eda de la Mujer (Semujer).<\/p>\n<p style=\"text-align: justify;\">Dicho convenio signado, asimismo, por la consejera presidenta del IEPC, Luz Fabiola Matildes Gama, y la titular de la Semujer, Violeta Pino Gir\u00f3n, tendr\u00e1 una vigencia dos a\u00f1os a partir de la fecha de su firma, con el objetivo de contribuir a la formaci\u00f3n Y profesionalizaci\u00f3n del personal t\u00e9cnico del Congreso del Estado, de las distintas dependencias y personas interesadas, a efecto de que implementen los derechos humanos desde la perspectiva de g\u00e9nero y la sustentabilidad de manera transversal en la presentaci\u00f3n, creaci\u00f3n, modificaci\u00f3n, adici\u00f3n y derogaci\u00f3n de las leyes.<\/p>\n<p style=\"text-align: justify;\">Durante el acto protocolario, la presidenta de la Jucopo, diputada Yoloczin Dom\u00ednguez Serna, reconoci\u00f3 a su compa\u00f1era diputada y presidenta de la Comisi\u00f3n para la Igualdad de G\u00e9nero, Gabriela Bernal, as\u00ed como a la titular de la Unidad de G\u00e9nero, Mayra Morales Tacuba, por su compromiso y visi\u00f3n para que desde del Congreso se fortalezcan y protejan los derechos de las mujeres, a trav\u00e9s de la creaci\u00f3n y adecuaci\u00f3n de las leyes.<\/p>\n<p style=\"text-align: justify;\">Abund\u00f3 que la capacitaci\u00f3n es necesaria en todos los sentidos y \u00e1mbitos, en especial para quienes colaboran en el Poder Legislativo. En ese sentido, se congratul\u00f3 porque con este convenio se da la oportunidad para que diputadas y diputados, acompa\u00f1ados de su personal t\u00e9cnico, conozcan c\u00f3mo se deben proyectar y crear las leyes que han de regir a la poblaci\u00f3n guerrerense en materia de paridad sustantiva.<\/p>\n<p style=\"text-align: justify;\">En su oportunidad, la diputada Gabriela Bernal Res\u00e9ndiz resalt\u00f3 que hay importantes avances en materia de paridad de g\u00e9nero en el Congreso, cuya Junta de Coordinaci\u00f3n Pol\u00edtica est\u00e1 integrada por tres diputadas y tres diputados, y en general la LXIII Legislatura est\u00e1 integrada por 23 legisladoras y 23 legisladores, incluida una equilibrada integraci\u00f3n de la Mesa Directiva, lo que debe generar que el Poder Legislativo fortalezca su agenda en pro de los derechos de las mujeres.<\/p>\n<p style=\"text-align: justify;\">Asimismo, reconoci\u00f3 a las titulares del IEPC y la Semujer por su compromiso para trabajar de manera conjunta con el Legislativo. \u201cSin duda que la firma de este convenio se ver\u00e1 traducida en buenos resultados para lograr la erradicaci\u00f3n de la violencia contra las mujeres y para hacer una realidad la igualdad sustantiva; que no se quede en los dichos y discursos, sino que se vea reflejada en los hechos\u201d, enfatiz\u00f3.<\/p>\n<p style=\"text-align: justify;\">Por su parte, la presidenta del IEPC, Luz Fabiola Matildes Gama, coincidi\u00f3 en la importancia de signar convenios de esta clase porque ayudan a promover y transversalizar la equidad de g\u00e9nero a trav\u00e9s del marco normativo de la entidad. \u201cPor eso reiteramos nuestro compromiso de trabajar de manera conjunta y coordinada con el Congreso para lograr los fines y prop\u00f3sitos plasmados, de modo que los servidores p\u00fablicos y personal t\u00e9cnico de las distintas dependencias hagan lo que les compete en torno a la implementaci\u00f3n de la perspectiva de g\u00e9nero en las acciones, programas y pol\u00edticas p\u00fablicas que se implementan\u201d, apunt\u00f3.<\/p>\n<p style=\"text-align: justify;\">Atestiguaron el acto la diputada Flor A\u00f1orve Ocampo; Rosadelia Guill\u00e9n Valent\u00edn, en representaci\u00f3n de la titular de la Semujer, Violeta Pino Gir\u00f3n; la titular de la Unidad de G\u00e9nero del Congreso, Mayra Morales Tacuba; las consejeras y consejero del IEPC Cinthia Citlaly D\u00edaz Fuentes, Vicenta Molina Revueltas, Dulce Merary Villalobos Tlatempa y Amadeo Guerrero Onofre; el secretario ejecutivo del IEPC, Pablo Mart\u00ednez Ortiz y Elia Morena del Moral, coordinadora del diplomado, entre otros.<\/p>\n<p style=\"text-align: justify;\"><strong>\u00a0<\/strong><\/p>\n<p style=\"text-align: justify;\"><strong>Dict\u00e1menes<\/strong><\/p>\n<p style=\"text-align: justify;\">Durante la sesi\u00f3n ordinaria de este lunes, se dio primera lectura a los dict\u00e1menes emitidos por la Comisi\u00f3n de Hacienda relativos a las Leyes de Ingresos para los municipios de Ahuacuotzingo, Alcozauca, Alpoyeca, Apaxtla de Castrej\u00f3n, Atenango del R\u00edo, Buena Vista de Cu\u00e9llar, Coahuayutla, Cochoapa el Grande y Cocula y Copala, continuando con las correspondientes a Copanatoyac, Coyuca de Ben\u00edtez, Cualac, Cuautepec y Eduardo Neri, todas para el Ejercicio Fiscal 2023.<\/p>\n","protected":false},"excerpt":{"rendered":"<p>Chilpancingo, Gro., 28 de noviembre de 2022.- Las presidentas de la Junta de Coordinaci\u00f3n Pol\u00edtica y de la Comisi\u00f3n para la Igualdad de G\u00e9nero, diputadas Yoloczin Dom\u00ednguez Serna y Gabriela Bernal Res\u00e9ndiz, respectivamente, firmaron a nombre del Congreso del Estado un Convenio Marco de Colaboraci\u00f3n Interinstitucional con el Instituto Electoral y de Participaci\u00f3n Ciudadana (IEPC)&#8230;<\/p>\n","protected":false},"author":1,"featured_media":5725,"comment_status":"closed","ping_status":"open","sticky":false,"template":"","format":"standard","meta":{"_monsterinsights_skip_tracking":false,"_monsterinsights_sitenote_active":false,"_monsterinsights_sitenote_note":"","_monsterinsights_sitenote_category":0,"footnotes":""},"categories":[3],"tags":[],"class_list":["post-5724","post","type-post","status-publish","format-standard","has-post-thumbnail","hentry","category-boletin"],"aioseo_notices":[],"_links":{"self":[{"href":"https:\/\/congresogro.gob.mx\/63\/inicio\/wp-json\/wp\/v2\/posts\/5724","targetHints":{"allow":["GET"]}}],"collection":[{"href":"https:\/\/congresogro.gob.mx\/63\/inicio\/wp-json\/wp\/v2\/posts"}],"about":[{"href":"https:\/\/congresogro.gob.mx\/63\/inicio\/wp-json\/wp\/v2\/types\/post"}],"author":[{"embeddable":true,"href":"https:\/\/congresogro.gob.mx\/63\/inicio\/wp-json\/wp\/v2\/users\/1"}],"replies":[{"embeddable":true,"href":"https:\/\/congresogro.gob.mx\/63\/inicio\/wp-json\/wp\/v2\/comments?post=5724"}],"version-history":[{"count":1,"href":"https:\/\/congresogro.gob.mx\/63\/inicio\/wp-json\/wp\/v2\/posts\/5724\/revisions"}],"predecessor-version":[{"id":5726,"href":"https:\/\/congresogro.gob.mx\/63\/inicio\/wp-json\/wp\/v2\/posts\/5724\/revisions\/5726"}],"wp:featuredmedia":[{"embeddable":true,"href":"https:\/\/congresogro.gob.mx\/63\/inicio\/wp-json\/wp\/v2\/media\/5725"}],"wp:attachment":[{"href":"https:\/\/congresogro.gob.mx\/63\/inicio\/wp-json\/wp\/v2\/media?parent=5724"}],"wp:term":[{"taxonomy":"category","embeddable":true,"href":"https:\/\/congresogro.gob.mx\/63\/inicio\/wp-json\/wp\/v2\/categories?post=5724"},{"taxonomy":"post_tag","embeddable":true,"href":"https:\/\/congresogro.gob.mx\/63\/inicio\/wp-json\/wp\/v2\/tags?post=5724"}],"curies":[{"name":"wp","href":"https:\/\/api.w.org\/{rel}","templated":true}]}}