{"id":5721,"date":"2022-11-28T18:57:33","date_gmt":"2022-11-29T00:57:33","guid":{"rendered":"https:\/\/congresogro.gob.mx\/63\/inicio\/?p=5721"},"modified":"2022-11-28T18:57:33","modified_gmt":"2022-11-29T00:57:33","slug":"designan-a-coordinador-de-la-unidad-de-procesos-de-consulta","status":"publish","type":"post","link":"https:\/\/congresogro.gob.mx\/63\/inicio\/2022\/11\/28\/designan-a-coordinador-de-la-unidad-de-procesos-de-consulta\/","title":{"rendered":"DESIGNAN A COORDINADOR DE LA UNIDAD DE PROCESOS DE CONSULTA"},"content":{"rendered":"<p style=\"text-align: justify;\">Integrantes de la Junta de Coordinaci\u00f3n Pol\u00edtica encabezados por su presidenta, diputada Yoloczin Lizbeth Dom\u00ednguez Serna, tomaron protesta a Juan Salvador Susunaga Flores como coordinador de la Unidad de Procesos de Consulta del Congreso del Estado. En la gr\u00e1fica aparecen tambi\u00e9n los diputados H\u00e9ctor Apreza Patr\u00f3n, Manuel Qui\u00f1\u00f3nez Cort\u00e9s, y las diputadas Leticia Mosso y Ana Lenis Res\u00e9ndiz Javier, secretario y vocales de la Junta; la presidenta de la Mesa Directiva, diputada Yanelly Hern\u00e1ndez Mart\u00ednez y el diputado Bernardo Ortega Jim\u00e9nez.<\/p>\n","protected":false},"excerpt":{"rendered":"<p>Integrantes de la Junta de Coordinaci\u00f3n Pol\u00edtica encabezados por su presidenta, diputada Yoloczin Lizbeth Dom\u00ednguez Serna, tomaron protesta a Juan Salvador Susunaga Flores como coordinador de la Unidad de Procesos de Consulta del Congreso del Estado. En la gr\u00e1fica aparecen tambi\u00e9n los diputados H\u00e9ctor Apreza Patr\u00f3n, Manuel Qui\u00f1\u00f3nez Cort\u00e9s, y las diputadas Leticia Mosso y&#8230;<\/p>\n","protected":false},"author":1,"featured_media":5722,"comment_status":"closed","ping_status":"open","sticky":false,"template":"","format":"standard","meta":{"_monsterinsights_skip_tracking":false,"_monsterinsights_sitenote_active":false,"_monsterinsights_sitenote_note":"","_monsterinsights_sitenote_category":0,"footnotes":""},"categories":[3],"tags":[],"class_list":["post-5721","post","type-post","status-publish","format-standard","has-post-thumbnail","hentry","category-boletin"],"aioseo_notices":[],"_links":{"self":[{"href":"https:\/\/congresogro.gob.mx\/63\/inicio\/wp-json\/wp\/v2\/posts\/5721","targetHints":{"allow":["GET"]}}],"collection":[{"href":"https:\/\/congresogro.gob.mx\/63\/inicio\/wp-json\/wp\/v2\/posts"}],"about":[{"href":"https:\/\/congresogro.gob.mx\/63\/inicio\/wp-json\/wp\/v2\/types\/post"}],"author":[{"embeddable":true,"href":"https:\/\/congresogro.gob.mx\/63\/inicio\/wp-json\/wp\/v2\/users\/1"}],"replies":[{"embeddable":true,"href":"https:\/\/congresogro.gob.mx\/63\/inicio\/wp-json\/wp\/v2\/comments?post=5721"}],"version-history":[{"count":1,"href":"https:\/\/congresogro.gob.mx\/63\/inicio\/wp-json\/wp\/v2\/posts\/5721\/revisions"}],"predecessor-version":[{"id":5723,"href":"https:\/\/congresogro.gob.mx\/63\/inicio\/wp-json\/wp\/v2\/posts\/5721\/revisions\/5723"}],"wp:featuredmedia":[{"embeddable":true,"href":"https:\/\/congresogro.gob.mx\/63\/inicio\/wp-json\/wp\/v2\/media\/5722"}],"wp:attachment":[{"href":"https:\/\/congresogro.gob.mx\/63\/inicio\/wp-json\/wp\/v2\/media?parent=5721"}],"wp:term":[{"taxonomy":"category","embeddable":true,"href":"https:\/\/congresogro.gob.mx\/63\/inicio\/wp-json\/wp\/v2\/categories?post=5721"},{"taxonomy":"post_tag","embeddable":true,"href":"https:\/\/congresogro.gob.mx\/63\/inicio\/wp-json\/wp\/v2\/tags?post=5721"}],"curies":[{"name":"wp","href":"https:\/\/api.w.org\/{rel}","templated":true}]}}