{"id":5685,"date":"2022-11-24T21:33:12","date_gmt":"2022-11-25T03:33:12","guid":{"rendered":"https:\/\/congresogro.gob.mx\/63\/inicio\/?p=5685"},"modified":"2022-11-24T21:33:12","modified_gmt":"2022-11-25T03:33:12","slug":"plantean-diputados-un-trabajo-coordinado-con-secretarias-para-favorecer-el-desarrollo-economico-el-empleo-y-el-turismo-en-guerrero","status":"publish","type":"post","link":"https:\/\/congresogro.gob.mx\/63\/inicio\/2022\/11\/24\/plantean-diputados-un-trabajo-coordinado-con-secretarias-para-favorecer-el-desarrollo-economico-el-empleo-y-el-turismo-en-guerrero\/","title":{"rendered":"PLANTEAN DIPUTADOS UN TRABAJO COORDINADO CON SECRETAR\u00cdAS PARA FAVORECER EL DESARROLLO ECON\u00d3MICO, EL EMPLEO Y EL TURISMO EN GUERRERO"},"content":{"rendered":"<p style=\"text-align: justify;\"><strong>Chilpancingo, Gro., 24 de noviembre de 2022.-<\/strong> Diputadas y diputados de la LXIII Legislatura se pronunciaron a favor de un trabajo coordinado entre las dependencias estatales y el Congreso para que Guerrero logre un mayor desarrollo econ\u00f3mico, m\u00e1s generaci\u00f3n de empleos y recuperaci\u00f3n del turismo.<\/p>\n<p style=\"text-align: justify;\">Esto durante las comparecencias de la secretaria de Fomento y Desarrollo Econ\u00f3mico (Sefodeco), Teodora Ram\u00edrez Vega, y los secretarios del Trabajo y Previsi\u00f3n Social, Luis Armando Ba\u00f1os Rend\u00f3n y de Turismo, Santos Ram\u00edrez Cuevas, ante las comisiones ordinarias de Desarrollo Econ\u00f3mico y Trabajo, de Desarrollo y Bienestar Social y de Turismo.<\/p>\n<p style=\"text-align: justify;\"><strong>\u00a0<\/strong><\/p>\n<p style=\"text-align: justify;\"><strong>Desarrollo econ\u00f3mico<\/strong><\/p>\n<p style=\"text-align: justify;\">La diputada <a href=\"https:\/\/www.facebook.com\/GabyBernalR?__cft__%5b0%5d=AZWE6SlicYFcmXeQup9APT7C5_ogw1t2qu5tUq9BzlTz1u7oGrKtlOsUWSP6fQnpvTXpoHFWAijSn0zIoyIaVYihVUk6qiQkwO2pAo_Rfp3iDXrq13H2uDvoCxlDcWp3ffatPlCGoIT8yvvWW3Rtg_ZQCzO-PoR3t-3XdH7Tqgcx4PCEpyJ5JTg8Ff99kb4JTms&amp;__tn__=-%5dK-R\">Gabriela Bernal Res\u00e9ndiz<\/a> (PRI) pregunt\u00f3 por los resultados obtenidos de las 54 reuniones con miembros de la iniciativa privada; sobre la construcci\u00f3n de la econom\u00eda del bienestar y el programa de fortalecimiento a las micro y peque\u00f1as empresas, y el monto proyectado para el presupuesto 2023 que favorezca a la pol\u00edtica transversal de g\u00e9nero.<\/p>\n<p style=\"text-align: justify;\">El diputado <a href=\"https:\/\/www.facebook.com\/profile.php?id=100058213354831&amp;__cft__%5b0%5d=AZX1IawBPlr6a_MZO7s1aCbCs9yBGMD1GkURYMosvWmBiaNPNM4mcuj-pXXPDFs5eZqElPHpGhOdAKCZzXmEvC3_-AmSrHnrtrWRKqyue-BDdAQcX4LAjuQE796TQ7S3RKsiCXH-AG-5_sJcho1-RIDgM6xyunpeSfJ_QoIf1avQvtVMzwNkhrWApIxEUMSqICg&amp;__tn__=-%5dK-R\">Ociel Hugar Garc\u00eda Trujillo<\/a> (PRD) cuestion\u00f3 sobre las proyecciones de la secretar\u00eda a corto, mediano y largo plazo para beneficiar a las micro y peque\u00f1as empresas, y qu\u00e9 pueden esperar quienes se dedican a la actividad comercial, industrial y agroindustrial. De la misma forma, pidi\u00f3 datos sobre las minas que actualmente operan, las concesiones y el ingreso bruto en favor del estado.<\/p>\n<p style=\"text-align: justify;\">El diputado Alfredo S\u00e1nchez Esquivel (Morena) solicit\u00f3 conocer las acciones para aumentar los empleos, ya que en este a\u00f1o solo se crearon 200. Asimismo, pidi\u00f3 informaci\u00f3n sobre las exportaciones que realizan los productores de papaya, lim\u00f3n, mango, aguacate y mezcal.<\/p>\n<p style=\"text-align: justify;\">El diputado <a href=\"https:\/\/www.facebook.com\/rafael.navarrete.quezada?__cft__%5b0%5d=AZWP0NBJpEu-4lndFjBMKOSKsb4fttyiTMlaYheQxo0AWKvhq4Vka1Qom23IJcxYvFNgOwUGkDXKJQUo69EcndtnqfScs2cQsPtSrnfdCi1kEEENs4oCis1evqUsxttdRTwFbXK5Ae0X-E-kB6hoLloVUjXcs6a59QBskxwyyrfEUh6kAllZd0rhVf3JqLdh7GY&amp;__tn__=-%5dK-R\">Rafael Navarrete Quezada<\/a> (PRI) pidi\u00f3 saber por qu\u00e9 las torres de cobertura de internet y celular solo se encuentran en tres municipios. Adem\u00e1s, habl\u00f3 de la necesidad de fortalecer la producci\u00f3n y la comercializaci\u00f3n artesanal de la regi\u00f3n Costa Chica.<\/p>\n<p style=\"text-align: justify;\">El diputado <a href=\"https:\/\/www.facebook.com\/fortunatohercar?__cft__%5b0%5d=AZXePKanvPekwoxSpOL_MQ5tH_xa-h7Ic5XVxKgdxMt9wAQzjxCLyp3UYkoTR_mxlHLuUNTz96mw_Rpthu2ABBr3BPXs8xJz_GinY97p3Mds4Sy0PgASSkcUtoQ3Eb2GOY2Nc8lsWYze2Pfe8K3T72BNl81HH9cyQWsvOFpleFcLQpJ37G2-RLpYyFkv00so5WE&amp;__tn__=-%5dK-R\">Fortunato Hern\u00e1ndez Carbajal<\/a> (Morena) pregunt\u00f3 qu\u00e9 inhibe la falta de oportunidades para las personas que desean emprender acciones productivas, y c\u00f3mo evitar la desaparici\u00f3n de industrias y agroindustrias.<\/p>\n<p style=\"text-align: justify;\">La diputada <a href=\"https:\/\/www.facebook.com\/AliciaZamoraVillalva?__cft__%5b0%5d=AZX3ehv69DKR5NLUlBWWU-buMgDxfelO-oboVtps6bEGzDvGUV_kPr5rp4ocZJdu6m_oQKGd5L5QfWDcvPapgUDqjVumVAjng-N_KljFQ-_itXf7MeHSG_gIkVm9fafTYzIDwUpIt9z7R1XE3CCB_KiF19Nr5kHynt23RNggw9FReCZhVGTMBfNf4zYVXOUDGvM&amp;__tn__=-%5dK-R\">Alicia Zamora Villalva<\/a> (PRI) pidi\u00f3 conocer a cu\u00e1nto asciende el monto de los incentivos fiscales otorgados en el primer a\u00f1o de gobierno, y qu\u00e9 porcentaje de los beneficiarios son empresas locales. Asimismo, cuestion\u00f3 por qu\u00e9 del programa de financiamiento para la reactivaci\u00f3n Impulso Guerrero (NAFIN) hay un subejercicio de 34 millones.<\/p>\n<p style=\"text-align: justify;\">El diputado <a href=\"https:\/\/www.facebook.com\/SoyJackoBadillo?__cft__%5b0%5d=AZX1rVliRsZSD--IptAOaJl0US-BJpXNGIivHl64rkh8UCupzWON8rUQMCU-U_QlEVLn3MlAMVOhCuz3FVFGU2HSbsSKGAvTfTOOyD0h4oRtFbMi69yH5kzFDV56al6to4mFHKoozNCh564xvQ57iQdgwa1EdU6iidEeLMi5U_q_MPTtrrng0kiAIS6l-AEk_a4&amp;__tn__=-%5dK-R\">Joaqu\u00edn Badillo<\/a> Escamilla (Morena) consider\u00f3 necesario trabajar en conjunto los poderes y \u00f3rdenes de gobierno para aprovechar las \u00e1reas de oportunidad en los diversos sectores productivos, y cuestion\u00f3 si el presupuesto de la dependencia es suficiente para detonar las actividades. En ese sentido, pregunt\u00f3 cu\u00e1les son los productos donde Guerrero es m\u00e1s fuerte, la estrategia para dar valor agregado, y sobre el futuro del sector agroindustrial a corto plazo.<\/p>\n<p style=\"text-align: justify;\">La secretaria de Fomento y Desarrollo Econ\u00f3mico manifest\u00f3 que la dependencia trabaja intensamente para detonar el desarrollo econ\u00f3mico en la entidad, mediante apoyos a las micro, peque\u00f1as y medianas empresas, y el impulso a las actividades industriales, agroindustriales, mineras, artesanales y comerciales, que en n\u00famero representan m\u00e1s de 149 mil unidades de negocio.<\/p>\n<p style=\"text-align: justify;\"><strong>\u00a0<\/strong><\/p>\n<p style=\"text-align: justify;\"><strong>Trabajo y Previsi\u00f3n Social<\/strong><\/p>\n<p style=\"text-align: justify;\">El <a href=\"https:\/\/www.facebook.com\/DipCarlosCruzLopez?__cft__%5b0%5d=AZVCj7ad-BDoMg8WqyaR2Mf6CCn0k7f0026peM3oHJziKWNiS3KfL65ZDKka0udKs9X0C2jgVfr2VCg0SGVyYoi85FTnBX_s3zXRftpbgs3zDhmu5l4lrT099LyIS8_H_43jorCaV-7KMG9hYxtHBQIma3UCSeHFW1P0iLzS4-11hfkCS_QITIOhpCDMM6grCcA&amp;__tn__=-%5dK-R\">diputado Carlos Cruz L\u00f3pez<\/a> (Morena) pregunt\u00f3 al secretario del Trabajo y Previsi\u00f3n Social acerca del mecanismo para dar de baja al personal del sistema laboral pasado, el presupuesto del pr\u00f3ximo a\u00f1o y las estrategias que garanticen el acceso a la justicia a los trabajadores despedidos; y si es viable crear otro Centro de Justicia Laboral en Acapulco.<\/p>\n<p style=\"text-align: justify;\">La diputada <a href=\"https:\/\/www.facebook.com\/GabyBernalR?__cft__%5b0%5d=AZWx8fv47j9UG-W_ZcZEfy2a17CfyT_RgdvQCg6aJs19udeZHWQqW2_K4dKqhaf5Z74BAZ7a8VAFu8Sk-udYQES1LknTizUjKXEicF5Ept8dQIhxmdmM0Be0hQd86-sHmvHgoc19oAb3VE9duw4r6F76vByOYglTrABCHaT2GxcO6qJW_gm2KkI6Fh-6-JMIRlE&amp;__tn__=-%5dK-R\">Gabriela Bernal Res\u00e9ndiz<\/a> (PRI) pidi\u00f3 saber cu\u00e1les son los indicadores de seguimiento, resultados e impacto para evaluar las pol\u00edticas p\u00fablicas con perspectiva de g\u00e9nero implementadas por la dependencia<\/p>\n<p style=\"text-align: justify;\">El diputado <a href=\"https:\/\/www.facebook.com\/www.boj.mx?__cft__%5b0%5d=AZVLcjRvmrI40UVvrOrUBH0GBHYoE42wekXvaYhzYsMZgbFRggSd9z2_clC_CqZf3GmN-UKrEHi4FtrnoxYWUNqGpyK2-QY3-p2vzGd9tOjVBXSQ2Gitwy0XrOmkt4Xe2gURKfxd3J_vXxKmjM64r16KxFaN4kXs7MDVKL7KtRuTOJ2H0s0MJmx5BbqUf8as0Yo&amp;__tn__=-%5dK-R\">Bernardo Ortega Jim\u00e9nez<\/a> (PRD) pregunt\u00f3 cu\u00e1l es la inversi\u00f3n estatal en el Programa de Apoyo al Empleo federal y qu\u00e9 seguimiento dan a los beneficiados. Asimismo, habl\u00f3 de la inconformidad del sector empresarial con los comerciantes informales; en ese sentido, pregunt\u00f3 qu\u00e9 est\u00e1 haciendo la dependencia para resolver la problem\u00e1tica, y tambi\u00e9n pidi\u00f3 saber si el censo de comercio informal se ha incrementado con relaci\u00f3n al 2021, entre otras interrogantes.<\/p>\n<p style=\"text-align: justify;\">El diputado <a href=\"https:\/\/www.facebook.com\/SoyJackoBadillo?__cft__%5b0%5d=AZXTKVj4oS5L5TaQe-ggUcDeSu4bhqDXeAqm8wFSIe2Sa0ECZYDZsdiKFKcIa4n9vUvqriViRzmOy7mpWoBRW8xEToHVQ3845DCq3IxT33FsJ6ThaMNzxLr86a6LxZfyPdkt4AGYPcPRZNzdUCSlkKazMWS2bMSINLskeT9lrSHuhL16FVPURIz7BLQTfPlXB3Y&amp;__tn__=-%5dK-R\">Joaqu\u00edn Badillo<\/a> Escamilla (Morena) hizo referencia al proyecto de Ley para la Creaci\u00f3n de los Centros de Conciliaci\u00f3n Laboral que esta LXIII legislatura aprob\u00f3, y pregunt\u00f3 cu\u00e1les son los avances de la Comisi\u00f3n Ejecutiva para la implementaci\u00f3n de la reforma al Sistema de Justicia Laboral en el estado.<\/p>\n<p style=\"text-align: justify;\">El diputado <a href=\"https:\/\/www.facebook.com\/rafael.navarrete.quezada?__cft__%5b0%5d=AZXA_DDrUEmLOwtALxiGVMQNlWL3TFWfgTZVQu1C6Andez-pGVrtNNQz52P01sIb1iS_3-92Ufs4qpX_5YLq-nG-093EE0R3M9rHD73wvxgbpMBJ0r2HU__d-hjLapOk2RRgoo5UuHiyu8O8Ghq_OD4GUdPQTtM_siC1UidHXfaYifFea0eRLiw-jFkxQdI3Xzw&amp;__tn__=-%5dK-R\">Rafael Navarrete Quezada<\/a> (PRI) pregunt\u00f3 cu\u00e1ntas ferias del empleo se realizaron en la Costa Chica en el 2022, y c\u00f3mo los Servicios Estatal y Nacional del Empleo coordinan acciones con el Instituto de Capacitaci\u00f3n para el Trabajo (ICATEGRO).<\/p>\n<p style=\"text-align: justify;\">El diputado <a href=\"https:\/\/www.facebook.com\/fortunatohercar?__cft__%5b0%5d=AZXdHJiXUUJObkiPvSWx83jf9ClC95L8naVM7GXzN339WcIy106e2Do4S9hELhGjaNTaiUkqV2tEB0AHy3GsdbMuN_EmbPLbYMJeCk8xBasWsdIyZgkeOlS5DgKLYK-KP8gpweR_iXV-ioUmGmziuGhOYMJoVlj3JV_K4GPgO4biJyidmVMqR9MpCGI2uFVQnx4&amp;__tn__=-%5dK-R\">Fortunato Hern\u00e1ndez Carbajal<\/a> (Morena) cuestion\u00f3 sobre las estrategias para abatir la migraci\u00f3n ind\u00edgena interna y externa, y sobre el caso particular de V\u00edctor Ramos, a quien no se le ha cubierto su salario, pese a ser un trabajador de primer nivel adscrito a la Direcci\u00f3n de Turismo Regional en la Costa Grande de Guerrero.<\/p>\n<p style=\"text-align: justify;\">El secretario del Trabajo y Previsi\u00f3n Social inform\u00f3 que este a\u00f1o se atendi\u00f3 a m\u00e1s de 20 mil 600 solicitantes de empleo, de las cuales se coloc\u00f3 a m\u00e1s de 6 mil en diversos empleos, y se siguen promoviendo reuniones con empresas privadas para que contraten a un mayor n\u00famero de guerrerenses, particularmente mujeres.<\/p>\n<p style=\"text-align: justify;\">\n<p style=\"text-align: justify;\"><strong>Turismo<\/strong><\/p>\n<p style=\"text-align: justify;\">La diputada <a href=\"https:\/\/www.facebook.com\/LetiCastroOrtiz?__cft__%5b0%5d=AZVzhEB_Zhgrl7zEdfg62slYES8ti1G9bJSRSqqAwyiGA8OnLnRR6WylHRCqYJyxphxBd3AzH861PseVTEqwOo6IPZMK9YL_y3VynrgGlLtt9JB0U14YgfwVZAghivje0B0LqxPCoaQE87rVHMtNi1LXV7SVRFFM-Jg0vKKP1Ifm1FO6_1yM05ZeIyo7SuyHtgE&amp;__tn__=-%5dK-R\">Leticia Castro Ortiz<\/a> (Morena) pregunt\u00f3 qu\u00e9 nuevas inversiones tur\u00edsticas se registraron durante el primer a\u00f1o; cu\u00e1ntas empresas tur\u00edsticas hay en el estado y cu\u00e1ntas est\u00e1n certificadas con calidad, eficiencia y cuidado de salud; as\u00ed como las acciones que se implementan para lograr un mayor arribo de turistas extranjeros<\/p>\n<p style=\"text-align: justify;\">La diputada <a href=\"https:\/\/www.facebook.com\/AliciaZamoraVillalva?__cft__%5b0%5d=AZUwAPcTw0EceM4A_V6d7F4Dw2BZEfjXT9BbayvnXRW6MrLOOGqcmEKPVKnDWque2x4Fgj_8xyVUzSMh4zqgwBGS3nlFzaaYbhQki3NaFQogodRaDB7zKfht-IgQ59GRrwah4YTXHjiAGvqzrd1ALevWVol3w0eVA7R1Ott9YeJPK86uCMWHWNzCowRd_X8jrtQ&amp;__tn__=-%5dK-R\">Alicia Zamora Villalva<\/a> urgi\u00f3 al secretario de turismo para que genere una estrategia integral e incluyente con todos los actores econ\u00f3micos del sector de turismo en Guerrero, e incorpore la participaci\u00f3n de los gobiernos federal, estatal y municipal en acciones que permitan capitalizar la inversi\u00f3n tur\u00edstica.<\/p>\n<p style=\"text-align: justify;\">El diputado <a href=\"https:\/\/www.facebook.com\/www.boj.mx?__cft__%5b0%5d=AZVLTZLnIu-y1RsrQZc9izPsHJ_61cHdGvMKB9X5g-mpVgTmysW9_LhbEoYxlDQxl8LfmnkL2Ub-INXJU5id2awtCoD7OkPxqSiZTvbEWpEJ9FJxX2TagtkiMzzZsbiCBfIoB04UIosaaiuZMGDCYtqL6GkyN9spcsglgpAH_Nh6UyLlXoMJfuqug0rrskczegg&amp;__tn__=-%5dK-R\">Bernardo Ortega Jim\u00e9nez<\/a> pregunt\u00f3 si un a\u00f1o no ha sido suficiente para concluir el programa sectorial de turismo y tener indicadores que miden la actividad; si por esto, no se medir\u00e1 el desempe\u00f1o de las metas programadas; cu\u00e1l es la estrategia para atraer m\u00e1s turismo; cu\u00e1l fue el monto y proceso de adjudicaci\u00f3n de los juegos pirot\u00e9cnicos del 2021; finalmente las personas alcanzadas por la promoci\u00f3n tur\u00edstica de la entidad en el aeropuerto.<\/p>\n<p style=\"text-align: justify;\">El diputado <a href=\"https:\/\/www.facebook.com\/profile.php?id=100075608005492&amp;__cft__%5b0%5d=AZV__nuX-LZITaWWnGtCJwptPBfBOUubxVGQzlVK2SDlcmv3B1b9qrtRMN9bQNY3gYnkJJEObVkstzU9srVpwKzcZK0iRh55NMjtgr1eAFYuWSigg-OIBrF2bzRx2gnlBTa4s2VkD-B27f8Yvn3WLi2vT_3aTNG1LSkv-q5AUbtyrm4JI31hPOp_xAUcg34hM9Y&amp;__tn__=-%5dK-R\">Jos\u00e9 Efr\u00e9n L\u00f3pez Cortes<\/a> (Morena) pregunt\u00f3 qu\u00e9 ha hecho la secretar\u00eda para incentivar el desarrollo de los destinos tur\u00edsticos de la Costa Chica, y por qu\u00e9 raz\u00f3n no se ha dotado de rompeolas a las playas de esta regi\u00f3n para garantizar la seguridad de los ba\u00f1istas.<\/p>\n<p style=\"text-align: justify;\">La diputada\u00a0<a href=\"https:\/\/www.facebook.com\/GabyBernalR?__tn__=-%5dK*F\">Gabriela Bernal Res\u00e9ndiz<\/a>\u00a0reproch\u00f3 el hecho de que en el informe de gobierno no se menciona el monto de inversi\u00f3n para las actividades de la Secretar\u00eda de Turismo en 2022. Al respecto, pregunt\u00f3 al funcionario en qu\u00e9 rubros o acciones se gastaron los recursos, y sobre la estrategia de recuperaci\u00f3n tras la pandemia de Covid-19, los eventos de talla internacional que se realizaron, y el costo de las campa\u00f1as publicitarias.<\/p>\n<p style=\"text-align: justify;\">La diputada <a href=\"https:\/\/www.facebook.com\/Ana-Lenis-Resendiz-Javier-115717244450615\/?__cft__%5b0%5d=AZX8yXO_2VXkm2KYAajv6NrDYlqHHR3Z28NSNY5OiNvsGPToSgvN5_xiVZw3XjRC_sm7EgkoVWER7wXdJ2UjL8osYyi70te6YPgJejmlM_3QYFjM2hYRIm_1LtsPjr0qrEBeF2-531-7J_h5Uv03ZdeEhdggPSVWZrcC0iw87CqP68p3RLfgtWDvU8PoFESP-BQ&amp;__tn__=kK-R\">Ana Lenis Res\u00e9ndiz Javier<\/a> (PAN) lament\u00f3 el abandono en el que se encuentra el Centro Internacional Acapulco, y pregunt\u00f3 sobre los planes para su rehabilitaci\u00f3n. Adem\u00e1s, solicit\u00f3 informaci\u00f3n sobre las acciones generadas para hacer frente a las alertas de viaje de Estados Unidos.<\/p>\n<p style=\"text-align: justify;\">El\u00a0diputado Carlos Cruz L\u00f3pez\u00a0pregunt\u00f3 sobre las estrategias para la capacitaci\u00f3n y certificaci\u00f3n de los prestadores de servicios tur\u00edsticos, y qu\u00e9 acciones se implementan para la regulaci\u00f3n de la oferta de alojamiento extra hotelero.<\/p>\n<p style=\"text-align: justify;\">El diputado Rafael Navarrete Quezada cuestion\u00f3 que no se haya logrado contar en la Costa Chica con un \u201cBlue Flag\u201d. Pregunt\u00f3 tambi\u00e9n qu\u00e9 se est\u00e1 haciendo para que las inversiones en turismo detonen m\u00e1s actividad econ\u00f3mica, y qu\u00e9 se pretende hacer con el Convenio del Parten\u00f3n de Zihuatanejo.<\/p>\n<p style=\"text-align: justify;\">En su calidad de presidente de la Comisi\u00f3n de Desarrollo Econ\u00f3mico del Congreso, y quien presidi\u00f3 esta sesi\u00f3n de comparecencia, el diputado Ociel Hugar Garc\u00eda dijo que existen muchas alternativas para detonar el desarrollo de Guerrero, comenzando por el turismo y el campo. En ese sentido, afirm\u00f3 que se requiere invertir en infraestructura carretera para tener un buen acceso a las playas, y que estas necesitan un trabajo de rehabilitaci\u00f3n, a trav\u00e9s de escolleras y dragados, para hacerlas m\u00e1s atractivas al turismo.<\/p>\n<p style=\"text-align: justify;\">El secretario de Turismo reconoci\u00f3 que no se ha tenido muchos avances en este rubro, pero se\u00f1al\u00f3 que se est\u00e1n realizando diversas acciones para atraer a m\u00e1s visitantes a los diversos destinos tur\u00edsticos de Guerrero.<\/p>\n","protected":false},"excerpt":{"rendered":"<p>Chilpancingo, Gro., 24 de noviembre de 2022.- Diputadas y diputados de la LXIII Legislatura se pronunciaron a favor de un trabajo coordinado entre las dependencias estatales y el Congreso para que Guerrero logre un mayor desarrollo econ\u00f3mico, m\u00e1s generaci\u00f3n de empleos y recuperaci\u00f3n del turismo. Esto durante las comparecencias de la secretaria de Fomento y&#8230;<\/p>\n","protected":false},"author":1,"featured_media":5686,"comment_status":"closed","ping_status":"open","sticky":false,"template":"","format":"standard","meta":{"_monsterinsights_skip_tracking":false,"_monsterinsights_sitenote_active":false,"_monsterinsights_sitenote_note":"","_monsterinsights_sitenote_category":0,"footnotes":""},"categories":[3],"tags":[],"class_list":["post-5685","post","type-post","status-publish","format-standard","has-post-thumbnail","hentry","category-boletin"],"aioseo_notices":[],"_links":{"self":[{"href":"https:\/\/congresogro.gob.mx\/63\/inicio\/wp-json\/wp\/v2\/posts\/5685","targetHints":{"allow":["GET"]}}],"collection":[{"href":"https:\/\/congresogro.gob.mx\/63\/inicio\/wp-json\/wp\/v2\/posts"}],"about":[{"href":"https:\/\/congresogro.gob.mx\/63\/inicio\/wp-json\/wp\/v2\/types\/post"}],"author":[{"embeddable":true,"href":"https:\/\/congresogro.gob.mx\/63\/inicio\/wp-json\/wp\/v2\/users\/1"}],"replies":[{"embeddable":true,"href":"https:\/\/congresogro.gob.mx\/63\/inicio\/wp-json\/wp\/v2\/comments?post=5685"}],"version-history":[{"count":1,"href":"https:\/\/congresogro.gob.mx\/63\/inicio\/wp-json\/wp\/v2\/posts\/5685\/revisions"}],"predecessor-version":[{"id":5687,"href":"https:\/\/congresogro.gob.mx\/63\/inicio\/wp-json\/wp\/v2\/posts\/5685\/revisions\/5687"}],"wp:featuredmedia":[{"embeddable":true,"href":"https:\/\/congresogro.gob.mx\/63\/inicio\/wp-json\/wp\/v2\/media\/5686"}],"wp:attachment":[{"href":"https:\/\/congresogro.gob.mx\/63\/inicio\/wp-json\/wp\/v2\/media?parent=5685"}],"wp:term":[{"taxonomy":"category","embeddable":true,"href":"https:\/\/congresogro.gob.mx\/63\/inicio\/wp-json\/wp\/v2\/categories?post=5685"},{"taxonomy":"post_tag","embeddable":true,"href":"https:\/\/congresogro.gob.mx\/63\/inicio\/wp-json\/wp\/v2\/tags?post=5685"}],"curies":[{"name":"wp","href":"https:\/\/api.w.org\/{rel}","templated":true}]}}