{"id":5680,"date":"2022-11-23T12:57:21","date_gmt":"2022-11-23T18:57:21","guid":{"rendered":"https:\/\/congresogro.gob.mx\/63\/inicio\/?p=5680"},"modified":"2022-11-24T12:58:53","modified_gmt":"2022-11-24T18:58:53","slug":"llaman-a-reforzar-el-trabajo-de-la-secretaria-de-bienestar-para-abatir-los-indices-de-pobreza-en-guerrero","status":"publish","type":"post","link":"https:\/\/congresogro.gob.mx\/63\/inicio\/2022\/11\/23\/llaman-a-reforzar-el-trabajo-de-la-secretaria-de-bienestar-para-abatir-los-indices-de-pobreza-en-guerrero\/","title":{"rendered":"LLAMAN A REFORZAR EL TRABAJO DE LA SECRETAR\u00cdA DE BIENESTAR PARA ABATIR LOS \u00cdNDICES DE POBREZA EN GUERRERO"},"content":{"rendered":"<p style=\"text-align: justify;\"><strong>Chilpancingo, Gro., 23 de noviembre de 2022.-<\/strong> Diputadas y diputados locales llamaron a la titular de la Secretar\u00eda de Desarrollo y Bienestar Social del Gobierno del Estado, Mar\u00eda del Carmen Cabrera Lagunas, a reforzar el trabajo de la dependencia para abatir los altos \u00edndices de pobreza, marginaci\u00f3n y desigualdad, a trav\u00e9s de la implementaci\u00f3n de programas a lo largo y ancho de la entidad.<\/p>\n<p style=\"text-align: justify;\">Lo anterior durante la comparecencia desarrollada ante el Pleno del Congreso del Estado con motivo de la Glosa del Primer Informe de Labores de la gobernadora Evelyn Cecia Salgado Pineda.<\/p>\n<p style=\"text-align: justify;\">Inici\u00f3 la ronda de preguntas la diputada Marben de la Cruz Santiago (Morena), externando la importancia de reforzar las acciones de combate a la desigualdad y la pobreza en comunidades ind\u00edgenas y afromexicanas de Guerrero.<\/p>\n<p style=\"text-align: justify;\">Al respecto, pregunt\u00f3 qu\u00e9 programas fueron reorientados por parte de la secretar\u00eda en beneficio de estos sectores, y en espec\u00edfico a las mujeres.<\/p>\n<p style=\"text-align: justify;\">Por su parte, la diputada Jennyfer Garc\u00eda Lucena (PRD) llam\u00f3 la atenci\u00f3n de que en la s\u00edntesis del informe la cifra de personas con discapacidad es menor a la del padr\u00f3n del INEGI, por lo cual pregunt\u00f3 de d\u00f3nde obtuvo la dependencia los datos definitivos.<\/p>\n<p style=\"text-align: justify;\">Se refiri\u00f3, asimismo, al programa de rehabilitaci\u00f3n de escuelas de nivel b\u00e1sico, que presenta subejercicio, y tambi\u00e9n pregunt\u00f3 sobre qu\u00e9 hace la dependencia para evitar duplicidad de apoyos en los programas de adultos mayores.<\/p>\n<p style=\"text-align: justify;\">En su oportunidad, la diputada Julieta Fern\u00e1ndez M\u00e1rquez (PRI) pidi\u00f3 informaci\u00f3n sobre el subejercicio de recursos del Fondo de Infraestructura Social para las Entidades (FISE), e interrog\u00f3 si est\u00e1 funcionando el Consejo Guerrerense para el Desarrollo y Superaci\u00f3n de la Pobreza, y cu\u00e1ntos de estos consejos regionales y municipales se han instalado.<\/p>\n<p style=\"text-align: justify;\">La diputada reconoci\u00f3 la importancia de que la administraci\u00f3n estatal se haya abocado en la atenci\u00f3n de la alta vulnerabilidad, pero insisti\u00f3 en que no hay explicaci\u00f3n al subejercicio de recursos, ante tanta necesidad.<\/p>\n<p style=\"text-align: justify;\">La diputada Claudia Sierra P\u00e9rez (Morena) hizo cuestionamientos en torno a los criterios y par\u00e1metros de medici\u00f3n de la pobreza y pobreza extrema, con los que se determinan los municipios y comunidades beneficiarias de los diferentes programas sociales. En ese sentido, cuestion\u00f3 el por qu\u00e9 municipios de la Costa Chica y Monta\u00f1a han sido relegados de estos apoyos.<\/p>\n<p style=\"text-align: justify;\">Adem\u00e1s, reproch\u00f3 la falta de respuesta a un oficio girado por la Comisi\u00f3n de Desarrollo y Bienestar Social del Congreso de Guerrero, y ante cuya negativa se estar\u00eda incurriendo en una responsabilidad pol\u00edtica por parte de la funcionaria.<\/p>\n<p style=\"text-align: justify;\">La diputada Flor A\u00f1orve Ocampo (PRI) pidi\u00f3 conocer las reglas de operaci\u00f3n de diversos programas alimentarios, de becas y para grupos vulnerables, as\u00ed como el universo de personas que han sido beneficiadas en la entidad.<\/p>\n<p style=\"text-align: justify;\">Tambi\u00e9n pidi\u00f3 conocer las estrategias de la planificaci\u00f3n y el seguimiento de los resultados de las acciones realizadas en coordinaci\u00f3n con el Consejo de Pol\u00edticas P\u00fablicas, entre otros cuestionamientos.<\/p>\n<p style=\"text-align: justify;\">Por \u00faltimo, el diputado Carlos Cruz L\u00f3pez (Morena) pregunt\u00f3 cu\u00e1ntas de las acciones de vivienda del Fondo de Infraestructura Social para las entidades corresponden a la Costa Grande, y con la reducci\u00f3n de la edad de los beneficiarios de Pensi\u00f3n Guerrero, en qu\u00e9 porcentaje creci\u00f3 el padr\u00f3n.<\/p>\n<p style=\"text-align: justify;\">Asimismo, interrog\u00f3 en relaci\u00f3n a las becas Ignacio Manuel Altamirano, y si existe un programa de becas para personas con discapacidad que se encuentren estudiando.<\/p>\n<p style=\"text-align: justify;\">En su intervenci\u00f3n, la secretaria de Desarrollo Social refiri\u00f3 que desde que inici\u00f3 la administraci\u00f3n se ha trabajado en una pol\u00edtica social integral que responda a las grandes necesidades y rezagos, dando paso a una estrategia integral y focalizada que sentar\u00e1 las bases del desarrollo y bienestar en las zonas de mayor pobreza.<\/p>\n<p style=\"text-align: justify;\">Remarc\u00f3 que lo que se busca es el desarrollo sostenible, sustentable e incluyente, que d\u00e9 paso a la justicia social, como ejes transversales para las y los guerrerenses.<\/p>\n<p style=\"text-align: justify;\">Adem\u00e1s, abund\u00f3 sobre los programas que lleva a cabo la dependencia para beneficiar a la ciudadan\u00eda como el de la vivienda, Comunidades del Bienestar con Felicidad, rehabilitaci\u00f3n de escuelas de nivel b\u00e1sico, Pensi\u00f3n Guerrero, becas Ignacio Manuel Altamirano, de apoyo a las mujeres en estado de vulnerabilidad, pensi\u00f3n universal a personas con discapacidad, de alimentaci\u00f3n sustentable a ni\u00f1as y ni\u00f1os de nivel b\u00e1sico, de desarrollo humano y comunitario, y el Fondo de Apoyo a Periodistas.<\/p>\n","protected":false},"excerpt":{"rendered":"<p>Chilpancingo, Gro., 23 de noviembre de 2022.- Diputadas y diputados locales llamaron a la titular de la Secretar\u00eda de Desarrollo y Bienestar Social del Gobierno del Estado, Mar\u00eda del Carmen Cabrera Lagunas, a reforzar el trabajo de la dependencia para abatir los altos \u00edndices de pobreza, marginaci\u00f3n y desigualdad, a trav\u00e9s de la implementaci\u00f3n de&#8230;<\/p>\n","protected":false},"author":1,"featured_media":5681,"comment_status":"closed","ping_status":"open","sticky":false,"template":"","format":"standard","meta":{"_monsterinsights_skip_tracking":false,"_monsterinsights_sitenote_active":false,"_monsterinsights_sitenote_note":"","_monsterinsights_sitenote_category":0,"footnotes":""},"categories":[3],"tags":[],"class_list":["post-5680","post","type-post","status-publish","format-standard","has-post-thumbnail","hentry","category-boletin"],"aioseo_notices":[],"_links":{"self":[{"href":"https:\/\/congresogro.gob.mx\/63\/inicio\/wp-json\/wp\/v2\/posts\/5680","targetHints":{"allow":["GET"]}}],"collection":[{"href":"https:\/\/congresogro.gob.mx\/63\/inicio\/wp-json\/wp\/v2\/posts"}],"about":[{"href":"https:\/\/congresogro.gob.mx\/63\/inicio\/wp-json\/wp\/v2\/types\/post"}],"author":[{"embeddable":true,"href":"https:\/\/congresogro.gob.mx\/63\/inicio\/wp-json\/wp\/v2\/users\/1"}],"replies":[{"embeddable":true,"href":"https:\/\/congresogro.gob.mx\/63\/inicio\/wp-json\/wp\/v2\/comments?post=5680"}],"version-history":[{"count":1,"href":"https:\/\/congresogro.gob.mx\/63\/inicio\/wp-json\/wp\/v2\/posts\/5680\/revisions"}],"predecessor-version":[{"id":5682,"href":"https:\/\/congresogro.gob.mx\/63\/inicio\/wp-json\/wp\/v2\/posts\/5680\/revisions\/5682"}],"wp:featuredmedia":[{"embeddable":true,"href":"https:\/\/congresogro.gob.mx\/63\/inicio\/wp-json\/wp\/v2\/media\/5681"}],"wp:attachment":[{"href":"https:\/\/congresogro.gob.mx\/63\/inicio\/wp-json\/wp\/v2\/media?parent=5680"}],"wp:term":[{"taxonomy":"category","embeddable":true,"href":"https:\/\/congresogro.gob.mx\/63\/inicio\/wp-json\/wp\/v2\/categories?post=5680"},{"taxonomy":"post_tag","embeddable":true,"href":"https:\/\/congresogro.gob.mx\/63\/inicio\/wp-json\/wp\/v2\/tags?post=5680"}],"curies":[{"name":"wp","href":"https:\/\/api.w.org\/{rel}","templated":true}]}}