{"id":5677,"date":"2022-11-23T12:55:37","date_gmt":"2022-11-23T18:55:37","guid":{"rendered":"https:\/\/congresogro.gob.mx\/63\/inicio\/?p=5677"},"modified":"2022-11-24T12:57:02","modified_gmt":"2022-11-24T18:57:02","slug":"urge-el-congreso-a-titular-de-sagadegro-para-elevar-la-productividad-del-campo-y-potenciar-el-desarrollo-de-guerrero","status":"publish","type":"post","link":"https:\/\/congresogro.gob.mx\/63\/inicio\/2022\/11\/23\/urge-el-congreso-a-titular-de-sagadegro-para-elevar-la-productividad-del-campo-y-potenciar-el-desarrollo-de-guerrero\/","title":{"rendered":"URGE EL CONGRESO A TITULAR DE SAGADEGRO PARA ELEVAR LA PRODUCTIVIDAD DEL CAMPO Y POTENCIAR EL DESARROLLO DE GUERRERO"},"content":{"rendered":"<p style=\"text-align: justify;\"><strong>Chilpancingo, Gro., 23 de noviembre de 2022.-<\/strong> Diputadas y diputados coincidieron en que es indispensable mejorar la producci\u00f3n, industrializaci\u00f3n y comercializaci\u00f3n agropecuaria para no s\u00f3lo brindar seguridad alimentaria a Guerrero, sino potenciar su desarrollo econ\u00f3mico en favor de todos los sectores, ante lo cual exhortaron al secretario de Ganader\u00eda, Desarrollo Agropecuario y Pesquero en el estado, Alejandro Zepeda Castorena, para continuar implementando pol\u00edticas p\u00fablicas con mejor enfoque y gran calado en beneficio de los campesinos, ganaderos y pescadores.<\/p>\n<p style=\"text-align: justify;\">En la comparecencia del funcionario estatal con motivo de la Glosa del Primer Informe de Actividades de la gobernadora Evelyn Cecia Salgado Pineda, las y los legisladores enfatizaron en que tambi\u00e9n es necesario aumentar los recursos destinados al sector rural en el presupuesto del pr\u00f3ximo a\u00f1o.<\/p>\n<p style=\"text-align: justify;\">Inici\u00f3 con los cuestionamientos el diputado Marco Tulio S\u00e1nchez Alarc\u00f3n (Morena), se\u00f1alando que el desarrollo del campo es vital para Guerrero debido a que m\u00e1s del 70 por ciento del territorio es dedicado a la actividad agropecuaria.<\/p>\n<p style=\"text-align: justify;\">Pregunt\u00f3, en ese sentido, si todo el recurso asignado por este Congreso para el presente ejercicio fiscal ha sido aplicado en el sector.<\/p>\n<p style=\"text-align: justify;\">El diputado <a href=\"https:\/\/www.facebook.com\/EstebanAlbarranM?__cft__%5b0%5d=AZUDPuiitiWQBASgqkWznK5RJZx8T4DUU5igu2lSsxEzBn7UkA7A3_8YFU3L93Ik2n-nqV4QIBVu-isOISnaXYHJ9MzNWO5H65bqW4jh23m_n5cWUyAeow0CGzROzp2sEWH9fBimR43sAbhgt3YMS5hLsiBmT4yVZx0-i8W1wBoPC1G5fcCPLD3HTYht2iFds0M&amp;__tn__=-%5dK-R\">Esteban Albarr\u00e1n Mendoza<\/a> (PRI) dijo por su parte que son preocupantes los subejercicios de recursos en la dependencia, especificando que de los 216 millones de pesos autorizados para dar cobertura a las acciones de 14 Programas en beneficio directo a productores agropecuarios, solo se han ejercido 22.5 millones, entre otros programas cuyo ejercicio de recursos es casi nulo. Ante esto, pregunt\u00f3 c\u00f3mo se ejercer\u00e1n cerca de 200 millones en los pr\u00f3ximos 37 d\u00edas.<\/p>\n<p style=\"text-align: justify;\">Por el PRD, el diputado <a href=\"https:\/\/www.facebook.com\/carlosreyestor?__cft__%5b0%5d=AZWNGWvz_XYLDkl1dMzQMfXxV6FtRtRUH1vY_USkl0CWbrAITsNTYDIyvrR2GTrL4h8onAU8eayZUV7T7mzMkmGrvCzOrTqyqftCYAw4aqQZ_96M6YLpd7gb4C--dkpOPR0DAKCnmvSaF7JEaX-fUbpraE8JfKLjQDkdxix9LPJs0Ygpp-XdVCoBDqWl3dsUSFY&amp;__tn__=-%5dK-R\">Carlos Reyes Torres<\/a> reproch\u00f3 que los resultados que arroja esta dependencia en este primer a\u00f1o de gobierno no son alentadores, aunque se dijo consciente de que el funcionario apenas inicia en la responsabilidad, por lo cual le dio un voto de confianza.<\/p>\n<p style=\"text-align: justify;\">Luego pidi\u00f3 abundar sobre el n\u00famero de agricultores beneficiados con el Programa Impulso a la productividad y Producci\u00f3n Agroecol\u00f3gica; los resultados del Programa de Apoyo a las Cadenas Agroalimentarias; los apoyos otorgados en materia de ganader\u00eda y la movilizaci\u00f3n zoosanitaria, as\u00ed como los apoyos a pescadores y acuicultores.<\/p>\n<p style=\"text-align: justify;\">El diputado <a href=\"https:\/\/www.facebook.com\/profile.php?id=100063205392261&amp;__cft__%5b0%5d=AZUZL0RIXlg9tyGV0pG19yWPP91vbYm7vYITnIVKSoIdXj_0HQGVCI1RpGLMFcPytZcaWfuB_3k-Xy-bEe2NJNm39hVLXxJMpAAwTMrWEV6PzaVsQU3dxMmDZhzkRQv21zW2EyakvvngnQhEJi2hgYnVv3YPQtFUQGpGbG-J34x_xsIAlSP1LSfdg-ptokW5hj0&amp;__tn__=-%5dK-R\">Manuel Qui\u00f1\u00f3nez<\/a> Cort\u00e9s (PVEM) hizo cuestionamientos en torno a la operaci\u00f3n, retos y avances del programa Sembrado Vida en Guerrero, y los mecanismos de supervisi\u00f3n para garantizar que este apoyo llega a los beneficiarios.<\/p>\n<p style=\"text-align: justify;\">El diputado <a href=\"https:\/\/www.facebook.com\/OlaguerHF?__cft__%5b0%5d=AZVlXqsFyN_CIYVeu8iUyQuTL8Ou3Kz-giEuzmz0bhq0jYQOSKlhmImX7JuO_0w-aIFZtKE-8y6eiYDkk4Uwdz_ZQw8SuQ4AiEqWH418nUh9tBLOzc8dGNRewfJ7NM3nR3cTkatGp0XFj_N5jFyO8Pnhutos4nzoMIplTGHUrBZbGm9WcdTVwvDUOt82OLoJtxw&amp;__tn__=-%5dK-R\">Olaguer Hern\u00e1ndez Flores<\/a> (PRI) pidi\u00f3 conocer el estatus financiero de la dependencia (presupuesto ejercido, por ejercer y el ejercido con inversi\u00f3n estatal directa), as\u00ed como los criterios de selecci\u00f3n para los programas de Producci\u00f3n Agroecol\u00f3gica, Programa Impulso a la Productividad, Programa de Extensionismo, Desarrollo de Capacidades y Asociaci\u00f3n Productiva; y si se hizo p\u00fablico el padr\u00f3n de beneficiarios.<\/p>\n<p style=\"text-align: justify;\">En su oportunidad, el diputado <a href=\"https:\/\/www.facebook.com\/AntonioHelgueraJ?__cft__%5b0%5d=AZVpfGvYmV2XvTb1wwCj0xBqhG5N9rybcGv5kDdMDtpNQPWUMo2wKMqUTX-iICb5qskb3cVjBTUbnUTNRbN7DWte8TSueFW4FnmmM-Af1jTK0TC9eQor1CpH17rfySHA1ALWJoy7rpErF6_jVZOEBuOJno4L4q-SA1QwCFr-m6d20zJCoZ75EMFRYg2aRAOTqQM&amp;__tn__=-%5dK-R\">Antonio Helguera Jim\u00e9nez<\/a> (Morena) pregunt\u00f3 los\u00a0 avances de los programas del gobierno estatal para mejorar la producci\u00f3n agropecuaria y reducir la pobreza alimentaria de las familias del campo; qu\u00e9 productos agropecuarios son superavitarios en Guerrero; si todos los productores acceden a los programas destinados al campo, y si las reglas de operaci\u00f3n son amigables y de f\u00e1cil acceso. Adem\u00e1s, le pidi\u00f3 precisar si hay seguros agr\u00edcolas contratados para casos de siniestros.<\/p>\n<p style=\"text-align: justify;\">Luego de hacer un llamado para que la SAGADEGRO realice un ejercicio de planeaci\u00f3n que visibilice las problem\u00e1ticas reales del campo guerrerense, la diputada <a href=\"https:\/\/www.facebook.com\/profile.php?id=100076222897427&amp;__cft__%5b0%5d=AZXWO9fRgncrRGP3sNY8pBgD8PV7Ndr3MR3YJltEWzS_eludivHOIU04UIG3VtZ5EPF87Vl3vxSGv-ggE2mQrVXdywKR-F8vZnFQFbFqY10pevIiFjAmBqQwGZGYfBSsXi-Ck-YDrQHQtGR9LpXxGmPFti8CNCoWFrj7tsjayXC-pTK7l5vHS6J86x4sytB9MO4&amp;__tn__=-%5dK-R\">Yanelly Hern\u00e1ndez<\/a> Mart\u00ednez (PRD) pidi\u00f3 conocer la superficie sembrada, cu\u00e1ntas toneladas de ma\u00edz se cosecharon, el impacto para las y los guerrerenses por el incremento de producci\u00f3n, y si se da precio de garant\u00eda a los productores.<\/p>\n<p style=\"text-align: justify;\">Adem\u00e1s, pregunt\u00f3 sobre los apoyos y el monto otorgado a los productores de caf\u00e9, y cuestion\u00f3 si se realiz\u00f3 el diagn\u00f3stico para identificar las problem\u00e1ticas y necesidades del campo en cada municipio, sus resultados, as\u00ed como los alcances para el pr\u00f3ximo a\u00f1o.<\/p>\n<p style=\"text-align: justify;\">El diputado Osbaldo R\u00edos Manrique (Morena) solicit\u00f3 informaci\u00f3n acerca de los criterios de asignaci\u00f3n de recursos de programas de apoyo a agricultores y su impacto en las familias de alta marginaci\u00f3n. Tambi\u00e9n pregunt\u00f3 sobre las estrategias de coordinaci\u00f3n interinstitucional para lograr que los productos certificados puedan ser incluidos en el mercado nacional e internacional.<\/p>\n<p style=\"text-align: justify;\">Mientras que el diputado Alfredo S\u00e1nchez Esquivel (Morena) indic\u00f3 que el sector requiere de muchas acciones. En ese sentido, indic\u00f3 que la LXIII Legislatura aprob\u00f3 un fondo de garant\u00eda para atender y apalancar actividades agr\u00edcolas y ganaderas. De esto, pregunt\u00f3 cu\u00e1nto recurso fue liberado. Cuestion\u00f3 tambi\u00e9n acerca del seguro sanitario que permita a los ganaderos competir tanto a nivel nacional como internacional. Abord\u00f3 tambi\u00e9n la necesidad de tecnificar el campo para poder ser competitivos en el sector, no s\u00f3lo en producci\u00f3n, sino en la comercializaci\u00f3n.<\/p>\n<p style=\"text-align: justify;\">En su intervenci\u00f3n, el secretario dijo que actualmente la dependencia se encuentra en una revisi\u00f3n puntual de los recursos que se han ejercido y los que no, y se trabaja con la Secretar\u00eda de Finanzas y Administraci\u00f3n y de Planeaci\u00f3n para ver la disponibilidad de los mismos y continuar su dispersi\u00f3n en apoyo a al campo.<\/p>\n<p style=\"text-align: justify;\">Asimismo, extern\u00f3 la importancia de crear mecanismos que garanticen las condiciones ideales para la estabilidad de la poblaci\u00f3n guerrerense, mediante el impulso a la producci\u00f3n, la transformaci\u00f3n y la comercializaci\u00f3n de los productos agropecuarios, pesqueros y acu\u00edcolas.<\/p>\n","protected":false},"excerpt":{"rendered":"<p>Chilpancingo, Gro., 23 de noviembre de 2022.- Diputadas y diputados coincidieron en que es indispensable mejorar la producci\u00f3n, industrializaci\u00f3n y comercializaci\u00f3n agropecuaria para no s\u00f3lo brindar seguridad alimentaria a Guerrero, sino potenciar su desarrollo econ\u00f3mico en favor de todos los sectores, ante lo cual exhortaron al secretario de Ganader\u00eda, Desarrollo Agropecuario y Pesquero en el&#8230;<\/p>\n","protected":false},"author":1,"featured_media":5678,"comment_status":"closed","ping_status":"open","sticky":false,"template":"","format":"standard","meta":{"_monsterinsights_skip_tracking":false,"_monsterinsights_sitenote_active":false,"_monsterinsights_sitenote_note":"","_monsterinsights_sitenote_category":0,"footnotes":""},"categories":[3],"tags":[],"class_list":["post-5677","post","type-post","status-publish","format-standard","has-post-thumbnail","hentry","category-boletin"],"aioseo_notices":[],"_links":{"self":[{"href":"https:\/\/congresogro.gob.mx\/63\/inicio\/wp-json\/wp\/v2\/posts\/5677","targetHints":{"allow":["GET"]}}],"collection":[{"href":"https:\/\/congresogro.gob.mx\/63\/inicio\/wp-json\/wp\/v2\/posts"}],"about":[{"href":"https:\/\/congresogro.gob.mx\/63\/inicio\/wp-json\/wp\/v2\/types\/post"}],"author":[{"embeddable":true,"href":"https:\/\/congresogro.gob.mx\/63\/inicio\/wp-json\/wp\/v2\/users\/1"}],"replies":[{"embeddable":true,"href":"https:\/\/congresogro.gob.mx\/63\/inicio\/wp-json\/wp\/v2\/comments?post=5677"}],"version-history":[{"count":1,"href":"https:\/\/congresogro.gob.mx\/63\/inicio\/wp-json\/wp\/v2\/posts\/5677\/revisions"}],"predecessor-version":[{"id":5679,"href":"https:\/\/congresogro.gob.mx\/63\/inicio\/wp-json\/wp\/v2\/posts\/5677\/revisions\/5679"}],"wp:featuredmedia":[{"embeddable":true,"href":"https:\/\/congresogro.gob.mx\/63\/inicio\/wp-json\/wp\/v2\/media\/5678"}],"wp:attachment":[{"href":"https:\/\/congresogro.gob.mx\/63\/inicio\/wp-json\/wp\/v2\/media?parent=5677"}],"wp:term":[{"taxonomy":"category","embeddable":true,"href":"https:\/\/congresogro.gob.mx\/63\/inicio\/wp-json\/wp\/v2\/categories?post=5677"},{"taxonomy":"post_tag","embeddable":true,"href":"https:\/\/congresogro.gob.mx\/63\/inicio\/wp-json\/wp\/v2\/tags?post=5677"}],"curies":[{"name":"wp","href":"https:\/\/api.w.org\/{rel}","templated":true}]}}