{"id":5674,"date":"2022-11-23T12:53:49","date_gmt":"2022-11-23T18:53:49","guid":{"rendered":"https:\/\/congresogro.gob.mx\/63\/inicio\/?p=5674"},"modified":"2022-11-24T12:55:23","modified_gmt":"2022-11-24T18:55:23","slug":"comparece-ante-el-pleno-del-congreso-la-secretaria-de-desarrollo-urbano-obras-publicas-y-ordenamiento-territorial","status":"publish","type":"post","link":"https:\/\/congresogro.gob.mx\/63\/inicio\/2022\/11\/23\/comparece-ante-el-pleno-del-congreso-la-secretaria-de-desarrollo-urbano-obras-publicas-y-ordenamiento-territorial\/","title":{"rendered":"COMPARECE ANTE EL PLENO DEL CONGRESO LA SECRETARIA DE DESARROLLO URBANO, OBRAS P\u00daBLICAS Y ORDENAMIENTO TERRITORIAL"},"content":{"rendered":"<p style=\"text-align: justify;\"><strong>Chilpancingo, Gro., 23 de noviembre de 2022.-<\/strong> En el marco de la Glosa del Primer Informe de Gobierno, compareci\u00f3 este mi\u00e9rcoles ante el Congreso del Estado la titular de la Secretar\u00eda de Desarrollo Urbano, Obras P\u00fablicas y Ordenamiento Territorial, Irene Jim\u00e9nez Montiel, quien fue interrogada sobre los avances del proyecto de obra p\u00fablica para el presente a\u00f1o, las obras de mayor impacto que han sido concluidas, as\u00ed como los alcances del plan de mejoramiento urbano y ordenamiento territorial en la entidad.<\/p>\n<p style=\"text-align: justify;\">Asimismo, las y los legisladores de todos los grupos parlamentario y representaciones preguntaron sobre la infraestructura carretera lograda a lo largo y ancho de la entidad, las plantas tratadoras de agua residuales que se realizan, y el estado que guarda la demolici\u00f3n y reconstrucci\u00f3n de la Biblioteca de este Poder Legislativo.<\/p>\n<p style=\"text-align: justify;\">Abri\u00f3 la primera ronda de preguntas el diputado <a href=\"https:\/\/www.facebook.com\/profile.php?id=100075608005492&amp;__cft__%5b0%5d=AZX7owcs0oyiSwmdxQ0O27PTrBrkZSvWbarE-LOfS1hxXwp-WTj64McqyYwJssnpgyODomNUPaGjWQHKmG7dX7YOCpZJNGlvKGodkV9ES7Xqi_uYDEmHuB8b3rSHx85LeYyjrclZarlb1RuSuJF68iXvTvXccBoTY18IHa2r9VP2L0bsvP1jN-nLuqHA93xIgVQ&amp;__tn__=-%5dK-R\">Jos\u00e9 Efr\u00e9n L\u00f3pez Cort\u00e9s<\/a> (Morena), cuestionando que las carreteras que a\u00f1o con a\u00f1o se construyen en corto necesitan de mantenimiento, debido a que son hechas con p\u00e9simos materiales. En ese sentido, pregunt\u00f3 sobre los mecanismos para combatir la corrupci\u00f3n en la asignaci\u00f3n de contratos de obra, c\u00f3mo se da la supervisi\u00f3n de las mismas y las sanciones que se aplican.<\/p>\n<p style=\"text-align: justify;\">Pregunt\u00f3, asimismo, sobre los proyectos de obra p\u00fablica aprobados por este Congreso durante 2022 que fueron reasignados, y cu\u00e1l fue la justificaci\u00f3n para hacerlo.<\/p>\n<p style=\"text-align: justify;\">La diputada <a href=\"https:\/\/www.facebook.com\/GabyBernalR?__cft__%5b0%5d=AZXfNbTdI7nwSjkxyX56pvyryZbGJaDXcm9-9vDX4XCk9pyPFPmAMcCnwJy9K6aqtGmQ4gTttNGz8T37QE3ELy-VKa8EiolV3dVVjS3DdhAOKw2byNWcLaUl8WpEro-4Gk12MlBC-5ybdAH39UT8QlJZhLBXzUZUk-M_NWAa8c2SiN5x3ELWGpQhbXFhbyXvXcU&amp;__tn__=-%5dK-R\">Gabriela Bernal Res\u00e9ndiz<\/a> (PRI) pregunt\u00f3 por su parte sobre el avance f\u00edsico y financiero que tienen las obras a cargo de la secretar\u00eda en el presente ejercicio fiscal; el importe del presupuesto pendiente por ejercer, y si el avance al d\u00eda de hoy es acorde a lo estipulado por la Ley Federal de Disciplina Financiera.<\/p>\n<p style=\"text-align: justify;\">Respecto a los caminos artesanales, pregunt\u00f3 qu\u00e9 papel juega la secretar\u00eda y la Comisi\u00f3n de Infraestructura Carretera en el Convenio de Ejecuci\u00f3n de Caminos Artesanales, y qu\u00e9 tiempo de vida \u00fatil se estima a los mismos, entre otras interrogantes.<\/p>\n<p style=\"text-align: justify;\">En torno a la reasignaci\u00f3n de obras, el diputado <a href=\"https:\/\/www.facebook.com\/www.boj.mx?__cft__%5b0%5d=AZUXxNiMlwDV4V7K-6YxNynL-TV-Qs0tkayZI2T7NcTzg9Gdb4ry2Q6ZU08LOUC7_i4duncnMqNaOB71AFG_7OD77AnysjJJ1rWpQTPu_zX5RIuwqHZybmW3eoEWn2ySlwIS-ZmjfqEsBuNvcSyQD21IROqycdTo6yaTOLJ942hQpTuVO1bvCdn6q2nE6dJ65QQ&amp;__tn__=-%5dK-R\">Bernardo Ortega Jim\u00e9nez<\/a> (PRD) pregunt\u00f3 si no se incurrir\u00e1 en subejercicio por las 86 obras que est\u00e1n fuera de programaci\u00f3n, y si se concluir\u00e1n antes del 31 de diciembre.<\/p>\n<p style=\"text-align: justify;\">Tambi\u00e9n cuestion\u00f3 por qu\u00e9 se presupuestaron 403 obras y solo se han adjudicado 260; y pidi\u00f3 saber a qu\u00e9 empresa se les adjudicaron.<\/p>\n<p style=\"text-align: justify;\">Pregunt\u00f3 por \u00faltimo sobre la participaci\u00f3n de la secretar\u00eda en la reconstrucci\u00f3n de la Biblioteca del Congreso del Estado, y si tiene conocimiento de qui\u00e9n autoriz\u00f3 la demolici\u00f3n.<\/p>\n<p style=\"text-align: justify;\">El diputado <a href=\"https:\/\/www.facebook.com\/profile.php?id=100063205392261&amp;__cft__%5b0%5d=AZVZlWMKRnFF0-P0chN0jaukZZIvcZ1yOm0bA37D1-zQJn36Rxc0t4IjRRrU_b4spB8Wo1niR8paWzW7-KRz13vZmfUDbEaacOSiqu1Hw3ArWo22be_nTomHPhKv-3V3BkEQgD-CMV1CdwQKN9uW72Vy6_-hlNCs1yN-p9NF_1aK0RgADaWB72UNdbXviwIJNB0&amp;__tn__=-%5dK-R\">Manuel Qui\u00f1\u00f3nez<\/a> Cort\u00e9s refiri\u00f3 que existe un programa de Mejoramiento Urbano cuya mayor inversi\u00f3n es de la federaci\u00f3n, a cargo de SEDATU.<\/p>\n<p style=\"text-align: justify;\">Pidi\u00f3 saber si la secretar\u00eda tiene alguna participaci\u00f3n y c\u00f3mo pueden acceder los municipios al programa, y le solicit\u00f3 abundar sobre las reglas de operaci\u00f3n y lo referente al Programa Vivienda Guerrero; los espacios p\u00fablicos considerados para su recuperaci\u00f3n y rescate, y en qu\u00e9 etapa de ejecuci\u00f3n se encuentran las obras de la regi\u00f3n Costa Chica.<\/p>\n<p style=\"text-align: justify;\">La diputada <a href=\"https:\/\/www.facebook.com\/diputadaleticiamosso?__cft__%5b0%5d=AZUUKIz6WG8UWKbIjo-4DILjs0dOil_IrvQWTcZRLcabnhITS4-hl4kirDNSe_iT56SvT3rezQ-6c9il4DC86E-yginbfOSDiX965zfOajw4y6rUQ6VKnFbrJetmpLX4x9yPaU_Cx37xchBJINX2e1hgWy8T9xQsil5u0ROnLuiAaG3bsvZJpv0yEQ6Y9_h1Szw&amp;__tn__=-%5dK-R\">Leticia Mosso Hern\u00e1ndez<\/a> pregunt\u00f3 cu\u00e1l ser\u00e1 la aportaci\u00f3n de Guerrero en el Sistema Nacional de Movilidad y Seguridad Vial, y qu\u00e9 componentes ser\u00e1n claves para que estados como Guerrero, con un d\u00e9ficit generalizado en materia de infraestructura, tengan un trato diferenciado y justo en favor de regiones como la Monta\u00f1a, adem\u00e1s de c\u00f3mo puede contribuir el Congreso.<\/p>\n<p style=\"text-align: justify;\">El diputado <a href=\"https:\/\/www.facebook.com\/AntonioHelgueraJ?__cft__%5b0%5d=AZXCCPUUlNhU5LImx1kRVJ80EyqW3TH0hegJZ_QzXEUG-gvIvQP53_CUaz0CcwJDpAyOfp0m3aSD3CT2J4uZprM9ZypyPyBYCqubIl7DG_xHs2ORDPjMMBpqRan5NktMVoTqPvblljsWrllDSeWxt4C_lNdmrrqKfNm_6ENPy58KM-a02JnHYD24VlIaNAXIpCI&amp;__tn__=-%5dK-R\">Antonio Helguera Jim\u00e9nez<\/a> (Morena) pidi\u00f3 saber en qu\u00e9 condiciones se encontr\u00f3 la dependencia respecto al rubro de obra p\u00fablica y los compromisos presupuestales que solvent\u00f3 la nueva administraci\u00f3n.<\/p>\n<p style=\"text-align: justify;\">Asimismo, pregunt\u00f3 el avance en las metas del desarrollo urbano y ordenamiento territorial, y qu\u00e9 obras georreferenciadas de gran impacto se realizaron este 2022, entre otras.<\/p>\n<p style=\"text-align: justify;\">La diputada\u00a0<a href=\"https:\/\/www.facebook.com\/AliciaZamoraVillalva?__tn__=-%5dK*F\">Alicia Zamora Villalva<\/a>\u00a0(PRI) pregunt\u00f3 sobre c\u00f3mo se pretende implementar el Sistema de Planeaci\u00f3n Territorial y Desarrollo Urbano Metropolitano del Estado, cuando solo dos municipios cuentan con sus planes de desarrollo urbano y ni siquiera existe un plan estatal.<\/p>\n<p style=\"text-align: justify;\">Pidi\u00f3 tambi\u00e9n conocer c\u00f3mo se invirti\u00f3 el total de 75 millones de inversi\u00f3n directa; por qu\u00e9 los principales rubros establecidos en el Plan Estatal de Desarrollo son lo que menor inversi\u00f3n de obra p\u00fablica tienen; el avance global en redes de distribuci\u00f3n de agua en la entidad, y los avances en la construcci\u00f3n de la segunda etapa del C5 en Acapulco.<\/p>\n<p style=\"text-align: justify;\">La diputada\u00a0<a href=\"https:\/\/www.facebook.com\/profile.php?id=100063715794192&amp;__tn__=-%5dK*F\">Elzy Camacho Pineda<\/a>\u00a0(PRD) cuestion\u00f3 c\u00f3mo se puede arrancar el Sistema de Planeaci\u00f3n Territorial Municipal si s\u00f3lo 26 municipios cuentan con sus Consejos Municipales de Desarrollo Urbano y Vivienda.<\/p>\n<p style=\"text-align: justify;\">Del Sistema Estatal de Planeaci\u00f3n Territorial, Desarrollo Urbano y Metropolitano, pregunt\u00f3 cu\u00e1l es su compromiso para crearlo, las acciones de acompa\u00f1amiento a los municipios, resultados y metas a corto, mediano y largo plazo, y sobre las Zonas Metropolitanas de Acapulco y Chilpancingo, que ya fueron reguladas para recibir recursos federales, dijo que parece una situaci\u00f3n discriminatoria con los municipios marginados.<\/p>\n<p style=\"text-align: justify;\">El diputado <a href=\"https:\/\/www.facebook.com\/SoyJackoBadillo?__cft__%5b0%5d=AZX3LazDfW3Lh7u1rW0TkVoZcfLyQY76v_47S2VsoWaaNhHYZsoXwde85x1NWo-L0GH55gYMgNFMwTTBjAaQtRzT5djpKy1URhEk6tlbOQAL6jpELkxlzUvjS99oueopg1cPl7tFUTyto28r0TykevdE5rekW049rWH0BWHRt-uddrELU_cysHPzHGu8Eq6ac-s&amp;__tn__=-%5dK-R\">Joaqu\u00edn Badillo<\/a> Escamilla (Morena) pregunt\u00f3 sobre la obra de infraestructura m\u00e1s grande realizada en el presente a\u00f1o, as\u00ed como abundar sobre el proyecto de rehabilitaci\u00f3n de ocho kil\u00f3metros de la avenida Esc\u00e9nica de Acapulco, y sobre la conversi\u00f3n de 365 l\u00e1mparas de energ\u00eda el\u00e9ctrica a solar.<\/p>\n<p style=\"text-align: justify;\">El diputado <a href=\"https:\/\/www.facebook.com\/OlaguerHF?__cft__%5b0%5d=AZXvjMsN5s6QhSG_evaEvnIAEjN3aW2eg_7Kg0egfTPD2nSPym6cXI_jjoOjc2yE7QbSXkiagIPUL3PM6tdxm4c57fkBULdijbMNV3BycPRjClTOZBaspPpdVaOOHjxzfkPwAGF5Zm1DaPHwSeXTmbZ7fk74_5GVr3xBikXdAhCVnQ7rkNn2LIHOrPQc3oSBGw8&amp;__tn__=-%5dK-R\">Olaguer Hern\u00e1ndez Flores<\/a> (PRI) solicit\u00f3 saber sobre los criterios que se determinaron en la distribuci\u00f3n de presupuesto para la secretar\u00eda responsable de las obras p\u00fablicas; por qu\u00e9 no se consider\u00f3 con suficiente inversi\u00f3n a la regi\u00f3n de la Sierra, y por qu\u00e9 no se incluy\u00f3 la rehabilitaci\u00f3n o reconstrucci\u00f3n de 38 kil\u00f3metros de la carretera de Filo de Caballos a Tlacotepec en el proyecto de Presupuesto 2023.<\/p>\n<p style=\"text-align: justify;\">Cerr\u00f3 las rondas de preguntas la diputada <a href=\"https:\/\/www.facebook.com\/profile.php?id=100058725831607&amp;__cft__%5b0%5d=AZX2goA6Rnj_txBjb_EMkexl7DjBKIW7YGof1If5rbSdp2cDobHg-jBclqs0onaD9apUBwaa4_3z4pL6s_KJScxtNMM69Qvd_seAPfgJv-Pi_SoLTLT3kcXyMPS5uvVJqu8VdPuvw_cgjEw5ZhwTURJ7VkVw6tiifb7_CkWQIGXB1kAerh1l_8qnwpLSgHBM40w&amp;__tn__=-%5dK-R\">Ang\u00e9lica Espinoza Garc\u00eda<\/a> (Morena), quien solicit\u00f3 el porcentaje de avance de las obras asignadas en el Presupuesto 2022, y si hubo cambios o sustituci\u00f3n de obras.<\/p>\n<p style=\"text-align: justify;\">En su exposici\u00f3n, la secretaria inform\u00f3 que en este primer a\u00f1o se invirtieron m\u00e1s de 855 millones en obra p\u00fablica de impacto para las y los guerrerenses, provenientes de cuatro fuentes de financiamiento: el 76 por ciento del Fondo de Aportaciones para el Fortalecimiento de las Entidades Federativas, el 14 por ciento del Fondo de Infraestructura Social para las Entidades, el 9 por ciento de Inversi\u00f3n Estatal Directa y el 1 por ciento del Programa Nacional de Reconstrucci\u00f3n.<\/p>\n<p style=\"text-align: justify;\">Tambi\u00e9n se\u00f1al\u00f3 que existe una inversi\u00f3n de mil 84 millones 500 mil pesos del Gobierno Federal en el Programa de Pavimentaci\u00f3n de Caminos Artesanales, que atiende a 23 municipios, y que implica una meta de 221.32 kil\u00f3metros, lo que permitir\u00e1 tener una mayor movilidad y desplazamiento, en beneficio de m\u00e1s de 480 mil personas.<\/p>\n<p style=\"text-align: justify;\">Asimismo, resalt\u00f3 que la dependencia est\u00e1 enfocada en llevar a cabo un ordenamiento territorial que es de suma importancia para el desarrollo del estado, lo que implica una planeaci\u00f3n con visi\u00f3n de largo plazo y una gesti\u00f3n din\u00e1mica del territorio, que se considera la base fundamental de la obra p\u00fablica.<\/p>\n","protected":false},"excerpt":{"rendered":"<p>Chilpancingo, Gro., 23 de noviembre de 2022.- En el marco de la Glosa del Primer Informe de Gobierno, compareci\u00f3 este mi\u00e9rcoles ante el Congreso del Estado la titular de la Secretar\u00eda de Desarrollo Urbano, Obras P\u00fablicas y Ordenamiento Territorial, Irene Jim\u00e9nez Montiel, quien fue interrogada sobre los avances del proyecto de obra p\u00fablica para el&#8230;<\/p>\n","protected":false},"author":1,"featured_media":5675,"comment_status":"closed","ping_status":"open","sticky":false,"template":"","format":"standard","meta":{"_monsterinsights_skip_tracking":false,"_monsterinsights_sitenote_active":false,"_monsterinsights_sitenote_note":"","_monsterinsights_sitenote_category":0,"footnotes":""},"categories":[3],"tags":[],"class_list":["post-5674","post","type-post","status-publish","format-standard","has-post-thumbnail","hentry","category-boletin"],"aioseo_notices":[],"_links":{"self":[{"href":"https:\/\/congresogro.gob.mx\/63\/inicio\/wp-json\/wp\/v2\/posts\/5674","targetHints":{"allow":["GET"]}}],"collection":[{"href":"https:\/\/congresogro.gob.mx\/63\/inicio\/wp-json\/wp\/v2\/posts"}],"about":[{"href":"https:\/\/congresogro.gob.mx\/63\/inicio\/wp-json\/wp\/v2\/types\/post"}],"author":[{"embeddable":true,"href":"https:\/\/congresogro.gob.mx\/63\/inicio\/wp-json\/wp\/v2\/users\/1"}],"replies":[{"embeddable":true,"href":"https:\/\/congresogro.gob.mx\/63\/inicio\/wp-json\/wp\/v2\/comments?post=5674"}],"version-history":[{"count":1,"href":"https:\/\/congresogro.gob.mx\/63\/inicio\/wp-json\/wp\/v2\/posts\/5674\/revisions"}],"predecessor-version":[{"id":5676,"href":"https:\/\/congresogro.gob.mx\/63\/inicio\/wp-json\/wp\/v2\/posts\/5674\/revisions\/5676"}],"wp:featuredmedia":[{"embeddable":true,"href":"https:\/\/congresogro.gob.mx\/63\/inicio\/wp-json\/wp\/v2\/media\/5675"}],"wp:attachment":[{"href":"https:\/\/congresogro.gob.mx\/63\/inicio\/wp-json\/wp\/v2\/media?parent=5674"}],"wp:term":[{"taxonomy":"category","embeddable":true,"href":"https:\/\/congresogro.gob.mx\/63\/inicio\/wp-json\/wp\/v2\/categories?post=5674"},{"taxonomy":"post_tag","embeddable":true,"href":"https:\/\/congresogro.gob.mx\/63\/inicio\/wp-json\/wp\/v2\/tags?post=5674"}],"curies":[{"name":"wp","href":"https:\/\/api.w.org\/{rel}","templated":true}]}}