{"id":5670,"date":"2022-11-22T22:55:45","date_gmt":"2022-11-23T04:55:45","guid":{"rendered":"https:\/\/congresogro.gob.mx\/63\/inicio\/?p=5670"},"modified":"2022-11-23T10:57:29","modified_gmt":"2022-11-23T16:57:29","slug":"problematica-del-sector-salud-en-guerrero-demanda-acciones-de-los-tres-poderes-y-ordenes-de-gobierno-consideran-diputados-en-comparecencia-de-secretaria","status":"publish","type":"post","link":"https:\/\/congresogro.gob.mx\/63\/inicio\/2022\/11\/22\/problematica-del-sector-salud-en-guerrero-demanda-acciones-de-los-tres-poderes-y-ordenes-de-gobierno-consideran-diputados-en-comparecencia-de-secretaria\/","title":{"rendered":"PROBLEM\u00c1TICA DEL SECTOR SALUD EN GUERRERO DEMANDA ACCIONES DE LOS TRES PODERES Y \u00d3RDENES DE GOBIERNO, CONSIDERAN DIPUTADOS EN COMPARECENCIA DE SECRETARIA"},"content":{"rendered":"<p style=\"text-align: justify;\"><strong>Chilpancingo, Gro., 22 de noviembre de 2022.-<\/strong> Durante la comparecencia de la secretaria de Salud en la entidad, Aid\u00e9 Ib\u00e1rez Castro, diputadas y diputados de la LXIII Legislatura coincidieron en que conociendo a fondo las necesidades del sector es como se podr\u00e1n realizar las acciones legislativas pertinentes, con miras a lograr mejores servicios de atenci\u00f3n m\u00e9dica a la poblaci\u00f3n guerrerense.<\/p>\n<p style=\"text-align: justify;\">En el marco de la Glosa del Primer Informe de Actividades del Gobierno del Estado de Guerrero, inici\u00f3 la ronda de preguntas a la titular de Salud la diputada Jessica Alejo Rayo (Morena), solicitando conocer a detalle el n\u00famero de poblaci\u00f3n beneficiada por los distintos servicios de salud durante el 2022.<\/p>\n<p style=\"text-align: justify;\">Asimismo, requiri\u00f3 informaci\u00f3n en relaci\u00f3n con la prevenci\u00f3n del c\u00e1ncer de mama y cu\u00e1ntas exploraciones cl\u00ednicas y mastograf\u00edas se han realizado, casos positivos, tipos de c\u00e1ncer y rangos de edades, as\u00ed como el n\u00famero de beneficiarios del estudio de tamiz neonatal.<\/p>\n<p style=\"text-align: justify;\">Al final, pidi\u00f3 tambi\u00e9n conocer el avance en la construcci\u00f3n y equipamiento de los cuatro centros de salud contemplados en el presupuesto de este a\u00f1o.<\/p>\n<p style=\"text-align: justify;\">Por su parte, el diputado Olaguer Hern\u00e1ndez Flores (PRI) abord\u00f3 el tema de desabasto de medicamentos en los centros hospitalarios de primero y segundo nivel, y en este contexto, expuso que es constante el reclamo de las y los pacientes diab\u00e9ticos por el desabasto de insulina.<\/p>\n<p style=\"text-align: justify;\">Pregunt\u00f3, asimismo, si hay m\u00e9dicos especialistas suficientes en pediatr\u00eda neonatal para atender cualquier complicaci\u00f3n de los embarazos de alto riesgo en los hospitales de la Madre y el Ni\u00f1o de Chilpancingo y Tlapa.<\/p>\n<p style=\"text-align: justify;\">En su oportunidad, el diputado Ociel Hugar Trujillo Garc\u00eda (PRD) pregunt\u00f3 sobre las acciones implementadas para cubrir las necesidades de la poblaci\u00f3n en materia de salud; si ya no hay riesgo para la poblaci\u00f3n por el Covid-19; la relaci\u00f3n con la dirigente del Sindicato de Salud y la realidad laboral del personal de la secretar\u00eda, as\u00ed como la situaci\u00f3n de infraestructura hospitalaria en las comunidades rurales, y c\u00f3mo se han cumplido los compromisos del titular del Instituto de Salud para el Bienestar (INSABI) con el estado.<\/p>\n<p style=\"text-align: justify;\">Con relaci\u00f3n a la reingenier\u00eda de personal que el INSABI est\u00e1 implementando y que ha afectado la presencia de personal en algunas localidades, la diputada Hilda Jennifer Ponce Mendoza (PVEM) pregunt\u00f3 cu\u00e1les son las localidades sin atenci\u00f3n m\u00e9dica y c\u00f3mo se les est\u00e1 apoyando, as\u00ed como los criterios para la distribuci\u00f3n de medicamentos y las comunidades beneficiadas con infraestructura y equipamiento.<\/p>\n<p style=\"text-align: justify;\">La diputada Leticia Mosso Hern\u00e1ndez (PT) pidi\u00f3 conocer los mecanismos y acciones implementadas por la Secretar\u00eda de Salud para atender los casos de c\u00e1ncer de mama; las medidas para no generar m\u00e1s laudos laborales a la dependencia, y solicit\u00f3 que a la Unidad de Salud de Tlapa le sea dotado un mast\u00f3grafo.<\/p>\n<p style=\"text-align: justify;\">Concluy\u00f3 la primera ronda la diputada Ana Lenis Res\u00e9ndiz Javier, quien pidi\u00f3 a la funcionaria abundar acerca de las acciones implementadas por la Secretar\u00eda de Salud para abatir los rezagos en medicamentos y otros productos farmac\u00e9uticos, material m\u00e9dico y de cirug\u00eda en la regi\u00f3n de la Costa Chica.<\/p>\n<p style=\"text-align: justify;\">Tambi\u00e9n solicit\u00f3 conocer los avances en la mejora del Sistema de Salud, cu\u00e1ntos hospitales son enteramente eficientes y los mecanismos para brindar la prestaci\u00f3n de servicios en comunidades ind\u00edgenas y afromexicanas.<\/p>\n<p style=\"text-align: justify;\">En la segunda ronda de preguntas, la diputada Yoloczin Dom\u00ednguez Serna (Morena) cuestion\u00f3 sobre las acciones y pol\u00edticas internas que ha implementado la secretar\u00eda para hacer frente a la problem\u00e1tica de cierre de cl\u00ednicas por cuestiones laborales, a efecto de garantizar el derecho a la salud de las y los guerrerenses.<\/p>\n<p style=\"text-align: justify;\">La diputada consider\u00f3 indispensable trabajar de manera conjunta los tres poderes del estado y los diversos niveles de gobierno en acciones estrat\u00e9gicas que permitan garantizar la salud de las y los guerrerenses, algo de lo que tampoco deben olvidarse los l\u00edderes sindicales del sector, pues nada debe estar por encima de la Constituci\u00f3n y los tratados internacionales que tutelan el derecho a la salud y la vida.<\/p>\n<p style=\"text-align: justify;\">La diputada Julieta Fern\u00e1ndez M\u00e1rquez (PRI) lament\u00f3 que el porcentaje de atenci\u00f3n en medicina general y especialistas sea bajo, adem\u00e1s de que las cirug\u00edas disminuyeron, de acuerdo con las cifras del informe.<\/p>\n<p style=\"text-align: justify;\">Pidi\u00f3 conocer en qu\u00e9 se invirti\u00f3 el recurso federal para insumos m\u00e9dicos; qu\u00e9 se est\u00e1 haciendo para reorganizar la dependencia; cu\u00e1ntos casos de c\u00e1ncer de mama se est\u00e1n atendiendo en el Instituto Estatal de Cancerolog\u00eda, y c\u00f3mo se encuentra la dotaci\u00f3n de medicamentos, adem\u00e1s de c\u00f3mo se est\u00e1n atendiendo las enfermedades cr\u00f3nico-degenerativas.<\/p>\n<p style=\"text-align: justify;\">El diputado Bernardo Ortega Jim\u00e9nez (PRD) pidi\u00f3 a la funcionaria abundar sobre las metas del Consejo Estatal de C\u00e1ncer en la Infancia y la Adolescencia. De la misma forma, solicit\u00f3 mayores datos de 2022 sobre las enfermedades cr\u00f3nico-degenerativas, la estrategia para su prevenci\u00f3n y resultados.<\/p>\n<p style=\"text-align: justify;\">Pregunt\u00f3, asimismo, sobre el modelo de coordinaci\u00f3n con la federaci\u00f3n para brindar atenci\u00f3n a trav\u00e9s del INSABI; c\u00f3mo atienden la crisis de desabasto de medicamentos; la estrategia para mejorar los servicios de salud, y c\u00f3mo se han atendido los conflictos con los sindicatos en la dependencia.<\/p>\n<p style=\"text-align: justify;\">El diputado Joaqu\u00edn Badillo Escamilla (Morena) pregunt\u00f3 sobre la distribuci\u00f3n de los medicamentos a las unidades de salud, y de qu\u00e9 forma puede apoyar el Poder Legislativo para resolver las distintas problem\u00e1ticas, e hizo referencia de la pr\u00f3xima inauguraci\u00f3n de la primera cl\u00ednica de hemodi\u00e1lisis en Acapulco, que permitir\u00e1 incrementar el nivel de vida de muchos guerrerenses.<\/p>\n<p style=\"text-align: justify;\">La diputada <a href=\"https:\/\/www.facebook.com\/flor.anorve.o?__cft__%5b0%5d=AZUufVn0WGk6ls0pNszpaH3Fkyxc6I4Cq5S7_IHtL9upo3qWKf8-xqBZO8Tec22JJ5FdUjt92P2Uwjd_kh8wTjQOVb5W7wYUIr8dd34wymT1Z9Y4G4EzKAm-ncIdFVEsX3rEfF2TSWIdGHJCOb1gga_A0WdrDHo2EBsAmfpiRE5jwYuYxBQN1Myog8R9Zn7fsN8&amp;__tn__=-%5dK-R\">Flor A\u00f1orve<\/a> Ocampo (PRI) pidi\u00f3 conocer la inversi\u00f3n para el equipamiento y reconstrucci\u00f3n de diversos hospitales y el estado en que se encuentran, algunos de los cuales fueron construidos en administraciones pasadas.<\/p>\n<p style=\"text-align: justify;\">Tambi\u00e9n pidi\u00f3 abundar acerca de la inversi\u00f3n para la puesta en marcha de la Unidad de Hemodi\u00e1lisis y el Servicio M\u00e9dico Forense de Acapulco, al igual que sobre los servicios que brinda el Hospital General de Chilapa.<\/p>\n<p style=\"text-align: justify;\">El <a href=\"https:\/\/www.facebook.com\/DipCarlosCruzLopez?__cft__%5b0%5d=AZWZHbRbGnq3TOA_O0vPtuYp6DcvwMzvT_wy5S1KAXQX6RdAP_sUyYQYlF-mVX7NEe66WizXeFuTE-LqUV-YlAk_zVCknKTRuT3vgHKGqr7FEG7Lory5hYZX1uiMxXBqSNeNco10ONYr_RhAI3ypG315PMTNFWCym0n-3I2AXjPrT5vFBw3Rmka4RYKucju6nFs&amp;__tn__=-%5dK-R\">diputado Carlos Cruz L\u00f3pez<\/a> (Morena) habl\u00f3 del caso del Hospital General de Petatl\u00e1n, donde no se hizo una inversi\u00f3n en infraestructura para el abastecimiento de agua. En ese sentido, pregunt\u00f3 si esto se considerar\u00e1 en el Presupuesto 2023, y si est\u00e1 proyectada, adem\u00e1s, la construcci\u00f3n adicional de una planta tratadora de agua para dicho nosocomio.<\/p>\n<p style=\"text-align: justify;\">El diputado <a href=\"https:\/\/www.facebook.com\/AndresGuevaraCardenasOficial?__cft__%5b0%5d=AZUivH6ERlJL2DRV4pNdjToZv6jW0JamAd_UXo_WM3t4iQ1rNnmLByMrtQ4sifiFCUX9f6iiCNwZQKlZY6lznHNT-tLnYQoe2jOMj7GtFBFnxmIuU9leEXoFTXNdpsqWzfedjDEjgORM2vu8Z3Jqk08ngfCMNdLopUErDZqse2LEpkU29KYtNomAvOaKIGFJP_8&amp;__tn__=-%5dK-R\">Andr\u00e9s Guevara C\u00e1rdenas<\/a> interrog\u00f3 en relaci\u00f3n a los contratos de subrogaci\u00f3n de servicios que tiene la dependencia, cu\u00e1les se hicieron en la administraci\u00f3n pasada y cu\u00e1ndo finalizan, as\u00ed como cu\u00e1ntos trabajadores tienen bajo este esquema en las \u00e1reas de limpieza y vigilancia.<\/p>\n<p style=\"text-align: justify;\">Tambi\u00e9n pregunt\u00f3 c\u00f3mo impactar\u00e1 la transici\u00f3n IMSS-Bienestar en los derechos laborales de los trabajadores, c\u00f3mo ser\u00e1 el mecanismo de acceso a los servicios a la poblaci\u00f3n, y si habr\u00e1 afectaciones para los trabajadores adscritos a la SSA-Guerrero en todas sus modalidades.<\/p>\n<p style=\"text-align: justify;\">Por \u00faltimo, pregunt\u00f3 sobre la estrategia para evitar la caducidad de medicamentos.<\/p>\n<p style=\"text-align: justify;\">En su intervenci\u00f3n, la secretaria indic\u00f3 que para atender la demanda de servicio m\u00e9dico de m\u00e1s de 3 millones de guerrerenses, se cuenta con mil 102 establecimientos m\u00e9dicos.<\/p>\n<p style=\"text-align: justify;\">Resalt\u00f3 que la mejor pol\u00edtica de atenci\u00f3n a la salud es la prevenci\u00f3n, por lo cual la secretar\u00eda est\u00e1 comprometida en fortalecer e intensificar los esquemas preventivos en favor de la salud de la poblaci\u00f3n y el cumplimiento pleno de sus derechos sociales.<\/p>\n<p style=\"text-align: justify;\">Refiri\u00f3 que para mejorar la infraestructura y equipamiento de las unidades de salud se destinaron 441 millones de pesos para acciones de mantenimiento, equipamiento y rehabilitaci\u00f3n, con una inversi\u00f3n de 57 millones de pesos, y se encuentra en proceso de terminaci\u00f3n la construcci\u00f3n del Hospital General de Ayutla, lo que beneficiar\u00e1 a 185 mil 401 personas de la regi\u00f3n Costa Chica.<\/p>\n<p style=\"text-align: justify;\">Se\u00f1al\u00f3 que se tiene como reto lograr el aumento en los niveles de productividad del personal m\u00e9dico, ya que se suelen brindar tres consultas al d\u00eda en una jornada de 8 horas, lo que indica que algo anda mal.<\/p>\n<p style=\"text-align: justify;\">Tambi\u00e9n reconoci\u00f3 que hace falta resolver el tema del presupuesto, ya que el 90 por ciento que llega a la secretar\u00eda se va en salarios, lo cual es un factor que se suma al de la baja productividad.<\/p>\n","protected":false},"excerpt":{"rendered":"<p>Chilpancingo, Gro., 22 de noviembre de 2022.- Durante la comparecencia de la secretaria de Salud en la entidad, Aid\u00e9 Ib\u00e1rez Castro, diputadas y diputados de la LXIII Legislatura coincidieron en que conociendo a fondo las necesidades del sector es como se podr\u00e1n realizar las acciones legislativas pertinentes, con miras a lograr mejores servicios de atenci\u00f3n&#8230;<\/p>\n","protected":false},"author":1,"featured_media":5671,"comment_status":"closed","ping_status":"open","sticky":false,"template":"","format":"standard","meta":{"_monsterinsights_skip_tracking":false,"_monsterinsights_sitenote_active":false,"_monsterinsights_sitenote_note":"","_monsterinsights_sitenote_category":0,"footnotes":""},"categories":[3],"tags":[],"class_list":["post-5670","post","type-post","status-publish","format-standard","has-post-thumbnail","hentry","category-boletin"],"aioseo_notices":[],"_links":{"self":[{"href":"https:\/\/congresogro.gob.mx\/63\/inicio\/wp-json\/wp\/v2\/posts\/5670","targetHints":{"allow":["GET"]}}],"collection":[{"href":"https:\/\/congresogro.gob.mx\/63\/inicio\/wp-json\/wp\/v2\/posts"}],"about":[{"href":"https:\/\/congresogro.gob.mx\/63\/inicio\/wp-json\/wp\/v2\/types\/post"}],"author":[{"embeddable":true,"href":"https:\/\/congresogro.gob.mx\/63\/inicio\/wp-json\/wp\/v2\/users\/1"}],"replies":[{"embeddable":true,"href":"https:\/\/congresogro.gob.mx\/63\/inicio\/wp-json\/wp\/v2\/comments?post=5670"}],"version-history":[{"count":1,"href":"https:\/\/congresogro.gob.mx\/63\/inicio\/wp-json\/wp\/v2\/posts\/5670\/revisions"}],"predecessor-version":[{"id":5672,"href":"https:\/\/congresogro.gob.mx\/63\/inicio\/wp-json\/wp\/v2\/posts\/5670\/revisions\/5672"}],"wp:featuredmedia":[{"embeddable":true,"href":"https:\/\/congresogro.gob.mx\/63\/inicio\/wp-json\/wp\/v2\/media\/5671"}],"wp:attachment":[{"href":"https:\/\/congresogro.gob.mx\/63\/inicio\/wp-json\/wp\/v2\/media?parent=5670"}],"wp:term":[{"taxonomy":"category","embeddable":true,"href":"https:\/\/congresogro.gob.mx\/63\/inicio\/wp-json\/wp\/v2\/categories?post=5670"},{"taxonomy":"post_tag","embeddable":true,"href":"https:\/\/congresogro.gob.mx\/63\/inicio\/wp-json\/wp\/v2\/tags?post=5670"}],"curies":[{"name":"wp","href":"https:\/\/api.w.org\/{rel}","templated":true}]}}