{"id":5657,"date":"2022-11-22T09:27:26","date_gmt":"2022-11-22T15:27:26","guid":{"rendered":"https:\/\/congresogro.gob.mx\/63\/inicio\/?p=5657"},"modified":"2022-11-22T09:27:26","modified_gmt":"2022-11-22T15:27:26","slug":"llama-el-congreso-a-secretario-de-finanzas-a-mantener-el-uso-eficiente-de-los-recursos-publicos-durante-su-comparecencia-por-el-primer-informe-de-gobierno","status":"publish","type":"post","link":"https:\/\/congresogro.gob.mx\/63\/inicio\/2022\/11\/22\/llama-el-congreso-a-secretario-de-finanzas-a-mantener-el-uso-eficiente-de-los-recursos-publicos-durante-su-comparecencia-por-el-primer-informe-de-gobierno\/","title":{"rendered":"LLAMA EL CONGRESO A SECRETARIO DE FINANZAS A MANTENER EL USO EFICIENTE DE LOS RECURSOS P\u00daBLICOS, DURANTE SU COMPARECENCIA POR EL PRIMER INFORME DE GOBIERNO"},"content":{"rendered":"<p style=\"text-align: justify;\"><strong>Chilpancingo, Gro., 21 de noviembre de 2022.- <\/strong>Diputadas y diputados de la LXIII Legislatura llamaron al secretario de Finanzas y Administraci\u00f3n del Gobierno del Estado, Raymundo Segura Estrada, a continuar haciendo una buena distribuci\u00f3n de los recursos p\u00fablicos, principalmente en los rubros de educaci\u00f3n, salud y seguridad p\u00fablica, que traiga beneficios a las y los guerrerenses que se encuentran en situaci\u00f3n de pobreza.<\/p>\n<p style=\"text-align: justify;\">Durante la comparecencia del secretario con motivo de la Glosa del Primer Informe de la gobernadora Evelyn Cecia Salgado Pineda, las diputadas y diputadas reconocieron la importancia de mantener un di\u00e1logo institucional y fruct\u00edfero entre los poderes Ejecutivo y Legislativo, as\u00ed como la importancia del ejercicio de rendici\u00f3n de cuentas a la sociedad.<\/p>\n<p style=\"text-align: justify;\">Inici\u00f3 la ronda de preguntas el diputado <a href=\"https:\/\/www.facebook.com\/osbaldoriosmanrique?__cft__%5b0%5d=AZXiezptVXo2EjYXY7bm1_xB6GrZDmuhITEsYAF9sOSE32Ws2je6QOMMpHt17TDxgk1S801JQyVRVeynu6SzlEGWY8vtEgR4GgG_arj7Sk1JuF4O4x6vpBVQKk6TobzFclL8LpEw3wAWp2wS1LuS2GRVsf-9kjoACYG9uwDU5XkW6wBFQVdx9_hy00bbgu6BoiI&amp;__tn__=-%5dK-R\">Osbaldo R\u00edos<\/a> Manrique (Morena), cuestionando acerca del estudio financiero presupuestal y los criterios de distribuci\u00f3n proporcional de los derechos, obligaciones y deudas entre los municipios de nueva creaci\u00f3n, tomando en cuenta que el 1 de enero de 2023 entran en funciones los ayuntamientos instituyentes de Las Vigas, San Nicol\u00e1s, \u00d1uu Savi y Santa Cruz del Rinc\u00f3n para garantizar a la poblaci\u00f3n los servicios necesarios.<\/p>\n<p style=\"text-align: justify;\">Adem\u00e1s, pidi\u00f3 saber el monto por los laudos laborales, el adeudo que tiene el Gobierno del Estado y los municipios y los mecanismos de coordinaci\u00f3n para evitar un quebranto financiero, sin dejar de garantizar el acceso a la justicia laboral.<\/p>\n<p style=\"text-align: justify;\">Por su parte, la diputada <a href=\"https:\/\/www.facebook.com\/flor.anorve.o?__cft__%5b0%5d=AZV6FbwKZ5xQTc-SjqcI9y-EU-gqoatJufwP4Yy8MF18_YfY402PaSqkH798OHwUqNHgljYsH1yN7AyzA69o0gaCfnFxzyVc5tVlNShK-pH4y6GbVzlDmCYvw7Ayg5Arj8V8MyWdz9U8f9hscko3V2buPXL2FFtC0TX-gEmJTo2skRN0nZtpZW3v1exvTKLyPeo&amp;__tn__=-%5dK-R\">Flor A\u00f1orve<\/a> Ocampo (PRI) vers\u00f3 sus cuestionamientos sobre si se atendieron a cabalidad las necesidades de los guerrerenses m\u00e1s vulnerables, ya que se tiene conocimiento que sigue habiendo escuelas sin maestros, mobiliario y aulas deteriorados, hospitales y centros de salud sin personal ni medicamentos, lo que indica que no hay un combate a la pobreza bien direccionado y se refleja una marcada desigualdad en Guerrero.<\/p>\n<p style=\"text-align: justify;\">Sobre el programa de reemplacamiento vehicular, dijo que este a\u00f1o se agregaron al padr\u00f3n m\u00e1s de 39 mil unidades y que en el municipio de Taxco se permiti\u00f3 la intervenci\u00f3n y\/o gesti\u00f3n de terceras personas para hacer los tr\u00e1mites, cobrando 200 pesos por cada uno de ellos, m\u00e1s cuatro pesos por concepto de copias. Al respecto, pregunt\u00f3 a d\u00f3nde se destinan estos recursos que se cobran de manera indebida.<\/p>\n<p style=\"text-align: justify;\">El diputado <a href=\"https:\/\/www.facebook.com\/profile.php?id=100058213354831&amp;__cft__%5b0%5d=AZVuXbE4vLQt_LYUwi2ieeDS7V2quMnbfHIMMbAEBEE3PTRPALQ31b4a7zcLpGAqiCD1aH-bsz81OXMyws-A6eSq9bvTRcPoPE2A6gEwNi5SS6sIRqPZi4FY9_lp5bx7ZrFbQa8ZWB1BGRJhPdaKGW-9Y3KbRp02dirOEdd1nZGmx0meILD6jPwbDbe58OKj2yE&amp;__tn__=-%5dK-R\">Ociel Hugar Garc\u00eda Trujillo<\/a> (PRD) afirm\u00f3 que este ejercicio permitir\u00e1 identificar los aspectos presupuestales que aquejan a la administraci\u00f3n p\u00fablica estatal.<\/p>\n<p style=\"text-align: justify;\">Pidi\u00f3 al secretario ampliar la informaci\u00f3n de las acciones emprendidas para sanear las deudas del ISSSPEG y cubrir los pagos al ISSSTE, as\u00ed como el monto del adeudo del Gobierno del Estado y los ayuntamientos.<\/p>\n<p style=\"text-align: justify;\">Pregunt\u00f3 tambi\u00e9n cu\u00e1ntos son los ahorros generados con la implementaci\u00f3n de la \u201causteridad republicana\u201d, su aplicaci\u00f3n y beneficiarios, y cuestion\u00f3 por qu\u00e9 los ahorros de la administraci\u00f3n estatal no fueron previstos para el pago de aguinaldos a los trabajadores.<\/p>\n<p style=\"text-align: justify;\">En representaci\u00f3n del PVEM, el diputado\u00a0<a href=\"https:\/\/www.facebook.com\/profile.php?id=100063205392261&amp;__tn__=-%5dK*F\">Manuel Qui\u00f1\u00f3nez<\/a>\u00a0Cort\u00e9s hizo cuestionamientos respecto al Fondo Auxiliar Ambiental Estatal o Fondo Verde, del cual pidi\u00f3 conocer los rubros principales y montos de recaudaci\u00f3n, y a qu\u00e9 dependencias se les asigna.<\/p>\n<p style=\"text-align: justify;\">En materia de tecnolog\u00eda digital y comunicaci\u00f3n, se\u00f1al\u00f3 que a la fecha \u2013de acuerdo con la s\u00edntesis de su informe-, se han beneficiado 30 mil 120 personas con el Programa Internet para Todos; sin embargo, a\u00fan existe una enorme brecha, por lo que pidi\u00f3 saber si se tiene una fecha determinada para cubrir el 100 por ciento de la entidad con esta acci\u00f3n.<\/p>\n<p style=\"text-align: justify;\">La diputada <a href=\"https:\/\/www.facebook.com\/diputadaleticiamosso?__cft__%5b0%5d=AZWV2NehhPovyVK0cUrtRsw88xPA2zisKzIHtnIXY5CB6d6V5eq3P9jdWiNxqAc5Fyxm0BWCT3Blv652orYOI5oPAgfPDNIaR2GMsy7p21p0ECC1yfI7Rps3h6qM4KvhxmR5iFKv2-6Xtdf9FLmaHG7XZbjmoHg2CwamBV-Hpuw9JAamBHuaDCn721xuI16McPw&amp;__tn__=-%5dK-R\">Leticia Mosso Hern\u00e1ndez<\/a> pregunt\u00f3 en relaci\u00f3n a las acciones de transparencia y las malas pr\u00e1cticas administrativas encontradas por la nueva administraci\u00f3n, y cu\u00e1l fue la respuesta institucional o el mecanismo implementado desde Finanzas para revertir la problem\u00e1tica.<\/p>\n<p style=\"text-align: justify;\">En materia de catastro, pregunt\u00f3 en qu\u00e9 consiste la capacitaci\u00f3n y asesor\u00eda t\u00e9cnica que se ha proporcionado a los municipios de alta marginaci\u00f3n y exclusi\u00f3n, con la finalidad de aumentar su recaudaci\u00f3n, y sobre si ha considerado crear unidades de atenci\u00f3n a los hablantes de lenguas ind\u00edgenas que realizan tr\u00e1mites en las dependencias estatales.<\/p>\n<p style=\"text-align: justify;\">En el inicio de la segunda ronda de preguntas, el diputado <a href=\"https:\/\/www.facebook.com\/SoyJackoBadillo?__cft__%5b0%5d=AZX_88gxJXS1KQuSCch57QNz517WtcMLsILo864vQ6l6Caijx1XYR-8u7N8fBaPyisICdxL-X2PKHFq4GmyO7M6RVcGP2yEvhE9vtLJVYrjD58GbPrNhZD8rXnKvrJTDVlS0F8y9XWHoCW--morEr51jhngoG7Yt24rpKVSIbzbSpSjI93PgOhzl3lyeuCh3uww&amp;__tn__=-%5dK-R\">Joaqu\u00edn Badillo<\/a> Escamilla (Morena) consider\u00f3 que una buena distribuci\u00f3n de los recursos financieros puede cambiar el destino de Guerrero, y que una eficiente administraci\u00f3n permitir\u00e1 tener campos de acci\u00f3n mayores.<\/p>\n<p style=\"text-align: justify;\">Cuestion\u00f3 sobre los resultados de la estrategia y resultados para la nueva implementaci\u00f3n de los incentivos fiscales que fueron incorporados a la Ley de Ingresos 2022, as\u00ed como la estrategia financiera implementada en el Instituto de Seguridad Social de los Servidores P\u00fablicos del Estado de Guerrero que estaba en quiebra, mismo que hoy es un organismo saneado.<\/p>\n<p style=\"text-align: justify;\">En su oportunidad, la diputada <a href=\"https:\/\/www.facebook.com\/GabyBernalR?__cft__%5b0%5d=AZXS1dxuwXRNMSs0eL7BjNP4V2w6nVV_ATyObxKadrcrkODQmTkTxf0F4v9ZxZt_lFJ95z5Mwgvr5iQKoH6tJZaISvEdMUiSkE9GozAg9sbYlVYRkAMy7OnmJfzGKPkrgBlA3JJkmpflXh8Lm3jllLuiG7tGWC9H0J1VbPlyqMYLXeGZUKiEjol02Hqlhb_0BtE&amp;__tn__=-%5dK-R\">Gabriela Bernal Res\u00e9ndiz<\/a> (PRI) hizo referencia al programa \u201cCero efectivo, cero corrupci\u00f3n\u201d, con el cual se han logrado incrementos en la recaudaci\u00f3n en un 21.55 por ciento. Al respecto, pidi\u00f3 al secretario detallar qu\u00e9 monto de este incremento corresponde al programa de reemplacamiento 2022, y qu\u00e9 porcentaje al levantamiento de las restricciones por el Covid-19, adem\u00e1s de detallar la participaci\u00f3n de los ayuntamientos en este programa.<\/p>\n<p style=\"text-align: justify;\">Pregunt\u00f3 tambi\u00e9n si se cuenta con los recursos necesarios para atender la problem\u00e1tica de violencia contra las mujeres desde una perspectiva de g\u00e9nero y transversal en toda la administraci\u00f3n p\u00fablica.<\/p>\n<p style=\"text-align: justify;\">El diputado <a href=\"https:\/\/www.facebook.com\/carlosreyestor?__cft__%5b0%5d=AZX0Wlr-jOIE7Pe-aFirRIWSvHxl1ntJbUOSmPXVezzxTODV572DIHoFosMQ46O8mYIwtEyRV1yyDG5kDsleG8rWmT2QwUn-YdS4MWftTfp10HRJ-QmJbLHCi7tBMEbIhTsko5tIwJHkmCf7X6vNOxTtVxGKv1Z--gkDF5SDkooJIaHZlOzdXhSaBcPsX-fk-zQ&amp;__tn__=-%5dK-R\">Carlos Reyes Torres<\/a> (PRD) dijo que la atenci\u00f3n y contenci\u00f3n de las problem\u00e1ticas que aquejan a las y los guerrerenses a trav\u00e9s de pol\u00edticas financieras es prioritaria para toda administraci\u00f3n p\u00fablica, por lo cual reconoci\u00f3 la coordinaci\u00f3n que existe con este Poder Legislativo.<\/p>\n<p style=\"text-align: justify;\">El legislador pidi\u00f3 conocer cu\u00e1les son los beneficios obtenidos a trav\u00e9s del ajuste al gasto corriente, los criterios para la reasignaci\u00f3n, y a qu\u00e9 programas se han canalizado los ahorros.<\/p>\n<p style=\"text-align: justify;\">Tambi\u00e9n refiri\u00f3 que de acuerdo con lo se\u00f1alado en el informe, se logr\u00f3 un ahorro de 78 por ciento; en ese sentido, indic\u00f3 que es necesario conocer cu\u00e1l es el monto ejercido en la Oficina de la Gobernadora actualmente y lo que se ejerci\u00f3 durante la administraci\u00f3n anterior, as\u00ed como en la Casa Acapulco, Casa Guerrero y la representaci\u00f3n del estado de Guerrero en la CDMX.<\/p>\n<p style=\"text-align: justify;\">Pregunt\u00f3, adem\u00e1s, sobre los procesos de contrataci\u00f3n por adjudicaci\u00f3n directa, y en materia de austeridad cuestion\u00f3 sobre las reglas que obedecer\u00e1n las dependencias.<\/p>\n<p style=\"text-align: justify;\">En la tercera ronda de preguntas, el\u00a0diputado Carlos Cruz L\u00f3pez (Morena) se\u00f1al\u00f3 que en el rubro sobre afectaci\u00f3n en las participaciones federales se hace referencia a que en el periodo de enero a junio ascienden a 820 millones 79 mil pesos, y de julio a septiembre de 2022, por 339 millones 152 mil pesos, para hacer un total de mil 159 millones de pesos.<\/p>\n<p style=\"text-align: justify;\">Pregunt\u00f3 cu\u00e1les fueron las causas por las que Guerrero dej\u00f3 de percibir las cantidades que se mencionan, qu\u00e9 secretar\u00edas o \u00e1reas de la administraci\u00f3n p\u00fablica se vieron afectadas, a cu\u00e1nto ascendi\u00f3 la contrataci\u00f3n de financiamiento quirografario, consecuencia del d\u00e9ficit operacional con el que se recibi\u00f3 al actual gobierno, a trav\u00e9s de qu\u00e9 instituciones financieras se solicit\u00f3 el financiamiento, y si se inici\u00f3 procedimiento en contra de servidores p\u00fablicos que no entregaron las retenciones al ISSSTE y al SAT que ahora generan adeudos.<\/p>\n<p style=\"text-align: justify;\">La diputada Alicia Zamora Villalva (PRI) pregunt\u00f3 por su parte c\u00f3mo la Sefina identifica omisiones e inconsistencias en el cumplimiento de las obligaciones por parte de los contribuyentes, y qu\u00e9 pas\u00f3 en relaci\u00f3n a las multas a los ayuntamientos por incumplimiento de sentencias por laudos laborales.<br \/>\nTambi\u00e9n cuestion\u00f3 en relaci\u00f3n a si hay alg\u00fan acuerdo con presidentes para coordinar acciones en relaci\u00f3n con estos laudos, y si hay solicitudes de pr\u00e9stamos por parte de ayuntamientos para el pago de las obligaciones de fin de este a\u00f1o, y a cu\u00e1les se ha apoyado.<\/p>\n<p style=\"text-align: justify;\">El diputado Jos\u00e9 Efr\u00e9n L\u00f3pez Cort\u00e9s (Morena) se\u00f1al\u00f3 que las finanzas p\u00fablicas constituyen un factor primordial para afrontar las necesidades sociales en el estado de Guerrero. Asimismo, que el ejercicio del gasto presupuestal trae consigo el cumplimiento de diversos compromisos contra\u00eddos por la administraci\u00f3n estatal, dentro de los cuales se encuentra la atenci\u00f3n de los juicios laborales. En ese sentido, pregunt\u00f3 al secretario el n\u00famero de juicios que se han interpuesto, el monto al que ascienden, as\u00ed como el tratamiento que han recibido.<\/p>\n<p style=\"text-align: justify;\">Tambi\u00e9n pregunt\u00f3 cu\u00e1l ha sido el papel de la administraci\u00f3n estatal en los casos en que municipios solicitan apoyo con pr\u00e9stamos o adelantos de participaciones para cubrir adeudos por concepto de laudos.<\/p>\n<p style=\"text-align: justify;\">Para finalizar la tercera ronda de preguntas, el diputado Jacinto Gonz\u00e1lez Varona (Morena) pidi\u00f3 conocer sobre la recaudaci\u00f3n estatal del 2 por ciento del impuesto sobre remuneraciones o n\u00f3mina, as\u00ed como los montos que adeudan los municipios, y la estrategia de la Sefina para estimular la captaci\u00f3n de este impuesto.<\/p>\n<p style=\"text-align: justify;\">El legislador refiri\u00f3 que esta comparecencia ha sido una de las m\u00e1s esperadas y permiti\u00f3 conocer a fondo c\u00f3mo se administran los recursos en el gobierno que encabeza Evelyn Salgado Pineda, mismo que refleja un eficiente trabajo en las acciones enfocadas a satisfacer las necesidades sociales.<\/p>\n<p style=\"text-align: justify;\">En su intervenci\u00f3n, el funcionario estatal destac\u00f3 que las finanzas p\u00fablicas constituyen un factor primordial para afrontar las necesidades sociales, y asegur\u00f3 que el gobierno impulsa una pol\u00edtica de responsabilidad presupuestaria, que con honestidad y austeridad realiza un uso eficiente del erario evitando dispendios, administrando en forma transparente los recursos estatales, dentro del marco de la justicia social, con la funci\u00f3n elemental de rendir cuentas al pueblo.<\/p>\n<p style=\"text-align: justify;\">Entre otras cosas, inform\u00f3 que se present\u00f3 en tiempo y forma ante la Auditor\u00eda Superior del Estado la Cuenta P\u00fablica correspondiente al Ejercicio Fiscal 2021, a trav\u00e9s del sistema ASEnet, as\u00ed como los informes trimestral y semestral de 2022, cumpliendo con el compromiso de la transparencia y rendici\u00f3n de cuentas hacia el pueblo de Guerrero.<\/p>\n","protected":false},"excerpt":{"rendered":"<p>Chilpancingo, Gro., 21 de noviembre de 2022.- Diputadas y diputados de la LXIII Legislatura llamaron al secretario de Finanzas y Administraci\u00f3n del Gobierno del Estado, Raymundo Segura Estrada, a continuar haciendo una buena distribuci\u00f3n de los recursos p\u00fablicos, principalmente en los rubros de educaci\u00f3n, salud y seguridad p\u00fablica, que traiga beneficios a las y los&#8230;<\/p>\n","protected":false},"author":1,"featured_media":5659,"comment_status":"closed","ping_status":"open","sticky":false,"template":"","format":"standard","meta":{"_monsterinsights_skip_tracking":false,"_monsterinsights_sitenote_active":false,"_monsterinsights_sitenote_note":"","_monsterinsights_sitenote_category":0,"footnotes":""},"categories":[3],"tags":[],"class_list":["post-5657","post","type-post","status-publish","format-standard","has-post-thumbnail","hentry","category-boletin"],"aioseo_notices":[],"_links":{"self":[{"href":"https:\/\/congresogro.gob.mx\/63\/inicio\/wp-json\/wp\/v2\/posts\/5657","targetHints":{"allow":["GET"]}}],"collection":[{"href":"https:\/\/congresogro.gob.mx\/63\/inicio\/wp-json\/wp\/v2\/posts"}],"about":[{"href":"https:\/\/congresogro.gob.mx\/63\/inicio\/wp-json\/wp\/v2\/types\/post"}],"author":[{"embeddable":true,"href":"https:\/\/congresogro.gob.mx\/63\/inicio\/wp-json\/wp\/v2\/users\/1"}],"replies":[{"embeddable":true,"href":"https:\/\/congresogro.gob.mx\/63\/inicio\/wp-json\/wp\/v2\/comments?post=5657"}],"version-history":[{"count":2,"href":"https:\/\/congresogro.gob.mx\/63\/inicio\/wp-json\/wp\/v2\/posts\/5657\/revisions"}],"predecessor-version":[{"id":5660,"href":"https:\/\/congresogro.gob.mx\/63\/inicio\/wp-json\/wp\/v2\/posts\/5657\/revisions\/5660"}],"wp:featuredmedia":[{"embeddable":true,"href":"https:\/\/congresogro.gob.mx\/63\/inicio\/wp-json\/wp\/v2\/media\/5659"}],"wp:attachment":[{"href":"https:\/\/congresogro.gob.mx\/63\/inicio\/wp-json\/wp\/v2\/media?parent=5657"}],"wp:term":[{"taxonomy":"category","embeddable":true,"href":"https:\/\/congresogro.gob.mx\/63\/inicio\/wp-json\/wp\/v2\/categories?post=5657"},{"taxonomy":"post_tag","embeddable":true,"href":"https:\/\/congresogro.gob.mx\/63\/inicio\/wp-json\/wp\/v2\/tags?post=5657"}],"curies":[{"name":"wp","href":"https:\/\/api.w.org\/{rel}","templated":true}]}}