{"id":5652,"date":"2022-11-21T18:28:43","date_gmt":"2022-11-22T00:28:43","guid":{"rendered":"https:\/\/congresogro.gob.mx\/63\/inicio\/?p=5652"},"modified":"2022-11-21T18:28:43","modified_gmt":"2022-11-22T00:28:43","slug":"comparece-ante-el-congreso-el-secretario-general-de-gobierno-por-la-glosa-del-i-informe-de-evelyn-salgado","status":"publish","type":"post","link":"https:\/\/congresogro.gob.mx\/63\/inicio\/2022\/11\/21\/comparece-ante-el-congreso-el-secretario-general-de-gobierno-por-la-glosa-del-i-informe-de-evelyn-salgado\/","title":{"rendered":"COMPARECE ANTE EL CONGRESO EL SECRETARIO GENERAL DE GOBIERNO POR LA GLOSA DEL I INFORME DE EVELYN SALGADO"},"content":{"rendered":"<p style=\"text-align: justify;\"><strong>Chilpancingo, Gro., 21 de noviembre de 2022.- <\/strong>El Pleno de la LXIII Legislatura al Congreso de Guerrero recibi\u00f3 este lunes en comparecencia al secretario general de Gobierno, Ludwig Marcial Reynoso N\u00fa\u00f1ez, para la Glosa del Primer Informe de Gobierno de Evelyn Cecia Salgado Pineda.<\/p>\n<p style=\"text-align: justify;\">Los cuestionamientos de las diputadas y diputados de todos los grupos parlamentarios y representaciones de partido versaron, principalmente, en relaci\u00f3n con el desplazamiento de personas a causa de la violencia, derechos humanos, manifestaciones sociales, desempleo, pol\u00edticas p\u00fablicas para mejorar las condiciones de vida de las y los guerrerenses, as\u00ed como las acciones para erradicar la violencia contra las mujeres, ni\u00f1as y adolescentes.<\/p>\n<p style=\"text-align: justify;\">Asimismo, las diputadas y diputadas reconocieron la existencia de un di\u00e1logo institucional y fruct\u00edfero entre los poderes Ejecutivo y Legislativo, as\u00ed como la importancia del ejercicio de rendici\u00f3n de cuentas.<\/p>\n<p style=\"text-align: justify;\">inici\u00f3 la ronda de preguntas la diputada Yoloczin Dom\u00ednguez Serna (Morena), refiriendo que la protecci\u00f3n de los derechos humanos son prioritarios para todos los \u00f3rdenes de gobierno; sin embargo, consider\u00f3 que Guerrero sigue con altos \u00edndices de desplazamiento interno de personas en condiciones no id\u00f3neas en por lo menos 30 de los 81 municipios, a causa de la inseguridad y los conflictos armados, siendo los m\u00e1s afectados las ni\u00f1as, ni\u00f1os y mujeres. Ante esto, pregunt\u00f3 sobre la efectividad y resultados logrados por las pol\u00edticas implementadas desde la Secretar\u00eda General de Gobierno en relaci\u00f3n a la problem\u00e1tica.<\/p>\n<p style=\"text-align: justify;\">La legisladora reconoci\u00f3 que hace falta mucho y se requiere el establecimiento de pol\u00edticas p\u00fablicas integrales que tiendan a mejorar las condiciones de vida de las y los guerrerenses, hecho para el cual los tres poderes del estado se ven involucrados.<\/p>\n<p style=\"text-align: justify;\">La diputada Gabriela Bernal Res\u00e9ndiz (PRI) resalt\u00f3, por su parte, que para un ejercicio de gobierno efectivo y s\u00f3lido es indispensable la gobernabilidad. En ese sentido, pregunt\u00f3 sobre la estrategia utilizada para lograr la estabilidad social y pol\u00edtica en la entidad.<\/p>\n<p style=\"text-align: justify;\">Cuestion\u00f3 tambi\u00e9n si existe un mecanismo transversal para que todas las dependencias se involucren en la atenci\u00f3n de la problem\u00e1tica relacionada con la Alerta de Violencia de G\u00e9nero, como un mecanismo para detener todos los tipos de violencia contra las mujeres, a cu\u00e1nto asciende el presupuesto ejercido por dependencia, y sus resultados.<\/p>\n<p style=\"text-align: justify;\">Por el PRD intervino el diputado Carlos Reyes Torres, quien hizo un reconocimiento a la voluntad pol\u00edtica de la titular del Ejecutivo del estado por la apertura a las comparecencias, lo que permitir\u00e1 que el pueblo est\u00e9 informado sobre lo que se hace y c\u00f3mo se est\u00e1n resolviendo los problemas que aquejan a la entidad.<\/p>\n<p style=\"text-align: justify;\">El legislador vers\u00f3 sus cuestionamientos en relaci\u00f3n a las causas que provocan la migraci\u00f3n y el desplazamiento de las familias de sus lugares de origen, y qu\u00e9 se hace desde el gobierno para impedir este fen\u00f3meno.<\/p>\n<p style=\"text-align: justify;\">Asimismo, pregunt\u00f3 acerca de las pol\u00edticas que se implementan para abatir la falta de empleos en las poblaciones rurales, la inseguridad alimentaria y la pobreza extrema, adem\u00e1s del impacto que tienen las pol\u00edticas p\u00fablicas implementadas para prevenir y erradicar la violencia contra la mujer.<\/p>\n<p style=\"text-align: justify;\">El diputado Manuel Qui\u00f1\u00f3nez Cort\u00e9s (PVEM) inici\u00f3 externando un reconocimiento por la disposici\u00f3n y oficio pol\u00edtico de la gobernadora para generar di\u00e1logos y acuerdos en favor de Guerrero.<\/p>\n<p style=\"text-align: justify;\">Refiri\u00f3 enseguida que un n\u00famero de 2,572 personas han sido desplazadas por la violencia en la actual administraci\u00f3n. Ante esto, pregunt\u00f3 cu\u00e1ntas personas han retornado a sus lugares de residencia, cu\u00e1ntas faltan y a cu\u00e1ntas personas se les ha reubicado, como parte de la estrategia de atenci\u00f3n gubernamental.<\/p>\n<p style=\"text-align: justify;\">La diputada Leticia Mosso Hern\u00e1ndez (PT) cuestion\u00f3 sobre los protocolos que se siguen para la atenci\u00f3n de las protestas, que garanticen el derecho a la libre manifestaci\u00f3n, pero sin afectar a la poblaci\u00f3n.<\/p>\n<p style=\"text-align: justify;\">Asimismo, pregunt\u00f3 acerca de las estrategias para la prevenci\u00f3n, sanci\u00f3n y erradicaci\u00f3n de la violencia contra las mujeres en todos los espacios p\u00fablicos y privados; los mecanismos para garantizar la reparaci\u00f3n del da\u00f1o a v\u00edctimas de delitos del fuero com\u00fan y las que sufren la violaci\u00f3n de sus derechos humanos; y tambi\u00e9n pidi\u00f3 conocer las acciones para la protecci\u00f3n del derecho de identidad, sobre todo en las zonas de mayor marginaci\u00f3n.<\/p>\n<p style=\"text-align: justify;\">En la segunda ronda de preguntas, el diputado Joaqu\u00edn Badillo Escamilla (Morena) pidi\u00f3 conocer el estatus del programa de protecci\u00f3n a periodistas y personas defensoras de los derechos humanos, as\u00ed como abundar sobre el mecanismo para la prevenci\u00f3n, atenci\u00f3n, sanci\u00f3n y erradicaci\u00f3n de la violencia contra las mujeres.<\/p>\n<p style=\"text-align: justify;\">El diputado Jes\u00fas Parra Garc\u00eda pregunt\u00f3 cu\u00e1ntas movilizaciones se han registrado en este a\u00f1o, cu\u00e1les son las demandas m\u00e1s recurrentes y a qu\u00e9 sector pertenecen.<\/p>\n<p style=\"text-align: justify;\">Tambi\u00e9n pidi\u00f3 conocer las estrategias que se implementan para disminuir los matrimonios infantiles en las zonas m\u00e1s marginadas de la entidad; qu\u00e9 acciones se est\u00e1n implementando en los municipios para garantizar los derechos de las ni\u00f1as, ni\u00f1os y adolescentes, y qu\u00e9 beneficios trae y qu\u00e9 instancia coordina a la Red Mexicana de Ciudades Amigas de la Ni\u00f1ez.<\/p>\n<p style=\"text-align: justify;\">El diputado Raymundo Garc\u00eda Guti\u00e9rrez (PRD) pregunt\u00f3 cu\u00e1les son las principales pol\u00edticas que se ejecutan con miras a generar un pleno desarrollo en la entidad, adicional a las acciones que se emplean para la contenci\u00f3n de la problem\u00e1tica que ocasionan las constantes manifestaciones, marchas y bloqueos.<\/p>\n<p style=\"text-align: justify;\">Cuestion\u00f3, asimismo, si se tiene previsto un programa para atender de manera espec\u00edfica a los diferentes grupos sociales, y en su caso, que diera una proyecci\u00f3n a corto, mediano y largo plazo para la soluci\u00f3n de demandas.<\/p>\n<p style=\"text-align: justify;\">En el tercer bloque, el diputado Jacinto Gonz\u00e1lez Varona (Morena) pidi\u00f3 ampliar la informaci\u00f3n sobre las acciones para erradicar los matrimonios forzados y salvaguardar los derechos de las ni\u00f1as, ni\u00f1os y adolescentes; c\u00f3mo se trabaja para erradicar la violencia por usos y costumbres; las funciones de las tres comisiones en la materia para atender este tema, as\u00ed como los resultados de las acciones implementadas y qu\u00e9 municipios est\u00e1n siendo atendidos.<\/p>\n<p style=\"text-align: justify;\">En su oportunidad, la diputada Jessica Alejo Rayo (Morena) pidi\u00f3 conocer el n\u00famero de personas desplazadas que han llegado al municipio de Chilpancingo, y de estos cu\u00e1ntos son ni\u00f1as, ni\u00f1os, adolescentes y adultos mayores; las comunidades de que provienen y cu\u00e1les son las estrategias que se han implementado para contener el fen\u00f3meno social.<\/p>\n<p style=\"text-align: justify;\">Pregunt\u00f3 tambi\u00e9n si ya se cuenta con el Reglamento Interno de la Ley para Prevenir y Atender el Desplazamiento Interno del Estado de Guerrero, y solicit\u00f3 mayores informes sobre la creaci\u00f3n de los m\u00f3dulos de atenci\u00f3n multidisciplinaria para las mujeres en situaci\u00f3n de riesgo o violencia.<\/p>\n<p style=\"text-align: justify;\">La diputada Alicia Zamora Villalva (PRI) habl\u00f3 sobre la obligaci\u00f3n del Estado de garantizar el goce y ejercicio de derechos, medidas de atenci\u00f3n, apoyo y reparaci\u00f3n integral a v\u00edctimas de delitos. En ese sentido, indic\u00f3 que en el informe se habla de una depuraci\u00f3n del padr\u00f3n, por lo cual pregunt\u00f3 qu\u00e9 criterio se utiliz\u00f3 para tal prop\u00f3sito, y si hay garant\u00eda de que no se les expone a sufrir nuevos da\u00f1os.<\/p>\n<p style=\"text-align: justify;\">Pregunt\u00f3 tambi\u00e9n si el Gobierno del Estado ha considerado un programa de atenci\u00f3n a las v\u00edctimas de desplazamiento, que contemple su recuperaci\u00f3n f\u00edsica, psicol\u00f3gica y la reintegraci\u00f3n social.<\/p>\n<p style=\"text-align: justify;\">En otro tema, expuso que en materia de laudos laborales se ha vinculado al Congreso del Estado en m\u00e1s de 100 ocasiones, sin que sea de su competencia. Ante esto, solicit\u00f3 al funcionario una revisi\u00f3n exhaustiva del tema y establecer mesas de trabajo donde quede claro lo relacionado a las facultades.<\/p>\n<p style=\"text-align: justify;\">\n<p style=\"text-align: justify;\">Y finalmente, la diputada Claudia Sierra P\u00e9rez solicit\u00f3 informaci\u00f3n sobre la situaci\u00f3n en que se encuentran 237 juicios de amparo indirectos, 53 civiles, 09 laborales y 02 administrativos, toda vez que se ha registrado una serie de denuncias contra diversos notarios a lo largo de la entidad, lo cual puede traducirse en corrupci\u00f3n y acciones antijur\u00eddicas por dichos entes de la fe p\u00fablica.<\/p>\n<p style=\"text-align: justify;\">A su vez, cuestion\u00f3 al secretario sobre el funcionamiento y resultados que se han obtenido del programa de derechos humanos implementado por el Gobierno del Estado para evitar violaciones por parte de funcionarios estatales.<\/p>\n<p style=\"text-align: justify;\">Tambi\u00e9n pregunt\u00f3 sobre la atenci\u00f3n y alternativas de soluci\u00f3n que se han brindado a un sector del magisterio y grupos ind\u00edgenas que bloquearon la arteria principal de Tlapa de Comonfort, en octubre del a\u00f1o pasado, quienes demandaban infraestructura educativa y carretera.<\/p>\n<p style=\"text-align: justify;\">Como parte de sus respuestas, el compareciente destac\u00f3 que este primer a\u00f1o de ejercicio gubernamental se trabaj\u00f3 en la consolidaci\u00f3n de valores, convicciones y principios para dirigir cada acci\u00f3n, estrategia y pol\u00edtica hacia el fortalecimiento de la gobernabilidad democr\u00e1tica.<\/p>\n<p style=\"text-align: justify;\">Adem\u00e1s, indic\u00f3 que Guerrero mantiene estables sus pol\u00edticas y participa de manera coordinada con las instituciones, atendiendo las demandas de la poblaci\u00f3n, y contribuye ejerciendo sus funciones para asegurar el bienestar del pueblo, aunque reconoci\u00f3 que \u201cexisten retos que debemos atender para consolidar la transformaci\u00f3n de Guerrero\u201d.<\/p>\n<p style=\"text-align: justify;\">Asimismo, resalt\u00f3 la importancia de mantener una buena relaci\u00f3n entre el Poder Legislativo y Ejecutivo, \u201cporque representa una caracter\u00edstica fundamental para fortalecer nuestro sistema democr\u00e1tico y dar cauce a las necesidades de la ciudadan\u00eda, a trav\u00e9s de iniciativas que respondan a los nuevos contextos que predominan en Guerrero y fortalecen el Estado de Derecho\u201d.<\/p>\n","protected":false},"excerpt":{"rendered":"<p>Chilpancingo, Gro., 21 de noviembre de 2022.- El Pleno de la LXIII Legislatura al Congreso de Guerrero recibi\u00f3 este lunes en comparecencia al secretario general de Gobierno, Ludwig Marcial Reynoso N\u00fa\u00f1ez, para la Glosa del Primer Informe de Gobierno de Evelyn Cecia Salgado Pineda. Los cuestionamientos de las diputadas y diputados de todos los grupos&#8230;<\/p>\n","protected":false},"author":1,"featured_media":5653,"comment_status":"closed","ping_status":"open","sticky":false,"template":"","format":"standard","meta":{"_monsterinsights_skip_tracking":false,"_monsterinsights_sitenote_active":false,"_monsterinsights_sitenote_note":"","_monsterinsights_sitenote_category":0,"footnotes":""},"categories":[3],"tags":[],"class_list":["post-5652","post","type-post","status-publish","format-standard","has-post-thumbnail","hentry","category-boletin"],"aioseo_notices":[],"_links":{"self":[{"href":"https:\/\/congresogro.gob.mx\/63\/inicio\/wp-json\/wp\/v2\/posts\/5652","targetHints":{"allow":["GET"]}}],"collection":[{"href":"https:\/\/congresogro.gob.mx\/63\/inicio\/wp-json\/wp\/v2\/posts"}],"about":[{"href":"https:\/\/congresogro.gob.mx\/63\/inicio\/wp-json\/wp\/v2\/types\/post"}],"author":[{"embeddable":true,"href":"https:\/\/congresogro.gob.mx\/63\/inicio\/wp-json\/wp\/v2\/users\/1"}],"replies":[{"embeddable":true,"href":"https:\/\/congresogro.gob.mx\/63\/inicio\/wp-json\/wp\/v2\/comments?post=5652"}],"version-history":[{"count":1,"href":"https:\/\/congresogro.gob.mx\/63\/inicio\/wp-json\/wp\/v2\/posts\/5652\/revisions"}],"predecessor-version":[{"id":5654,"href":"https:\/\/congresogro.gob.mx\/63\/inicio\/wp-json\/wp\/v2\/posts\/5652\/revisions\/5654"}],"wp:featuredmedia":[{"embeddable":true,"href":"https:\/\/congresogro.gob.mx\/63\/inicio\/wp-json\/wp\/v2\/media\/5653"}],"wp:attachment":[{"href":"https:\/\/congresogro.gob.mx\/63\/inicio\/wp-json\/wp\/v2\/media?parent=5652"}],"wp:term":[{"taxonomy":"category","embeddable":true,"href":"https:\/\/congresogro.gob.mx\/63\/inicio\/wp-json\/wp\/v2\/categories?post=5652"},{"taxonomy":"post_tag","embeddable":true,"href":"https:\/\/congresogro.gob.mx\/63\/inicio\/wp-json\/wp\/v2\/tags?post=5652"}],"curies":[{"name":"wp","href":"https:\/\/api.w.org\/{rel}","templated":true}]}}