{"id":5649,"date":"2022-11-21T18:26:41","date_gmt":"2022-11-22T00:26:41","guid":{"rendered":"https:\/\/congresogro.gob.mx\/63\/inicio\/?p=5649"},"modified":"2022-11-21T18:26:41","modified_gmt":"2022-11-22T00:26:41","slug":"exhorta-congreso-a-la-sict-para-que-rehabilite-carreteras-de-la-costa-chica","status":"publish","type":"post","link":"https:\/\/congresogro.gob.mx\/63\/inicio\/2022\/11\/21\/exhorta-congreso-a-la-sict-para-que-rehabilite-carreteras-de-la-costa-chica\/","title":{"rendered":"EXHORTA CONGRESO A LA SICT PARA QUE  REHABILITE CARRETERAS DE LA COSTA CHICA"},"content":{"rendered":"<p style=\"text-align: justify;\"><strong>Chilpancingo, Gro., 20 de noviembre de 2022<\/strong>.-\u00a0 El Pleno del Congreso del Estado aprob\u00f3 un dictamen por el que se exhorta al titular de la Secretar\u00eda de Infraestructura, Comunicaciones y Transportes del Gobierno Federal para que, a trav\u00e9s de la Delegaci\u00f3n Guerrero, realice las acciones presupuestales y humanas necesarias para la rehabilitaci\u00f3n de los tramos carreteros de la comunidad de El Carrizo, perteneciente al municipio de Copala, hasta la cabecera de Marquelia, y del que corre de Cruz Grande a Pico del Monte, en el municipio de Florencio Villarreal.<\/p>\n<p style=\"text-align: justify;\">De acuerdo con el dictamen de la Comisi\u00f3n de Desarrollo Urbano y Obras P\u00fablicas, derivado de una propuesta del diputado Ociel Hugar Garc\u00eda Trujillo (PRD), es imperante que la instancia competente atienda la problem\u00e1tica de infraestructura carretera en esta regi\u00f3n porque se registran constantes accidentes que ocasionan la p\u00e9rdida de vidas humanas y cuantiosos da\u00f1os materiales.<\/p>\n<p style=\"text-align: justify;\">Precis\u00f3 que las carreteras son una pieza clave para el desarrollo econ\u00f3mico y social en el territorio de cualquier pa\u00eds, y por otro lado, la red de transporte genera beneficios de eficacia, efectos de transferencia y relocalizaci\u00f3n de actividades, induciendo cambios en los patrones de distribuci\u00f3n de la poblaci\u00f3n y apoyo directo a las actividades productivas.<\/p>\n<p style=\"text-align: justify;\">En este sentido, agreg\u00f3, la mejora de la accesibilidad afecta al crecimiento de los sectores productivos y, en consecuencia, del empleo, por lo cual resulta importante que la instancia competente atienda de manera oportuna la conservaci\u00f3n y rehabilitaci\u00f3n de las v\u00edas carreteras, para garantizar la integridad de los usuarios y coadyuvar a mejorar el crecimiento econ\u00f3mico y social.<\/p>\n<p style=\"text-align: justify;\">Por lo anterior, el Pleno de la LXIII Legislatura consider\u00f3 importante hacer el llamado a la Secretar\u00eda de Comunicaciones y Transportes para que contemple las acciones necesarias, presupuestales y humanas, en favor de la infraestructura carretera de Guerrero.<\/p>\n","protected":false},"excerpt":{"rendered":"<p>Chilpancingo, Gro., 20 de noviembre de 2022.-\u00a0 El Pleno del Congreso del Estado aprob\u00f3 un dictamen por el que se exhorta al titular de la Secretar\u00eda de Infraestructura, Comunicaciones y Transportes del Gobierno Federal para que, a trav\u00e9s de la Delegaci\u00f3n Guerrero, realice las acciones presupuestales y humanas necesarias para la rehabilitaci\u00f3n de los tramos&#8230;<\/p>\n","protected":false},"author":1,"featured_media":5650,"comment_status":"closed","ping_status":"open","sticky":false,"template":"","format":"standard","meta":{"_monsterinsights_skip_tracking":false,"_monsterinsights_sitenote_active":false,"_monsterinsights_sitenote_note":"","_monsterinsights_sitenote_category":0,"footnotes":""},"categories":[3],"tags":[],"class_list":["post-5649","post","type-post","status-publish","format-standard","has-post-thumbnail","hentry","category-boletin"],"aioseo_notices":[],"_links":{"self":[{"href":"https:\/\/congresogro.gob.mx\/63\/inicio\/wp-json\/wp\/v2\/posts\/5649","targetHints":{"allow":["GET"]}}],"collection":[{"href":"https:\/\/congresogro.gob.mx\/63\/inicio\/wp-json\/wp\/v2\/posts"}],"about":[{"href":"https:\/\/congresogro.gob.mx\/63\/inicio\/wp-json\/wp\/v2\/types\/post"}],"author":[{"embeddable":true,"href":"https:\/\/congresogro.gob.mx\/63\/inicio\/wp-json\/wp\/v2\/users\/1"}],"replies":[{"embeddable":true,"href":"https:\/\/congresogro.gob.mx\/63\/inicio\/wp-json\/wp\/v2\/comments?post=5649"}],"version-history":[{"count":1,"href":"https:\/\/congresogro.gob.mx\/63\/inicio\/wp-json\/wp\/v2\/posts\/5649\/revisions"}],"predecessor-version":[{"id":5651,"href":"https:\/\/congresogro.gob.mx\/63\/inicio\/wp-json\/wp\/v2\/posts\/5649\/revisions\/5651"}],"wp:featuredmedia":[{"embeddable":true,"href":"https:\/\/congresogro.gob.mx\/63\/inicio\/wp-json\/wp\/v2\/media\/5650"}],"wp:attachment":[{"href":"https:\/\/congresogro.gob.mx\/63\/inicio\/wp-json\/wp\/v2\/media?parent=5649"}],"wp:term":[{"taxonomy":"category","embeddable":true,"href":"https:\/\/congresogro.gob.mx\/63\/inicio\/wp-json\/wp\/v2\/categories?post=5649"},{"taxonomy":"post_tag","embeddable":true,"href":"https:\/\/congresogro.gob.mx\/63\/inicio\/wp-json\/wp\/v2\/tags?post=5649"}],"curies":[{"name":"wp","href":"https:\/\/api.w.org\/{rel}","templated":true}]}}