{"id":5597,"date":"2022-11-16T19:07:31","date_gmt":"2022-11-17T01:07:31","guid":{"rendered":"https:\/\/congresogro.gob.mx\/63\/inicio\/?p=5597"},"modified":"2022-11-16T19:07:31","modified_gmt":"2022-11-17T01:07:31","slug":"proponen-reforma-para-la-aplicacion-del-tamiz-metabolico-ampliado-en-todas-las-unidades-medicas","status":"publish","type":"post","link":"https:\/\/congresogro.gob.mx\/63\/inicio\/2022\/11\/16\/proponen-reforma-para-la-aplicacion-del-tamiz-metabolico-ampliado-en-todas-las-unidades-medicas\/","title":{"rendered":"PROPONEN REFORMA PARA LA APLICACI\u00d3N DEL TAMIZ METAB\u00d3LICO AMPLIADO EN TODAS LAS UNIDADES M\u00c9DICAS"},"content":{"rendered":"<p style=\"text-align: justify;\"><strong>Chilpancingo, Gro., 16 de noviembre de 2022.- <\/strong>La diputada Jessica Alejo Rayo propuso reformar las Leyes de Salud y para la Protecci\u00f3n de los Derechos de las Ni\u00f1as, Ni\u00f1os y Adolescentes del Estado de Guerrero, para establecer que todas las unidades m\u00e9dicas estatales cuenten con la aplicaci\u00f3n del tamiz metab\u00f3lico ampliado de manera gratuita, obligatoria y universal para los reci\u00e9n nacidos, dentro de los primeros tres d\u00edas posteriores al nacimiento.<\/p>\n<p style=\"text-align: justify;\">La diputada integrante del Grupo Parlamentario de Morena expuso que la prueba del tamiz metab\u00f3lico neonatal es un procedimiento que sirve para detectar alguna patolog\u00eda end\u00f3crina, infecciosa, as\u00ed como errores metab\u00f3licos en reci\u00e9n nacidos, lo cual permite tratar o aminorar las consecuentes enfermedades.<\/p>\n<p style=\"text-align: justify;\">Precis\u00f3 que las pruebas de este tamizaje son con la intenci\u00f3n de detectar afectaciones en los beb\u00e9s, ya sea por enfermedades metab\u00f3licas que pueden pasar inadvertidas a simple vista durante los primeros d\u00edas de vida, pero que ocasionan diversos da\u00f1os.<\/p>\n<p style=\"text-align: justify;\">La legisladora refiri\u00f3 que debido al alcance y los resultados que arroja la prueba del tamiz neonatal, es necesario implementar medidas para que todas las unidades m\u00e9dicas cuenten con la aplicaci\u00f3n de manera gratuita, obligatoria y universal a los reci\u00e9n nacidos, como ya se hace en los estados de<\/p>\n<p style=\"text-align: justify;\">Colima, Durango, Jalisco, Morelos, Nuevo Le\u00f3n, Oaxaca, Sonora y Zacatecas.<\/p>\n<p style=\"text-align: justify;\">Abund\u00f3 que la aplicaci\u00f3n de esta prueba permitir\u00e1 tambi\u00e9n dar paso a un mayor avance cient\u00edfico y m\u00e9dico para el tratamiento de las enfermedades raras, abriendo la posibilidad de disminuir los \u00edndices de mortalidad infantil.<\/p>\n<p style=\"text-align: justify;\">Y es que -abund\u00f3- Guerrero ocup\u00f3 el primer lugar en 2020 en tasa de fecundidad, con una media de 2.5 hijos por mujer, de acuerdo con datos del censo poblacional, lo que hace \u201cnecesario legislar para salvaguardar la salud y el bienestar de quienes son el presente y futuro de nuestro estado, as\u00ed como garantizar todos sus derechos\u201d.<\/p>\n<p style=\"text-align: justify;\">La iniciativa fue turnada por la Mesa Directiva a las comisiones unidas de Salud y de los Derechos de las Ni\u00f1as, Ni\u00f1os y Adolescentes, para su an\u00e1lisis y emisi\u00f3n y dictaminaci\u00f3n.<\/p>\n","protected":false},"excerpt":{"rendered":"<p>Chilpancingo, Gro., 16 de noviembre de 2022.- La diputada Jessica Alejo Rayo propuso reformar las Leyes de Salud y para la Protecci\u00f3n de los Derechos de las Ni\u00f1as, Ni\u00f1os y Adolescentes del Estado de Guerrero, para establecer que todas las unidades m\u00e9dicas estatales cuenten con la aplicaci\u00f3n del tamiz metab\u00f3lico ampliado de manera gratuita, obligatoria&#8230;<\/p>\n","protected":false},"author":1,"featured_media":5598,"comment_status":"closed","ping_status":"open","sticky":false,"template":"","format":"standard","meta":{"_monsterinsights_skip_tracking":false,"_monsterinsights_sitenote_active":false,"_monsterinsights_sitenote_note":"","_monsterinsights_sitenote_category":0,"footnotes":""},"categories":[3,10],"tags":[],"class_list":["post-5597","post","type-post","status-publish","format-standard","has-post-thumbnail","hentry","category-boletin","category-jessica-ivette-alejo-rayo"],"aioseo_notices":[],"_links":{"self":[{"href":"https:\/\/congresogro.gob.mx\/63\/inicio\/wp-json\/wp\/v2\/posts\/5597","targetHints":{"allow":["GET"]}}],"collection":[{"href":"https:\/\/congresogro.gob.mx\/63\/inicio\/wp-json\/wp\/v2\/posts"}],"about":[{"href":"https:\/\/congresogro.gob.mx\/63\/inicio\/wp-json\/wp\/v2\/types\/post"}],"author":[{"embeddable":true,"href":"https:\/\/congresogro.gob.mx\/63\/inicio\/wp-json\/wp\/v2\/users\/1"}],"replies":[{"embeddable":true,"href":"https:\/\/congresogro.gob.mx\/63\/inicio\/wp-json\/wp\/v2\/comments?post=5597"}],"version-history":[{"count":1,"href":"https:\/\/congresogro.gob.mx\/63\/inicio\/wp-json\/wp\/v2\/posts\/5597\/revisions"}],"predecessor-version":[{"id":5599,"href":"https:\/\/congresogro.gob.mx\/63\/inicio\/wp-json\/wp\/v2\/posts\/5597\/revisions\/5599"}],"wp:featuredmedia":[{"embeddable":true,"href":"https:\/\/congresogro.gob.mx\/63\/inicio\/wp-json\/wp\/v2\/media\/5598"}],"wp:attachment":[{"href":"https:\/\/congresogro.gob.mx\/63\/inicio\/wp-json\/wp\/v2\/media?parent=5597"}],"wp:term":[{"taxonomy":"category","embeddable":true,"href":"https:\/\/congresogro.gob.mx\/63\/inicio\/wp-json\/wp\/v2\/categories?post=5597"},{"taxonomy":"post_tag","embeddable":true,"href":"https:\/\/congresogro.gob.mx\/63\/inicio\/wp-json\/wp\/v2\/tags?post=5597"}],"curies":[{"name":"wp","href":"https:\/\/api.w.org\/{rel}","templated":true}]}}