{"id":5594,"date":"2022-11-15T18:40:47","date_gmt":"2022-11-16T00:40:47","guid":{"rendered":"https:\/\/congresogro.gob.mx\/63\/inicio\/?p=5594"},"modified":"2022-11-15T18:40:47","modified_gmt":"2022-11-16T00:40:47","slug":"aprueba-el-congreso-un-exhorto-para-la-creacion-de-la-subsecretaria-de-fomento-y-desarrollo-integral-del-pueblo-afromexicano","status":"publish","type":"post","link":"https:\/\/congresogro.gob.mx\/63\/inicio\/2022\/11\/15\/aprueba-el-congreso-un-exhorto-para-la-creacion-de-la-subsecretaria-de-fomento-y-desarrollo-integral-del-pueblo-afromexicano\/","title":{"rendered":"APRUEBA EL CONGRESO UN EXHORTO PARA LA CREACI\u00d3N DE LA SUBSECRETAR\u00cdA DE FOMENTO Y DESARROLLO INTEGRAL DEL PUEBLO AFROMEXICANO"},"content":{"rendered":"<p style=\"text-align: justify;\"><strong>Chilpancingo, Gro., 15 de noviembre de 2022.- <\/strong>El Congreso del Estado exhort\u00f3 a la titular de la Secretar\u00eda para el Desarrollo de los Pueblos Ind\u00edgenas y Afromexicanos, Reyna Mej\u00eda Morales, para que, en coordinaci\u00f3n con las secretar\u00edas de Finanzas y Administraci\u00f3n y de Contralor\u00eda y Transparencia Gubernamental, establezcan los mecanismos necesarios para la creaci\u00f3n de la Subsecretar\u00eda para el Fomento y Desarrollo Integral del Pueblo Afromexicano.<\/p>\n<p style=\"text-align: justify;\">Al presentar su propuesta, el diputado Ociel Hugar Garc\u00eda Trujillo (PRD) resalt\u00f3 que la Constituci\u00f3n Pol\u00edtica local sustenta la identidad multi\u00e9tnica, pluriling\u00fc\u00edstica y pluricultural en sus pueblos originarios ind\u00edgenas, particularmente los nahuas, mixtecos, tlapanecos y amuzgos, as\u00ed como en sus comunidades afromexicanas, reconociendo sus usos, costumbres y dem\u00e1s especificidades culturales.<\/p>\n<p style=\"text-align: justify;\">Indic\u00f3 que la nueva Ley Org\u00e1nica de la Administraci\u00f3n P\u00fablica del Estado establece que la Secretar\u00eda para el Desarrollo de los Pueblos Ind\u00edgenas y Afromexicanos es la encargada de promover, respetar, vigilar y garantizar el reconocimiento pleno y el ejercicio de los derechos de los pueblos y comunidades ind\u00edgenas y afromexicanas, reconocidos en la Constituci\u00f3n Federal, los instrumentos jur\u00eddicos internacionales y las leyes locales.<\/p>\n<p style=\"text-align: justify;\">\n<p style=\"text-align: justify;\">Sin embargo, expuso que a pesar de que existe esta dependencia, no existe una Subsecretar\u00eda de Atenci\u00f3n y Desarrollo del Pueblo Afromexicano, lo que deja a este sector sin una instituci\u00f3n espec\u00edfica que atienda sus problem\u00e1ticas y necesidades.<\/p>\n<p style=\"text-align: justify;\">\u201cLa falta de esta dependencia acrecienta la incapacidad de respuesta de las instituciones frente a la ciudadan\u00eda, lo que queda de manifiesto en tr\u00e1mites y servicios p\u00fablicos de baja calidad, con presencia de corrupci\u00f3n y mecanismos formales pero poco efectivos para atender la voz de los usuarios\u201d, remarc\u00f3.<\/p>\n<p style=\"text-align: justify;\">El legislador se pronunci\u00f3 a favor de la creaci\u00f3n de una instancia que atienda las necesidades espec\u00edficas de los afromexicanos, cuya atenci\u00f3n no puede ser igual a la del sector ind\u00edgena, ya que sus caracter\u00edsticas culturales son diferentes, incluso su lengua.<\/p>\n<p style=\"text-align: justify;\">Por todo lo anterior, Garc\u00eda Trujillo plante\u00f3 exhortar a la Secretar\u00eda de Finanzas y Administraci\u00f3n del Gobierno del Estado para que, en coordinaci\u00f3n con la Secretar\u00eda para el Desarrollo de los Pueblos Ind\u00edgenas y Afromexicanos, se generen las condiciones presupuestales necesarias para crear dentro del organigrama institucional la subsecretar\u00eda antes citada.<\/p>\n<p style=\"text-align: justify;\"><strong>\u00a0<\/strong><\/p>\n<p style=\"text-align: justify;\"><strong>Dict\u00e1menes <\/strong><\/p>\n<p style=\"text-align: justify;\">Diputadas y diputados de la LXIII Legislatura aprobaron un dictamen relativo a las cuentas p\u00fablicas del Poder Ejecutivo sector central y paraestatal, Poder Legislativo, Poder Judicial y \u00f3rganos aut\u00f3nomos del estado de Guerrero correspondientes al Ejercicio Fiscal 2020.<\/p>\n<p style=\"text-align: justify;\">En la misma sesi\u00f3n se qued\u00f3 aprobada por el Pleno la renuncia de Jos\u00e9 Alberto Nava Palacios al derecho de asumir el cargo y funciones de presidente del Ayuntamiento de San Miguel Totolapan.<\/p>\n","protected":false},"excerpt":{"rendered":"<p>Chilpancingo, Gro., 15 de noviembre de 2022.- El Congreso del Estado exhort\u00f3 a la titular de la Secretar\u00eda para el Desarrollo de los Pueblos Ind\u00edgenas y Afromexicanos, Reyna Mej\u00eda Morales, para que, en coordinaci\u00f3n con las secretar\u00edas de Finanzas y Administraci\u00f3n y de Contralor\u00eda y Transparencia Gubernamental, establezcan los mecanismos necesarios para la creaci\u00f3n de&#8230;<\/p>\n","protected":false},"author":1,"featured_media":5595,"comment_status":"closed","ping_status":"open","sticky":false,"template":"","format":"standard","meta":{"_monsterinsights_skip_tracking":false,"_monsterinsights_sitenote_active":false,"_monsterinsights_sitenote_note":"","_monsterinsights_sitenote_category":0,"footnotes":""},"categories":[3,36],"tags":[],"class_list":["post-5594","post","type-post","status-publish","format-standard","has-post-thumbnail","hentry","category-boletin","category-ociel-hugar-garcia-trujillo"],"aioseo_notices":[],"_links":{"self":[{"href":"https:\/\/congresogro.gob.mx\/63\/inicio\/wp-json\/wp\/v2\/posts\/5594","targetHints":{"allow":["GET"]}}],"collection":[{"href":"https:\/\/congresogro.gob.mx\/63\/inicio\/wp-json\/wp\/v2\/posts"}],"about":[{"href":"https:\/\/congresogro.gob.mx\/63\/inicio\/wp-json\/wp\/v2\/types\/post"}],"author":[{"embeddable":true,"href":"https:\/\/congresogro.gob.mx\/63\/inicio\/wp-json\/wp\/v2\/users\/1"}],"replies":[{"embeddable":true,"href":"https:\/\/congresogro.gob.mx\/63\/inicio\/wp-json\/wp\/v2\/comments?post=5594"}],"version-history":[{"count":1,"href":"https:\/\/congresogro.gob.mx\/63\/inicio\/wp-json\/wp\/v2\/posts\/5594\/revisions"}],"predecessor-version":[{"id":5596,"href":"https:\/\/congresogro.gob.mx\/63\/inicio\/wp-json\/wp\/v2\/posts\/5594\/revisions\/5596"}],"wp:featuredmedia":[{"embeddable":true,"href":"https:\/\/congresogro.gob.mx\/63\/inicio\/wp-json\/wp\/v2\/media\/5595"}],"wp:attachment":[{"href":"https:\/\/congresogro.gob.mx\/63\/inicio\/wp-json\/wp\/v2\/media?parent=5594"}],"wp:term":[{"taxonomy":"category","embeddable":true,"href":"https:\/\/congresogro.gob.mx\/63\/inicio\/wp-json\/wp\/v2\/categories?post=5594"},{"taxonomy":"post_tag","embeddable":true,"href":"https:\/\/congresogro.gob.mx\/63\/inicio\/wp-json\/wp\/v2\/tags?post=5594"}],"curies":[{"name":"wp","href":"https:\/\/api.w.org\/{rel}","templated":true}]}}