{"id":5591,"date":"2022-11-15T18:39:52","date_gmt":"2022-11-16T00:39:52","guid":{"rendered":"https:\/\/congresogro.gob.mx\/63\/inicio\/?p=5591"},"modified":"2022-11-15T18:39:52","modified_gmt":"2022-11-16T00:39:52","slug":"proponen-incorporar-la-crianza-positiva-en-la-ley-para-la-proteccion-de-ninas-ninos-y-adolescentes","status":"publish","type":"post","link":"https:\/\/congresogro.gob.mx\/63\/inicio\/2022\/11\/15\/proponen-incorporar-la-crianza-positiva-en-la-ley-para-la-proteccion-de-ninas-ninos-y-adolescentes\/","title":{"rendered":"PROPONEN INCORPORAR LA CRIANZA POSITIVA EN LA  LEY PARA LA PROTECCI\u00d3N DE NI\u00d1AS, NI\u00d1OS Y ADOLESCENTES"},"content":{"rendered":"<p style=\"text-align: justify;\"><strong>Chilpancingo, Gro., 15 de noviembre de 2022.-<\/strong> La diputada Ana Lenis Res\u00e9ndiz Javier propuso reformas a la Ley para la Protecci\u00f3n de los Derechos de las Ni\u00f1as, Ni\u00f1os y Adolescentes del Estado de Guerrero, con el objeto de incluir la figura de crianza positiva, ausente de castigo f\u00edsico, como una forma de educar que genere un mejor desarrollo, bienestar y crecimiento saludable para este sector.<\/p>\n<p style=\"text-align: justify;\">Al presentar la iniciativa, la legisladora por el Partido Acci\u00f3n Nacional manifest\u00f3 que toda persona que tenga bajo su tutela a una ni\u00f1a, ni\u00f1o o adolescente tiene la responsabilidad de cuidarle, protegerle y formarle mediante una crianza positiva, que garantice todos sus derechos, sin lugar al maltrato, castigo f\u00edsico, humillante y cruel, ni amenazas, gritos, rega\u00f1os o cr\u00edticas atemorizantes.<\/p>\n<p style=\"text-align: justify;\">Refiri\u00f3 que los derechos de los menores est\u00e1n establecidos de manera espec\u00edfica en la Constituci\u00f3n Pol\u00edtica federal y en diversos tratados internacionales que se\u00f1alan que en todas las decisiones y actuaciones el Estado velar\u00e1 y cumplir\u00e1 con el principio del inter\u00e9s superior de la ni\u00f1ez.<\/p>\n<p style=\"text-align: justify;\">\u201cDesafortunadamente, ni\u00f1as, ni\u00f1os y adolescentes est\u00e1n expuestos a una violencia cotidiana, de acuerdo con el informe de la Consulta Infantil y Juvenil 2021, lo que hace notable que las personas que se encuentran a cargo del cuidado de las ni\u00f1as, ni\u00f1os y adolescentes ejercen como parte de sus cuidados los golpes, en lugar de una crianza positiva\u201d, abund\u00f3.<\/p>\n<p style=\"text-align: justify;\">Por lo anterior, Res\u00e9ndiz Javier considera menester impulsar medidas legislativas para que las ni\u00f1as, ni\u00f1os y adolescentes guerrerenses dejen de ser v\u00edctimas de pr\u00e1cticas crueles o humillantes, y en contrapartida se contemple la crianza positiva, lo que ayudar\u00e1 a su mejor desarrollo.<\/p>\n<p style=\"text-align: justify;\">La propuesta establece como crianza positiva aquellas pr\u00e1cticas de cuidado, protecci\u00f3n, formaci\u00f3n y gu\u00eda que posibilitan el desarrollo, bienestar y crecimiento saludable y armonioso, tanto f\u00edsico como mental, espiritual, \u00e9tico, cultural y social de las ni\u00f1as, ni\u00f1os y adolescentes, gracias a que se realiza de acuerdo con la evoluci\u00f3n de las facultades, la etapa del ciclo vital de desarrollo, caracter\u00edsticas y cualidades de los menores, sin recurrir a la violencia y respetando sus derechos humanos.<\/p>\n<p style=\"text-align: justify;\">Esta iniciativa de reformas fue turnada por la Mesa Directiva a la Comisi\u00f3n de los Derechos de las Ni\u00f1as, Ni\u00f1os y Adolescentes, para su an\u00e1lisis y dictaminaci\u00f3n correspondientes.<\/p>\n<p style=\"text-align: justify;\">\n<p style=\"text-align: justify;\"><strong>Intervenciones<\/strong><\/p>\n<p style=\"text-align: justify;\">La diputada Jessica Ivette Alejo Rayo (Morena) particip\u00f3 en relaci\u00f3n al 14 de noviembre, D\u00eda Mundial de la Diabetes, conmemoraci\u00f3n establecida para concientizar a la sociedad acerca de este problema de salud p\u00fablica y para poder mejorar las acciones de prevenci\u00f3n, diagn\u00f3stico y tratamiento, que reduzcan el alto \u00edndice de defunciones por esta causa.<\/p>\n<p style=\"text-align: justify;\">La legisladora extern\u00f3 su solidaridad y apoyo a las personas con este padecimiento, y se pronunci\u00f3 a favor de que haya recursos econ\u00f3micos suficientes para acceder a la atenci\u00f3n m\u00e9dica oportuna, adem\u00e1s de hacer un frente com\u00fan entre sociedad y gobierno para que las \u00e1reas encargadas de la atenci\u00f3n de la salud en el estado implementen pol\u00edticas y programas preventivos y de atenci\u00f3n.<\/p>\n<p style=\"text-align: justify;\">\n<p style=\"text-align: justify;\">La diputada Ang\u00e9lica Espinoza Garc\u00eda (Morena) abord\u00f3 el tema del D\u00eda Mundial de la Diabetes, se\u00f1alando que es importante poner en la agenda legislativa la importancia de la prevenci\u00f3n y atenci\u00f3n oportuna y de calidad, y para contrarrestar la problem\u00e1tica, fomentar entre la sociedad una dieta saludable, actividad f\u00edsica regular, aunado a evitar el consumo de tabaco y alcohol.<\/p>\n<p style=\"text-align: justify;\">Por su parte, el diputado Alfredo S\u00e1nchez Esquivel (Morena) particip\u00f3 con el tema \u201cEl Templo de Santa Mar\u00eda de la Asunci\u00f3n, ahora templo de Cuauht\u00e9moc\u201d. Record\u00f3 que a propuesta del PRD el Congreso del Estado realiz\u00f3 sesi\u00f3n solemne en Ixcateopan, sitio que alberga los restos del \u00faltimo Huey Tlatoani Azteca, y que es un orgullo para Guerrero.<\/p>\n<p style=\"text-align: justify;\">El legislador hizo un llamado a sus hom\u00f3logos para que en el Presupuesto de Egresos 2023 que est\u00e1 en an\u00e1lisis en la Comisi\u00f3n de Presupuesto y Cuenta P\u00fablica, se asigne una partida de recursos para la rehabilitaci\u00f3n de dicho espacio, y que esto coadyuve a su dignificaci\u00f3n.<\/p>\n","protected":false},"excerpt":{"rendered":"<p>Chilpancingo, Gro., 15 de noviembre de 2022.- La diputada Ana Lenis Res\u00e9ndiz Javier propuso reformas a la Ley para la Protecci\u00f3n de los Derechos de las Ni\u00f1as, Ni\u00f1os y Adolescentes del Estado de Guerrero, con el objeto de incluir la figura de crianza positiva, ausente de castigo f\u00edsico, como una forma de educar que genere&#8230;<\/p>\n","protected":false},"author":1,"featured_media":5592,"comment_status":"closed","ping_status":"open","sticky":false,"template":"","format":"standard","meta":{"_monsterinsights_skip_tracking":false,"_monsterinsights_sitenote_active":false,"_monsterinsights_sitenote_note":"","_monsterinsights_sitenote_category":0,"footnotes":""},"categories":[45,3],"tags":[],"class_list":["post-5591","post","type-post","status-publish","format-standard","has-post-thumbnail","hentry","category-ana-lenis-resendiz-javier","category-boletin"],"aioseo_notices":[],"_links":{"self":[{"href":"https:\/\/congresogro.gob.mx\/63\/inicio\/wp-json\/wp\/v2\/posts\/5591","targetHints":{"allow":["GET"]}}],"collection":[{"href":"https:\/\/congresogro.gob.mx\/63\/inicio\/wp-json\/wp\/v2\/posts"}],"about":[{"href":"https:\/\/congresogro.gob.mx\/63\/inicio\/wp-json\/wp\/v2\/types\/post"}],"author":[{"embeddable":true,"href":"https:\/\/congresogro.gob.mx\/63\/inicio\/wp-json\/wp\/v2\/users\/1"}],"replies":[{"embeddable":true,"href":"https:\/\/congresogro.gob.mx\/63\/inicio\/wp-json\/wp\/v2\/comments?post=5591"}],"version-history":[{"count":1,"href":"https:\/\/congresogro.gob.mx\/63\/inicio\/wp-json\/wp\/v2\/posts\/5591\/revisions"}],"predecessor-version":[{"id":5593,"href":"https:\/\/congresogro.gob.mx\/63\/inicio\/wp-json\/wp\/v2\/posts\/5591\/revisions\/5593"}],"wp:featuredmedia":[{"embeddable":true,"href":"https:\/\/congresogro.gob.mx\/63\/inicio\/wp-json\/wp\/v2\/media\/5592"}],"wp:attachment":[{"href":"https:\/\/congresogro.gob.mx\/63\/inicio\/wp-json\/wp\/v2\/media?parent=5591"}],"wp:term":[{"taxonomy":"category","embeddable":true,"href":"https:\/\/congresogro.gob.mx\/63\/inicio\/wp-json\/wp\/v2\/categories?post=5591"},{"taxonomy":"post_tag","embeddable":true,"href":"https:\/\/congresogro.gob.mx\/63\/inicio\/wp-json\/wp\/v2\/tags?post=5591"}],"curies":[{"name":"wp","href":"https:\/\/api.w.org\/{rel}","templated":true}]}}