{"id":5588,"date":"2022-11-15T18:38:59","date_gmt":"2022-11-16T00:38:59","guid":{"rendered":"https:\/\/congresogro.gob.mx\/63\/inicio\/?p=5588"},"modified":"2022-11-15T18:38:59","modified_gmt":"2022-11-16T00:38:59","slug":"exhorta-congreso-a-la-seg-y-el-igife-para-que-atiendan-necesidades-de-infraestructura-en-los-centros-de-atencion-multiple","status":"publish","type":"post","link":"https:\/\/congresogro.gob.mx\/63\/inicio\/2022\/11\/15\/exhorta-congreso-a-la-seg-y-el-igife-para-que-atiendan-necesidades-de-infraestructura-en-los-centros-de-atencion-multiple\/","title":{"rendered":"EXHORTA CONGRESO A LA SEG Y EL IGIFE PARA QUE ATIENDAN NECESIDADES DE INFRAESTRUCTURA EN LOS CENTROS DE ATENCI\u00d3N M\u00daLTIPLE"},"content":{"rendered":"<p style=\"text-align: justify;\"><strong>Chilpancingo, Gro., 15 de noviembre de 2022<\/strong>.- El Congreso del Estado exhort\u00f3 por unanimidad a los titulares de la Secretar\u00eda de Educaci\u00f3n Guerrero, Marcial Rodr\u00edguez Salda\u00f1a y del Instituto Guerrerense de la Infraestructura F\u00edsica Educativa (IGIFE) Martin Vega Gonz\u00e1lez, para que establezcan acciones estrat\u00e9gicas y designen los recursos econ\u00f3micos necesarios para atender las necesidades de infraestructura de los Centros de Atenci\u00f3n M\u00faltiple de Educaci\u00f3n Especial en la entidad.<\/p>\n<p style=\"text-align: justify;\">La propuesta que fue presentada por el diputado Fortunato Hern\u00e1ndez Carbajal detalla que la educaci\u00f3n especial es un servicio educativo que tiene como prop\u00f3sito identificar, minimizar, prevenir y eliminar las barreras para el aprendizaje y participaci\u00f3n de las y los alumnos con alguna discapacidad, dificultades severas de aprendizaje, de comunicaci\u00f3n y de conducta; trastorno del espectro autista, trastorno por d\u00e9ficit de atenci\u00f3n e hiperactividad, adem\u00e1s de aquellos con aptitudes sobresalientes.<\/p>\n<p style=\"text-align: justify;\">El diputado integrante de Morena recalc\u00f3 la importancia de mejorar las condiciones de Infraestructura educativa en estos centros para cumplir con los principios de excelencia, equidad e inclusi\u00f3n educativa hacia la poblaci\u00f3n con discapacidad y\/o trastornos.<\/p>\n<p style=\"text-align: justify;\">Por lo antes mencionado, el legislador consider\u00f3 urgente \u00a0mejorar las condiciones de infraestructura educativa de todos los Centros de Atenci\u00f3n M\u00faltiple, poniendo especial atenci\u00f3n a los que se ubican en la Comisar\u00eda de San Luis de la Loma, Cuajinicuilapa, Zumpango del R\u00edo, Las Vigas, Teloloapan, Petatl\u00e1n, Tlapa y Cruz Grande, al ser espacios que tienen mayores necesidades y no cuentan con rampas de acceso, se almacenan materiales peligrosos y autom\u00f3viles en sus patios, algunos no cuentan con ba\u00f1os o cuentan con ba\u00f1os sin los requerimientos b\u00e1sicos para personas con discapacidad, no tienen servicio de agua potable y no son exclusivos de los alumnos.<\/p>\n<p style=\"text-align: justify;\">\n<p style=\"text-align: justify;\"><strong>Intervenciones<\/strong><\/p>\n<p style=\"text-align: justify;\">La diputada Gabriela Bernal Res\u00e9ndiz particip\u00f3 en relaci\u00f3n con el D\u00eda Internacional de la Eliminaci\u00f3n de la Violencia Contra la Mujer, recordando que en el pa\u00eds siete de cada diez mujeres han sufrido alg\u00fan tipo de violencia, y que el a\u00f1o 2021 acumul\u00f3 la mayor cantidad de feminicidios.\u00a0 Al mismo tiempo, expres\u00f3 que en el Congreso se ha demostrado una y otra vez que, para apoyarse mutuamente, no existen partidos pol\u00edticos. En ese sentido, hizo un llamado a erradicar la violencia de g\u00e9nero dentro y fuera del Poder Legislativo. Participaron en relaci\u00f3n con el tema el diputado Alfredo S\u00e1nchez Esquivel, las diputadas Gloria Citlali Calixto Jim\u00e9nez, Leticia Castro Ortiz, Flor A\u00f1orve Ocampo y el diputado Fortunato Hern\u00e1ndez Carbajal.<\/p>\n<p style=\"text-align: justify;\">Al participar con el tema \u201cLa seguridad y procuraci\u00f3n de justicia en el estado de Guerrero\u201d, el diputado Alfredo S\u00e1nchez Esquivel refiri\u00f3 los hechos de violencia registrados en el municipio de San Miguel Totolapan. En ese contexto, consider\u00f3 urgente un cambio en la estrategia de seguridad p\u00fablica que se implementa, y este viraje pasa por la aprobaci\u00f3n de recursos en este Congreso, para invertir en seguridad p\u00fablica y procuraci\u00f3n de justicia, ya que, as\u00ed como los ataques violentos en distintos puntos de la entidad, siguen siendo alarmantes los casos de personas desaparecidas.<\/p>\n","protected":false},"excerpt":{"rendered":"<p>Chilpancingo, Gro., 15 de noviembre de 2022.- El Congreso del Estado exhort\u00f3 por unanimidad a los titulares de la Secretar\u00eda de Educaci\u00f3n Guerrero, Marcial Rodr\u00edguez Salda\u00f1a y del Instituto Guerrerense de la Infraestructura F\u00edsica Educativa (IGIFE) Martin Vega Gonz\u00e1lez, para que establezcan acciones estrat\u00e9gicas y designen los recursos econ\u00f3micos necesarios para atender las necesidades de&#8230;<\/p>\n","protected":false},"author":1,"featured_media":5589,"comment_status":"closed","ping_status":"open","sticky":false,"template":"","format":"standard","meta":{"_monsterinsights_skip_tracking":false,"_monsterinsights_sitenote_active":false,"_monsterinsights_sitenote_note":"","_monsterinsights_sitenote_category":0,"footnotes":""},"categories":[3,44],"tags":[],"class_list":["post-5588","post","type-post","status-publish","format-standard","has-post-thumbnail","hentry","category-boletin","category-fortunato-hernandez-carbajal"],"aioseo_notices":[],"_links":{"self":[{"href":"https:\/\/congresogro.gob.mx\/63\/inicio\/wp-json\/wp\/v2\/posts\/5588","targetHints":{"allow":["GET"]}}],"collection":[{"href":"https:\/\/congresogro.gob.mx\/63\/inicio\/wp-json\/wp\/v2\/posts"}],"about":[{"href":"https:\/\/congresogro.gob.mx\/63\/inicio\/wp-json\/wp\/v2\/types\/post"}],"author":[{"embeddable":true,"href":"https:\/\/congresogro.gob.mx\/63\/inicio\/wp-json\/wp\/v2\/users\/1"}],"replies":[{"embeddable":true,"href":"https:\/\/congresogro.gob.mx\/63\/inicio\/wp-json\/wp\/v2\/comments?post=5588"}],"version-history":[{"count":1,"href":"https:\/\/congresogro.gob.mx\/63\/inicio\/wp-json\/wp\/v2\/posts\/5588\/revisions"}],"predecessor-version":[{"id":5590,"href":"https:\/\/congresogro.gob.mx\/63\/inicio\/wp-json\/wp\/v2\/posts\/5588\/revisions\/5590"}],"wp:featuredmedia":[{"embeddable":true,"href":"https:\/\/congresogro.gob.mx\/63\/inicio\/wp-json\/wp\/v2\/media\/5589"}],"wp:attachment":[{"href":"https:\/\/congresogro.gob.mx\/63\/inicio\/wp-json\/wp\/v2\/media?parent=5588"}],"wp:term":[{"taxonomy":"category","embeddable":true,"href":"https:\/\/congresogro.gob.mx\/63\/inicio\/wp-json\/wp\/v2\/categories?post=5588"},{"taxonomy":"post_tag","embeddable":true,"href":"https:\/\/congresogro.gob.mx\/63\/inicio\/wp-json\/wp\/v2\/tags?post=5588"}],"curies":[{"name":"wp","href":"https:\/\/api.w.org\/{rel}","templated":true}]}}