{"id":5496,"date":"2022-11-10T20:46:08","date_gmt":"2022-11-11T02:46:08","guid":{"rendered":"https:\/\/congresogro.gob.mx\/63\/inicio\/?p=5496"},"modified":"2022-11-10T20:46:08","modified_gmt":"2022-11-11T02:46:08","slug":"proponen-realizacion-de-semana-cultural-en-conmemoracion-del-abrazo-de-acatempan-en-teloloapan","status":"publish","type":"post","link":"https:\/\/congresogro.gob.mx\/63\/inicio\/2022\/11\/10\/proponen-realizacion-de-semana-cultural-en-conmemoracion-del-abrazo-de-acatempan-en-teloloapan\/","title":{"rendered":"PROPONEN REALIZACI\u00d3N DE SEMANA CULTURAL EN CONMEMORACI\u00d3N DEL \u201cABRAZO DE ACATEMPAN\u201d, EN TELOLOAPAN"},"content":{"rendered":"<p style=\"text-align: justify;\"><strong>Chilpancingo, Gro., 10 noviembre de 2022<\/strong>.- El Congreso del Estado aprob\u00f3 por unanimidad un punto de acuerdo por el que se instruye a la Comisi\u00f3n de Presupuesto y Cuenta P\u00fablica para que en el an\u00e1lisis del Proyecto de Presupuesto de Egresos del Estado de Guerrero para el Ejercicio Fiscal 2023, enviado por la gobernadora Evelyn Salgado Pineda, se proyecte el establecimiento de una partida presupuestal para que la Secretar\u00eda de Cultura del Gobierno del Estado realice una semana cultural en conmemoraci\u00f3n del \u201cAbrazo de Acatempan\u201d, en Teloloapan.<\/p>\n<p style=\"text-align: justify;\">La diputada Susana Paola Ju\u00e1rez G\u00f3mez, promovente del acuerdo, manifest\u00f3 que uno de los hechos que han dado identidad no solo a los guerrerenses sino a los mexicanos es, sin duda alguna, el denominado \u201cAbrazo de Acatempan\u201d.<\/p>\n<p style=\"text-align: justify;\">Al citar los datos hist\u00f3ricos, record\u00f3 que en el \u00abAbrazo de Acatempan\u00bb participaron Agust\u00edn de Iturbide, comandante en jefe del Ej\u00e9rcito del Sur de Nueva Espa\u00f1a, y Vicente Guerrero, jefe de las fuerzas insurgentes que luchaban por la Independencia de M\u00e9xico.<\/p>\n<p style=\"text-align: justify;\">Abund\u00f3 que, dada la importancia y trascendencia que representa para M\u00e9xico y los guerrerenses dicho acontecimiento hist\u00f3rico, se requiere el acompa\u00f1amiento de una partida presupuestal que permita a la Secretar\u00eda de Cultura realizar el evento antes citado, que coadyuve a la preservaci\u00f3n de las ra\u00edces hist\u00f3ricas como parte de nuestro patrimonio cultural.<\/p>\n<p style=\"text-align: justify;\">Record\u00f3, asimismo, que la Ley N\u00famero 239 para el Fomento y Desarrollo de la Cultura y las Artes del Estado establece que el Patrimonio Cultural son las expresiones culturales producidas en el \u00e1mbito estatal, y que se consideran de inter\u00e9s colectivo, y obliga a las autoridades responsables a establecer mecanismos de coordinaci\u00f3n, vinculaci\u00f3n y cooperaci\u00f3n con los tres niveles de gobierno, as\u00ed como con organizaciones civiles para la promoci\u00f3n, fomento y difusi\u00f3n cultural, con la inversi\u00f3n financiera correspondiente para su continuidad y progresividad.<\/p>\n<p style=\"text-align: justify;\"><strong>\u00a0<\/strong><\/p>\n<p style=\"text-align: justify;\"><strong>Dict\u00e1menes <\/strong><\/p>\n<p style=\"text-align: justify;\">Las y los diputados aprobaron el dictamen relativo a la vinculaci\u00f3n del Congreso del Estado en las sentencias de laudos laborales en contra de los municipios de Ayutla de los Libres, Azoy\u00fa, Atoyac, Cochoapa el Grande, Ajuchitl\u00e1n, Chilapa, Tecoanapa, Marquelia, Tecpan de Galeana, Pungarabato, Cutzamala de Pinz\u00f3n y Juan R. Escudero, realizadas por el Tribunal de Conciliaci\u00f3n y Arbitraje del Estado de Guerrero.<\/p>\n<p style=\"text-align: justify;\">Tambi\u00e9n aprobaron los dict\u00e1menes para declarar improcedente el escrito de Llilia Taquillo L\u00f3pez, directora general de Orientaci\u00f3n, Quejas y Gesti\u00f3n de la Comisi\u00f3n de Derechos Humanos del Estado, as\u00ed como el tenor de los anexos signados por Carlos Max Barbosa y otros, en relaci\u00f3n a la iniciativa de reformas al C\u00f3digo Penal en materia de aborto, y el decreto de adici\u00f3n a C\u00f3digo Civil del estado.<\/p>\n<p style=\"text-align: justify;\">Asimismo, se aprob\u00f3 un exhorto a la C\u00e1mara de Diputados del Congreso de la Uni\u00f3n y a la Secretar\u00eda de Hacienda y Cr\u00e9dito P\u00fablico para que consideren en el Proyecto de Presupuesto de Egresos de la Federaci\u00f3n 2023, programas que garanticen la atenci\u00f3n de las necesidades y demandas de los productores agropecuarios.<\/p>\n","protected":false},"excerpt":{"rendered":"<p>Chilpancingo, Gro., 10 noviembre de 2022.- El Congreso del Estado aprob\u00f3 por unanimidad un punto de acuerdo por el que se instruye a la Comisi\u00f3n de Presupuesto y Cuenta P\u00fablica para que en el an\u00e1lisis del Proyecto de Presupuesto de Egresos del Estado de Guerrero para el Ejercicio Fiscal 2023, enviado por la gobernadora Evelyn&#8230;<\/p>\n","protected":false},"author":1,"featured_media":5498,"comment_status":"closed","ping_status":"open","sticky":false,"template":"","format":"standard","meta":{"_monsterinsights_skip_tracking":false,"_monsterinsights_sitenote_active":false,"_monsterinsights_sitenote_note":"","_monsterinsights_sitenote_category":0,"footnotes":""},"categories":[3,23],"tags":[],"class_list":["post-5496","post","type-post","status-publish","format-standard","has-post-thumbnail","hentry","category-boletin","category-susana-paola-juarez-gomez"],"aioseo_notices":[],"_links":{"self":[{"href":"https:\/\/congresogro.gob.mx\/63\/inicio\/wp-json\/wp\/v2\/posts\/5496","targetHints":{"allow":["GET"]}}],"collection":[{"href":"https:\/\/congresogro.gob.mx\/63\/inicio\/wp-json\/wp\/v2\/posts"}],"about":[{"href":"https:\/\/congresogro.gob.mx\/63\/inicio\/wp-json\/wp\/v2\/types\/post"}],"author":[{"embeddable":true,"href":"https:\/\/congresogro.gob.mx\/63\/inicio\/wp-json\/wp\/v2\/users\/1"}],"replies":[{"embeddable":true,"href":"https:\/\/congresogro.gob.mx\/63\/inicio\/wp-json\/wp\/v2\/comments?post=5496"}],"version-history":[{"count":1,"href":"https:\/\/congresogro.gob.mx\/63\/inicio\/wp-json\/wp\/v2\/posts\/5496\/revisions"}],"predecessor-version":[{"id":5499,"href":"https:\/\/congresogro.gob.mx\/63\/inicio\/wp-json\/wp\/v2\/posts\/5496\/revisions\/5499"}],"wp:featuredmedia":[{"embeddable":true,"href":"https:\/\/congresogro.gob.mx\/63\/inicio\/wp-json\/wp\/v2\/media\/5498"}],"wp:attachment":[{"href":"https:\/\/congresogro.gob.mx\/63\/inicio\/wp-json\/wp\/v2\/media?parent=5496"}],"wp:term":[{"taxonomy":"category","embeddable":true,"href":"https:\/\/congresogro.gob.mx\/63\/inicio\/wp-json\/wp\/v2\/categories?post=5496"},{"taxonomy":"post_tag","embeddable":true,"href":"https:\/\/congresogro.gob.mx\/63\/inicio\/wp-json\/wp\/v2\/tags?post=5496"}],"curies":[{"name":"wp","href":"https:\/\/api.w.org\/{rel}","templated":true}]}}