{"id":5492,"date":"2022-11-10T20:44:48","date_gmt":"2022-11-11T02:44:48","guid":{"rendered":"https:\/\/congresogro.gob.mx\/63\/inicio\/?p=5492"},"modified":"2022-11-10T20:48:38","modified_gmt":"2022-11-11T02:48:38","slug":"proponen-iniciativa-de-ley-en-materia-de-desaparicion-de-personas-del-estado-de-guerrero","status":"publish","type":"post","link":"https:\/\/congresogro.gob.mx\/63\/inicio\/2022\/11\/10\/proponen-iniciativa-de-ley-en-materia-de-desaparicion-de-personas-del-estado-de-guerrero\/","title":{"rendered":"PROPONEN INICIATIVA DE LEY EN MATERIA DE  DESAPARICI\u00d3N DE PERSONAS DEL ESTADO DE GUERRERO"},"content":{"rendered":"<p style=\"text-align: justify;\"><strong>Chilpancingo, Gro., 10 de noviembre de 2022.-<\/strong> Atendiendo la demanda de las familias guerrerenses que han sufrido la p\u00e9rdida de seres queridos, la diputada Nora Yanek Vel\u00e1zquez Mart\u00ednez (Morena), a nombre tambi\u00e9n de la diputada Leticia Mosso Hern\u00e1ndez (PT) y el diputado Alfredo S\u00e1nchez Esquivel (Morena), present\u00f3 una iniciativa de Ley en Materia de Desaparici\u00f3n de Personas del Estado de Guerrero.<\/p>\n<p style=\"text-align: justify;\">La legisladora resalt\u00f3 que esta iniciativa tiene como objeto contribuir a la erradicaci\u00f3n del ominoso hecho de desaparici\u00f3n de personas, misma que fue integrada con propuestas de los grupos y colectivos de familiares de personas desaparecidas en Guerrero, a quienes hizo un reconocimiento p\u00fablico por su tenacidad, persistencia, y por resistirse al olvido.<\/p>\n<p style=\"text-align: justify;\">Agreg\u00f3 que para integrar la propuesta se llevaron a cabo mesas de trabajo en que participaron, adem\u00e1s del Congreso, la Fiscal\u00eda General del Estado, la Secretar\u00eda General de Gobierno, la Comisi\u00f3n de Derechos Humanos del Estado de Guerrero y el Comit\u00e9 Internacional de la Cruz Roja delegaci\u00f3n regional para M\u00e9xico y Am\u00e9rica Central, con lo cual se logr\u00f3 consensuar las principales l\u00edneas de trabajo.<\/p>\n<p style=\"text-align: justify;\">Abund\u00f3 que la desaparici\u00f3n forzada es un fen\u00f3meno diferenciado caracterizado por una violaci\u00f3n m\u00faltiple y continuada de numerosos derechos humanos, y significa una ruptura radical del Estado de derecho tanto en el \u00e1mbito local como internacional.<\/p>\n<p style=\"text-align: justify;\">\u201cCon esta iniciativa no solo estamos cumpliendo con la obligatoriedad de armonizar nuestro marco jur\u00eddico con la Ley General y llenar el vac\u00edo legal que limita a la actual Comisi\u00f3n Estatal de B\u00fasqueda, sino que se atiende, con un elemental sentido humanitario, la urgencia, la desesperaci\u00f3n, el dolor de quienes quieren encontrar a un ser querido que ha desaparecido\u201d, enfatiz\u00f3.<\/p>\n<p style=\"text-align: justify;\">La propuesta contempla la creaci\u00f3n de la Comisi\u00f3n Estatal de B\u00fasqueda como un \u00f3rgano desconcentrado de la Secretar\u00eda General de Gobierno, con autonom\u00eda t\u00e9cnica, administrativa, financiera y de gesti\u00f3n, siendo autoridad encargada de la b\u00fasqueda de personas en el territorio estatal, incluyendo, adem\u00e1s de la localizaci\u00f3n en vida, el trabajo forense con fines de identificaci\u00f3n de cuerpos y restos humanos.<\/p>\n<p style=\"text-align: justify;\">Tambi\u00e9n propone que el nombramiento del titular de la comisi\u00f3n est\u00e9 a cargo del Ejecutivo estatal, mediante un proceso de convocatoria p\u00fablica y consulta abierta a los organismos de familiares de personas desaparecidas, y ratificado por el Congreso del Estado por el voto de las dos terceras partes de las y los diputados presentes en sesi\u00f3n.<\/p>\n<p style=\"text-align: justify;\">Se crea tambi\u00e9n el Consejo Estatal Ciudadano, con facultades de seguimiento y evaluaci\u00f3n, disponiendo los recursos suficientes para conocer las acciones de todas las autoridades de seguridad p\u00fablica, investigaci\u00f3n y b\u00fasqueda que se encuentren involucradas, y se precisan las acciones de los Servicios Periciales y M\u00e9dico Forenses para garantizar su autonom\u00eda t\u00e9cnica, profesionalismo y rigor cient\u00edfico.<\/p>\n<p style=\"text-align: justify;\">Asimismo, se crea el Sistema Estatal de B\u00fasqueda de Personas, que ser\u00e1 instancia de coordinaci\u00f3n en la definici\u00f3n de pol\u00edticas p\u00fablicas, seguimiento de acciones y evaluaci\u00f3n, distinguiendo la participaci\u00f3n espec\u00edfica de los organismos sociales a trav\u00e9s del Consejo Estatal Ciudadano.<\/p>\n<p style=\"text-align: justify;\">La propuesta se turn\u00f3 a la Comisi\u00f3n de Derechos Humanos del Congreso para su an\u00e1lisis y dictaminaci\u00f3n.<\/p>\n","protected":false},"excerpt":{"rendered":"<p>Chilpancingo, Gro., 10 de noviembre de 2022.- Atendiendo la demanda de las familias guerrerenses que han sufrido la p\u00e9rdida de seres queridos, la diputada Nora Yanek Vel\u00e1zquez Mart\u00ednez (Morena), a nombre tambi\u00e9n de la diputada Leticia Mosso Hern\u00e1ndez (PT) y el diputado Alfredo S\u00e1nchez Esquivel (Morena), present\u00f3 una iniciativa de Ley en Materia de Desaparici\u00f3n&#8230;<\/p>\n","protected":false},"author":1,"featured_media":5494,"comment_status":"closed","ping_status":"open","sticky":false,"template":"","format":"standard","meta":{"_monsterinsights_skip_tracking":false,"_monsterinsights_sitenote_active":false,"_monsterinsights_sitenote_note":"","_monsterinsights_sitenote_category":0,"footnotes":""},"categories":[3,32],"tags":[],"class_list":["post-5492","post","type-post","status-publish","format-standard","has-post-thumbnail","hentry","category-boletin","category-nora-yanek-velazquez-martinez"],"aioseo_notices":[],"_links":{"self":[{"href":"https:\/\/congresogro.gob.mx\/63\/inicio\/wp-json\/wp\/v2\/posts\/5492","targetHints":{"allow":["GET"]}}],"collection":[{"href":"https:\/\/congresogro.gob.mx\/63\/inicio\/wp-json\/wp\/v2\/posts"}],"about":[{"href":"https:\/\/congresogro.gob.mx\/63\/inicio\/wp-json\/wp\/v2\/types\/post"}],"author":[{"embeddable":true,"href":"https:\/\/congresogro.gob.mx\/63\/inicio\/wp-json\/wp\/v2\/users\/1"}],"replies":[{"embeddable":true,"href":"https:\/\/congresogro.gob.mx\/63\/inicio\/wp-json\/wp\/v2\/comments?post=5492"}],"version-history":[{"count":1,"href":"https:\/\/congresogro.gob.mx\/63\/inicio\/wp-json\/wp\/v2\/posts\/5492\/revisions"}],"predecessor-version":[{"id":5495,"href":"https:\/\/congresogro.gob.mx\/63\/inicio\/wp-json\/wp\/v2\/posts\/5492\/revisions\/5495"}],"wp:featuredmedia":[{"embeddable":true,"href":"https:\/\/congresogro.gob.mx\/63\/inicio\/wp-json\/wp\/v2\/media\/5494"}],"wp:attachment":[{"href":"https:\/\/congresogro.gob.mx\/63\/inicio\/wp-json\/wp\/v2\/media?parent=5492"}],"wp:term":[{"taxonomy":"category","embeddable":true,"href":"https:\/\/congresogro.gob.mx\/63\/inicio\/wp-json\/wp\/v2\/categories?post=5492"},{"taxonomy":"post_tag","embeddable":true,"href":"https:\/\/congresogro.gob.mx\/63\/inicio\/wp-json\/wp\/v2\/tags?post=5492"}],"curies":[{"name":"wp","href":"https:\/\/api.w.org\/{rel}","templated":true}]}}