{"id":5426,"date":"2022-11-04T18:04:41","date_gmt":"2022-11-05T00:04:41","guid":{"rendered":"https:\/\/congresogro.gob.mx\/63\/inicio\/?p=5426"},"modified":"2022-11-04T18:04:41","modified_gmt":"2022-11-05T00:04:41","slug":"adelantan-grupos-parlamentarios-del-congreso-de-guerrero-su-voto-favorable-a-la-reforma-en-materia-de-guardia-nacional","status":"publish","type":"post","link":"https:\/\/congresogro.gob.mx\/63\/inicio\/2022\/11\/04\/adelantan-grupos-parlamentarios-del-congreso-de-guerrero-su-voto-favorable-a-la-reforma-en-materia-de-guardia-nacional\/","title":{"rendered":"ADELANTAN GRUPOS PARLAMENTARIOS DEL CONGRESO DE GUERRERO SU VOTO FAVORABLE A LA REFORMA EN MATERIA DE GUARDIA NACIONAL"},"content":{"rendered":"<p style=\"text-align: justify;\"><strong>Chilpancingo, Gro., 4 de noviembre de 2022.-<\/strong> Representantes de los Grupos y Representaciones Parlamentarias del Congreso del Estado adelantaron que votar\u00e1n a favor de la minuta con proyecto de decreto por el que se\u00a0 reforma el Art\u00edculo Quinto Transitorio del \u201cDecreto por el que se reforman, adicionan y derogan diversas disposiciones de la Constituci\u00f3n Pol\u00edtica de M\u00e9xico, en materia de Guardia Nacional\u201d, coincidiendo en que con la suma de voluntades de todos los actores pol\u00edticos y sociales se lograr\u00e1 construir un pa\u00eds de paz y de respeto a los derechos humanos.<\/p>\n<p style=\"text-align: justify;\">Ante el secretario de Gobernaci\u00f3n federal, Ad\u00e1n Augusto L\u00f3pez Hern\u00e1ndez; del diputado federal Ignacio Mier Velasco, presidente de la Junta de Coordinaci\u00f3n Pol\u00edtica de la C\u00e1mara de Diputados del Congreso de la Uni\u00f3n, y de la gobernadora Evelyn Cecia Salgado Pineda, las diputadas y diputados Leticia Mosso Hern\u00e1ndez, Manuel Qui\u00f1\u00f3nez Cort\u00e9s, Raymundo Garc\u00eda Guti\u00e9rrez, H\u00e9ctor Apreza Patr\u00f3n y Yoloczin Dom\u00ednguez Serna, a nombre del PT, PVEM, PRD, PRI y Morena, respectivamente, fijaron postura en relaci\u00f3n con la minuta mencionada.<\/p>\n<p style=\"text-align: justify;\">La diputada Leticia Mosso Hern\u00e1ndez manifest\u00f3 que la presencia del secretario de Gobernaci\u00f3n en el Congreso de Guerrero es una muestra de la madurez pol\u00edtica del Ejecutivo federal, en el sentido de buscar los consensos necesarios que den legalidad y legitimaci\u00f3n a las tareas de seguridad, que permita la paz en este estado y en el pa\u00eds.<\/p>\n<p style=\"text-align: justify;\">Adelant\u00f3 que acompa\u00f1ar\u00e1 con su voto la minuta, apostando que se pueda construir una historia de paz y respeto a los derechos humanos, devolviendo la tranquilidad a las familias mexicanas que padecen una violencia sin precedentes en el pa\u00eds.<\/p>\n<p style=\"text-align: justify;\">\u201cBrindemos tiempo y confianza a las Fuerzas Armadas para fortalecer la seguridad, hasta lograr la consolidaci\u00f3n de una Guardia Nacional que est\u00e9 a la altura de las circunstancias\u201d, apunt\u00f3.<\/p>\n<p style=\"text-align: justify;\">Por su parte, el diputado Manuel Qui\u00f1\u00f3nez Cort\u00e9s se\u00f1al\u00f3 que est\u00e1n a favor de la reforma constitucional porque se trata de salvaguardar la seguridad de todas las personas y de lograr la pacificaci\u00f3n del pa\u00eds; aunque indic\u00f3 que es importante que la Guardia Nacional cuente con facultades y atribuciones claras en su actuar, supeditadas a un mando superior de car\u00e1cter meramente civil y no castrense.<\/p>\n<p style=\"text-align: justify;\">Dijo tambi\u00e9n que no debe dejarse a un lado el fortalecimiento, profesionalizaci\u00f3n y certificaci\u00f3n de los cuerpos de seguridad p\u00fablica de los estados y municipios. Ante esto, hizo un llamado a que en el Presupuesto de Egresos de la Federaci\u00f3n se etiqueten los recursos econ\u00f3micos necesarios para tal fin.<\/p>\n<p style=\"text-align: justify;\">A nombre del Grupo Parlamentario del PRD intervino el diputado Raymundo Garc\u00eda Guti\u00e9rrez, externando que las circunstancias de Guerrero y del pa\u00eds en materia de seguridad son graves, sin que se avizore una soluci\u00f3n a corto, mediano ni largo plazo, debido a la mala estrategia de seguridad.<\/p>\n<p style=\"text-align: justify;\">Confi\u00f3, sin embargo, que este encuentro sirva de reflexi\u00f3n y se tomen en cuenta los puntos de vista de los diferentes grupos parlamentarios del Congreso de Guerrero, con el objeto de perfeccionar lo necesario.<\/p>\n<p style=\"text-align: justify;\">Al final, adelant\u00f3 que, en un acto de responsabilidad, las diputadas y diputados de su grupo votar\u00edan a favor de la minuta.<\/p>\n<p style=\"text-align: justify;\">En su oportunidad, el diputado H\u00e9ctor Apreza Patr\u00f3n, del Grupo Parlamentario del PRI, manifest\u00f3 que Guerrero es un estado rebelde por naturaleza por la enorme carga de injusticia social, y lo que sucede aqu\u00ed repercute en todo el pa\u00eds.<\/p>\n<p style=\"text-align: justify;\">En ese sentido, dijo que es impostergable que la Federaci\u00f3n voltee a ver a Guerrero y le d\u00e9 apoyos de manera decidida no solo en materia de seguridad, sino combatiendo las causas, principalmente la pobreza, la falta de calidad en la educaci\u00f3n e inversiones de todo tipo.<\/p>\n<p style=\"text-align: justify;\">Indic\u00f3 que en Guerrero se reconoce ampliamente el papel del Ej\u00e9rcito Mexicano, una instituci\u00f3n que siempre ha estado para apoyar a la poblaci\u00f3n en circunstancias dif\u00edciles, por lo cual -adelant\u00f3- emitir\u00e1n un voto de conciencia que refleje las aspiraciones de los guerrerenses, quienes demandan paz y seguridad.<\/p>\n<p style=\"text-align: justify;\">A nombre del Grupo Parlamentario de Morena, la diputada Yoloczin Lizbeth Dom\u00ednguez Serna manifest\u00f3 que est\u00e1n convencidas y convencidos de que la estrategia implementada por el Gobierno Federal es acertada y, sobre todo, necesaria para lograr la reconstrucci\u00f3n del tejido social.<\/p>\n<p style=\"text-align: justify;\">En ese tenor, adelant\u00f3 su voto a favor de la minuta para que las Fuerzas Armadas sigan apoyando en tareas de seguridad p\u00fablica en M\u00e9xico, principalmente en el estado de Guerrero, en los t\u00e9rminos establecidos por la Suprema Corte de Justicia de la Naci\u00f3n.<\/p>\n<p style=\"text-align: justify;\">Indic\u00f3 que hoy las y los integrantes de la LXIII Legislatura tienen la oportunidad de demostrarle al pueblo que, m\u00e1s all\u00e1 de las siglas y colores partidistas, los une un mismo fin: el bien com\u00fan a favor de las y los guerrerenses que exigen transitar libremente y en paz.<\/p>\n<p style=\"text-align: justify;\">Intervino tambi\u00e9n el diputado Ignacio Mier Velasco, presidente de la Junta de Coordinaci\u00f3n Pol\u00edtica de la C\u00e1mara de Diputados del Congreso de la Uni\u00f3n, enfatizando que es responsabilidad de los tres \u00f3rdenes de gobierno y de los tres Poderes el garantizar a las mexicanas y mexicanos la integridad f\u00edsica y patrimonial, aspecto que se vio reflejado con el voto mayoritario en favor de la creaci\u00f3n de la Guardia Nacional.<\/p>\n<p style=\"text-align: justify;\">Sin embargo, refiri\u00f3 que es fundamental el tiempo para garantizar la permanencia, eficiencia, desarrollo de capacidades y la transparencia de las acciones de esta instituci\u00f3n de seguridad, enmarcadas en el respeto irrestricto a los derechos humanos. Ante esto, pidi\u00f3 a las diputadas y diputados de Guerrero anteponer el inter\u00e9s superior de la Naci\u00f3n y avalar con su voto la minuta.<\/p>\n<p style=\"text-align: justify;\">En su mensaje, el secretario de Gobernaci\u00f3n de M\u00e9xico, Ad\u00e1n Augusto L\u00f3pez Hern\u00e1ndez, resalt\u00f3 la importancia de contar con el apoyo del Congreso del Estado porque las diputadas y diputados locales son el referente m\u00e1s cercano a las demandas e inquietudes del pueblo.<\/p>\n<p style=\"text-align: justify;\">Asimismo, destac\u00f3 la relevancia de ampliar el plazo hasta 2028 para que las Fuerzas Armadas participen en tareas de seguridad p\u00fablica, no precisamente por una militarizaci\u00f3n, sino por la estricta necesidad de pacificar al pa\u00eds.<\/p>\n<p style=\"text-align: justify;\">En ese sentido, confi\u00f3 en que el esp\u00edritu de lealtad y patriotismo de las Fuerzas Armadas se refleje en el voto razonado de las legisladoras y legisladores guerrerenses.<\/p>\n<p style=\"text-align: justify;\">Por \u00faltimo, intervino la diputada Yanelly Hern\u00e1ndez Mart\u00ednez, presidenta de la Mesa Directiva, quien agradeci\u00f3 la participaci\u00f3n en este ejercicio democr\u00e1tico del secretario de Gobernaci\u00f3n, adem\u00e1s de la presencia de la gobernadora Evelyn Cecia Salgado Pineda y dem\u00e1s personalidades.<\/p>\n<p style=\"text-align: justify;\">Subray\u00f3 que este di\u00e1logo con el Gobierno Federal es importante porque coadyuva para garantizar la paz que Guerrero necesita, lo cual se lograr\u00e1 uniendo las coincidencias y respetando las diferencias, recalcando que el Congreso de Guerrero dar\u00e1 un voto de confianza a la minuta de reforma a la Constituci\u00f3n Pol\u00edtica de M\u00e9xico, en materia de Guardia Nacional.<\/p>\n","protected":false},"excerpt":{"rendered":"<p>Chilpancingo, Gro., 4 de noviembre de 2022.- Representantes de los Grupos y Representaciones Parlamentarias del Congreso del Estado adelantaron que votar\u00e1n a favor de la minuta con proyecto de decreto por el que se\u00a0 reforma el Art\u00edculo Quinto Transitorio del \u201cDecreto por el que se reforman, adicionan y derogan diversas disposiciones de la Constituci\u00f3n Pol\u00edtica&#8230;<\/p>\n","protected":false},"author":1,"featured_media":5428,"comment_status":"closed","ping_status":"open","sticky":false,"template":"","format":"standard","meta":{"_monsterinsights_skip_tracking":false,"_monsterinsights_sitenote_active":false,"_monsterinsights_sitenote_note":"","_monsterinsights_sitenote_category":0,"footnotes":""},"categories":[3],"tags":[],"class_list":["post-5426","post","type-post","status-publish","format-standard","has-post-thumbnail","hentry","category-boletin"],"aioseo_notices":[],"_links":{"self":[{"href":"https:\/\/congresogro.gob.mx\/63\/inicio\/wp-json\/wp\/v2\/posts\/5426","targetHints":{"allow":["GET"]}}],"collection":[{"href":"https:\/\/congresogro.gob.mx\/63\/inicio\/wp-json\/wp\/v2\/posts"}],"about":[{"href":"https:\/\/congresogro.gob.mx\/63\/inicio\/wp-json\/wp\/v2\/types\/post"}],"author":[{"embeddable":true,"href":"https:\/\/congresogro.gob.mx\/63\/inicio\/wp-json\/wp\/v2\/users\/1"}],"replies":[{"embeddable":true,"href":"https:\/\/congresogro.gob.mx\/63\/inicio\/wp-json\/wp\/v2\/comments?post=5426"}],"version-history":[{"count":1,"href":"https:\/\/congresogro.gob.mx\/63\/inicio\/wp-json\/wp\/v2\/posts\/5426\/revisions"}],"predecessor-version":[{"id":5429,"href":"https:\/\/congresogro.gob.mx\/63\/inicio\/wp-json\/wp\/v2\/posts\/5426\/revisions\/5429"}],"wp:featuredmedia":[{"embeddable":true,"href":"https:\/\/congresogro.gob.mx\/63\/inicio\/wp-json\/wp\/v2\/media\/5428"}],"wp:attachment":[{"href":"https:\/\/congresogro.gob.mx\/63\/inicio\/wp-json\/wp\/v2\/media?parent=5426"}],"wp:term":[{"taxonomy":"category","embeddable":true,"href":"https:\/\/congresogro.gob.mx\/63\/inicio\/wp-json\/wp\/v2\/categories?post=5426"},{"taxonomy":"post_tag","embeddable":true,"href":"https:\/\/congresogro.gob.mx\/63\/inicio\/wp-json\/wp\/v2\/tags?post=5426"}],"curies":[{"name":"wp","href":"https:\/\/api.w.org\/{rel}","templated":true}]}}