{"id":5421,"date":"2022-11-03T16:02:17","date_gmt":"2022-11-03T22:02:17","guid":{"rendered":"https:\/\/congresogro.gob.mx\/63\/inicio\/?p=5421"},"modified":"2022-11-03T16:02:17","modified_gmt":"2022-11-03T22:02:17","slug":"analizan-reforma-para-garantizar-que-toda-instalacion-publica-sea-accesible-a-las-personas-con-discapacidad","status":"publish","type":"post","link":"https:\/\/congresogro.gob.mx\/63\/inicio\/2022\/11\/03\/analizan-reforma-para-garantizar-que-toda-instalacion-publica-sea-accesible-a-las-personas-con-discapacidad\/","title":{"rendered":"ANALIZAN REFORMA PARA GARANTIZAR QUE TODA INSTALACI\u00d3N P\u00daBLICA SEA ACCESIBLE A LAS PERSONAS CON DISCAPACIDAD"},"content":{"rendered":"<p style=\"text-align: justify;\"><strong>Chilpancingo, Gro., 03 de noviembre de 2022<\/strong>.- La Comisi\u00f3n de Desarrollo Urbano y Obras P\u00fablicas analiza una iniciativa presentada por la diputada Jessica Alejo Rayo para reformar la Ley de Obras P\u00fablicas y sus Servicios del Estado, a efecto de que dependencias, entidades y ayuntamientos garanticen en toda obra p\u00fablica la accesibilidad, evacuaci\u00f3n y libre tr\u00e1nsito de las personas con discapacidad.<\/p>\n<p style=\"text-align: justify;\">La reforma precisa que los programas anuales y presupuestos para las obras p\u00fablicas deber\u00e1n contemplar las normas de dise\u00f1o y de se\u00f1alizaci\u00f3n, circulaci\u00f3n, servicios sanitarios y dem\u00e1s, adecu\u00e1ndolas para que cubran las necesidades de las personas con discapacidad motriz, sensorial, cognitivo-intelectual y psicosocial.<\/p>\n<p style=\"text-align: justify;\">En la exposici\u00f3n de motivos, la diputada integrante del Grupo Parlamentario de Morena inform\u00f3 que con base en el censo del Inegi 2020, en Guerrero existen 9,287 personas con discapacidad auditiva; 31,536 con limitaci\u00f3n para hablar o comunicarse, y 161,653 con discapacidad motriz.<\/p>\n<p style=\"text-align: justify;\">Estas cifras, agreg\u00f3, hacen necesario reformar el marco jur\u00eddico de la Ley de Obras P\u00fablicas y sus Servicios para garantizar que las personas con discapacidad cuenten con una participaci\u00f3n plena, efectiva y en igualdad de condiciones con los dem\u00e1s.<\/p>\n<p style=\"text-align: justify;\">Alejo Ray\u00f3 remarc\u00f3 que esta poblaci\u00f3n vulnerable representa un porcentaje considerable que merece especial atenci\u00f3n, lo cual puede garantizarse haciendo las adecuaciones estructurales y arquitect\u00f3nicas en todos los espacios p\u00fablicos y privados, escuelas y \u00e1reas de la administraci\u00f3n p\u00fablica de todos los niveles de gobierno.<\/p>\n","protected":false},"excerpt":{"rendered":"<p>Chilpancingo, Gro., 03 de noviembre de 2022.- La Comisi\u00f3n de Desarrollo Urbano y Obras P\u00fablicas analiza una iniciativa presentada por la diputada Jessica Alejo Rayo para reformar la Ley de Obras P\u00fablicas y sus Servicios del Estado, a efecto de que dependencias, entidades y ayuntamientos garanticen en toda obra p\u00fablica la accesibilidad, evacuaci\u00f3n y libre&#8230;<\/p>\n","protected":false},"author":1,"featured_media":5423,"comment_status":"closed","ping_status":"open","sticky":false,"template":"","format":"standard","meta":{"_monsterinsights_skip_tracking":false,"_monsterinsights_sitenote_active":false,"_monsterinsights_sitenote_note":"","_monsterinsights_sitenote_category":0,"footnotes":""},"categories":[3,10],"tags":[],"class_list":["post-5421","post","type-post","status-publish","format-standard","has-post-thumbnail","hentry","category-boletin","category-jessica-ivette-alejo-rayo"],"aioseo_notices":[],"_links":{"self":[{"href":"https:\/\/congresogro.gob.mx\/63\/inicio\/wp-json\/wp\/v2\/posts\/5421","targetHints":{"allow":["GET"]}}],"collection":[{"href":"https:\/\/congresogro.gob.mx\/63\/inicio\/wp-json\/wp\/v2\/posts"}],"about":[{"href":"https:\/\/congresogro.gob.mx\/63\/inicio\/wp-json\/wp\/v2\/types\/post"}],"author":[{"embeddable":true,"href":"https:\/\/congresogro.gob.mx\/63\/inicio\/wp-json\/wp\/v2\/users\/1"}],"replies":[{"embeddable":true,"href":"https:\/\/congresogro.gob.mx\/63\/inicio\/wp-json\/wp\/v2\/comments?post=5421"}],"version-history":[{"count":1,"href":"https:\/\/congresogro.gob.mx\/63\/inicio\/wp-json\/wp\/v2\/posts\/5421\/revisions"}],"predecessor-version":[{"id":5424,"href":"https:\/\/congresogro.gob.mx\/63\/inicio\/wp-json\/wp\/v2\/posts\/5421\/revisions\/5424"}],"wp:featuredmedia":[{"embeddable":true,"href":"https:\/\/congresogro.gob.mx\/63\/inicio\/wp-json\/wp\/v2\/media\/5423"}],"wp:attachment":[{"href":"https:\/\/congresogro.gob.mx\/63\/inicio\/wp-json\/wp\/v2\/media?parent=5421"}],"wp:term":[{"taxonomy":"category","embeddable":true,"href":"https:\/\/congresogro.gob.mx\/63\/inicio\/wp-json\/wp\/v2\/categories?post=5421"},{"taxonomy":"post_tag","embeddable":true,"href":"https:\/\/congresogro.gob.mx\/63\/inicio\/wp-json\/wp\/v2\/tags?post=5421"}],"curies":[{"name":"wp","href":"https:\/\/api.w.org\/{rel}","templated":true}]}}