{"id":5398,"date":"2022-11-01T12:31:21","date_gmt":"2022-11-01T18:31:21","guid":{"rendered":"https:\/\/congresogro.gob.mx\/63\/inicio\/?p=5398"},"modified":"2022-11-02T12:33:00","modified_gmt":"2022-11-02T18:33:00","slug":"invita-diputada-yanelly-hernandez-a-la-ciudadania-para-dar-seguimiento-a-la-glosa-del-primer-informe-de-gobierno","status":"publish","type":"post","link":"https:\/\/congresogro.gob.mx\/63\/inicio\/2022\/11\/01\/invita-diputada-yanelly-hernandez-a-la-ciudadania-para-dar-seguimiento-a-la-glosa-del-primer-informe-de-gobierno\/","title":{"rendered":"INVITA DIPUTADA YANELLY HERN\u00c1NDEZ A LA CIUDADAN\u00cdA PARA DAR SEGUIMIENTO A LA GLOSA DEL PRIMER INFORME DE GOBIERNO"},"content":{"rendered":"<p style=\"text-align: justify;\"><strong>Chilpancingo, Gro., 01 de noviembre de 2022.-<\/strong> La diputada Yanelly Hern\u00e1ndez Mart\u00ednez, presidenta de la Mesa Directiva del Congreso del Estado, invit\u00f3 a la ciudadan\u00eda en general para dar seguimiento a las comparecencias de secretarios y secretarias de despacho del Ejecutivo estatal ante el Congreso del Estado, con motivo del Primer Informe de Gobierno, para enterarse de los alcances obtenidos y poder hacer cuestionamientos y propuestas para un mejor desempe\u00f1o en el a\u00f1o venidero.<\/p>\n<p style=\"text-align: justify;\">La legisladora record\u00f3 que la Ley Org\u00e1nica del Poder Legislativo y la propia Constituci\u00f3n Pol\u00edtica del estado enmarcan expresamente que cuando el o la titular del Poder Ejecutivo no acude al Congreso, tendr\u00e1n que comparecer los titulares de las secretar\u00edas, a efecto de realizar la Glosa del informe.<\/p>\n<p style=\"text-align: justify;\">Resalt\u00f3 que, en cumplimiento de su responsabilidad como representantes populares, est\u00e1n escudri\u00f1ando el trabajo de las distintas secretar\u00edas y dependencias, informaci\u00f3n con la cual arribar\u00e1n del 21 al 25 de noviembre para tener interacci\u00f3n con las funcionarias y funcionarios, y que estos den respuesta a todas las dudas y cuestionamientos.<\/p>\n<p style=\"text-align: justify;\">\u201cPero tambi\u00e9n es muy importante que la ciudadan\u00eda participe en este ejercicio democr\u00e1tico de rendici\u00f3n de cuentas; darle seguimiento a las comparecencias a trav\u00e9s de las redes sociales del Congreso y de los distintos medios de comunicaci\u00f3n, para enterarse de lo que se ha avanzado en Guerrero en este primer a\u00f1o de gobierno de Evelyn Salgado Pineda, y donde haya dudas o quejas, sea en temas de salud, educaci\u00f3n, desarrollo rural, indigenismo, etc\u00e9tera, externarlo y proponer soluciones. El objetivo es hacer valer nuestros derechos como ciudadanos e incidir en las decisiones de los gobernantes\u201d, subray\u00f3.<\/p>\n<p style=\"text-align: justify;\">En ese tenor, indic\u00f3 que las diputadas y diputados est\u00e1n haciendo un \u201can\u00e1lisis serio, reflexivo, pero sobre todo constructivo de las acciones de gobierno, con el firme inter\u00e9s de que en el segundo a\u00f1o se lleven a cabo mejores acciones y se corrijan las deficiencias\u201d.<\/p>\n<p style=\"text-align: justify;\">Indic\u00f3 que las comparecencias ante el Pleno ser\u00e1n de las secretar\u00edas General de Gobierno y de Finanzas y Administraci\u00f3n el 21 de noviembre; de Educaci\u00f3n y de Salud el 22, y de Desarrollo Urbano, de Obras P\u00fablicas y Ordenamiento Territorial, de Agricultura, Ganader\u00eda, Pesca y Desarrollo Rural, de Desarrollo y Bienestar Social el 23.<\/p>\n<p style=\"text-align: justify;\">Por otro lado, dijo que ante las comisiones legislativas acudir\u00e1n las secretar\u00edas de Fomento y Desarrollo Econ\u00f3mico, del Trabajo y Previsi\u00f3n Social, de Turismo, de la Mujer, de Asuntos Ind\u00edgenas y de la Juventud y la Ni\u00f1ez el 24 de noviembre, para cerrar con las de Protecci\u00f3n Civil y de Seguridad P\u00fablica el 25 del mismo mes.<\/p>\n<p style=\"text-align: justify;\">Record\u00f3, asimismo, que seguido de las comparecencias el Congreso se abocar\u00e1 al an\u00e1lisis y dictaminaci\u00f3n de las leyes de Ingresos y Tablas de Valores de los municipios y del estado, as\u00ed como el Presupuesto Estatal de Egresos 2023, sin dejar de lado la dictaminaci\u00f3n de algunas iniciativas de gran importancia.<\/p>\n<p style=\"text-align: justify;\">\u201cQuiero remarcar a la sociedad en general que el Poder Legislativo que los representa habr\u00e1 de cerrar este 2022 con toda la fortaleza, construyendo y reforzando el andamiaje legal para la convivencia arm\u00f3nica, adem\u00e1s de dar certeza al uso eficiente y transparente de los recursos p\u00fablicos en todas las instancias p\u00fablicas, para beneficio del estado de Guerrero\u201d, apunt\u00f3.<\/p>\n","protected":false},"excerpt":{"rendered":"<p>Chilpancingo, Gro., 01 de noviembre de 2022.- La diputada Yanelly Hern\u00e1ndez Mart\u00ednez, presidenta de la Mesa Directiva del Congreso del Estado, invit\u00f3 a la ciudadan\u00eda en general para dar seguimiento a las comparecencias de secretarios y secretarias de despacho del Ejecutivo estatal ante el Congreso del Estado, con motivo del Primer Informe de Gobierno, para&#8230;<\/p>\n","protected":false},"author":1,"featured_media":5401,"comment_status":"closed","ping_status":"open","sticky":false,"template":"","format":"standard","meta":{"_monsterinsights_skip_tracking":false,"_monsterinsights_sitenote_active":false,"_monsterinsights_sitenote_note":"","_monsterinsights_sitenote_category":0,"footnotes":""},"categories":[3,18],"tags":[],"class_list":["post-5398","post","type-post","status-publish","format-standard","has-post-thumbnail","hentry","category-boletin","category-yanelly-hernandez-martinez"],"aioseo_notices":[],"_links":{"self":[{"href":"https:\/\/congresogro.gob.mx\/63\/inicio\/wp-json\/wp\/v2\/posts\/5398","targetHints":{"allow":["GET"]}}],"collection":[{"href":"https:\/\/congresogro.gob.mx\/63\/inicio\/wp-json\/wp\/v2\/posts"}],"about":[{"href":"https:\/\/congresogro.gob.mx\/63\/inicio\/wp-json\/wp\/v2\/types\/post"}],"author":[{"embeddable":true,"href":"https:\/\/congresogro.gob.mx\/63\/inicio\/wp-json\/wp\/v2\/users\/1"}],"replies":[{"embeddable":true,"href":"https:\/\/congresogro.gob.mx\/63\/inicio\/wp-json\/wp\/v2\/comments?post=5398"}],"version-history":[{"count":1,"href":"https:\/\/congresogro.gob.mx\/63\/inicio\/wp-json\/wp\/v2\/posts\/5398\/revisions"}],"predecessor-version":[{"id":5402,"href":"https:\/\/congresogro.gob.mx\/63\/inicio\/wp-json\/wp\/v2\/posts\/5398\/revisions\/5402"}],"wp:featuredmedia":[{"embeddable":true,"href":"https:\/\/congresogro.gob.mx\/63\/inicio\/wp-json\/wp\/v2\/media\/5401"}],"wp:attachment":[{"href":"https:\/\/congresogro.gob.mx\/63\/inicio\/wp-json\/wp\/v2\/media?parent=5398"}],"wp:term":[{"taxonomy":"category","embeddable":true,"href":"https:\/\/congresogro.gob.mx\/63\/inicio\/wp-json\/wp\/v2\/categories?post=5398"},{"taxonomy":"post_tag","embeddable":true,"href":"https:\/\/congresogro.gob.mx\/63\/inicio\/wp-json\/wp\/v2\/tags?post=5398"}],"curies":[{"name":"wp","href":"https:\/\/api.w.org\/{rel}","templated":true}]}}