{"id":5377,"date":"2022-10-28T16:04:20","date_gmt":"2022-10-28T21:04:20","guid":{"rendered":"https:\/\/congresogro.gob.mx\/63\/inicio\/?p=5377"},"modified":"2022-10-29T16:05:40","modified_gmt":"2022-10-29T21:05:40","slug":"anuncian-en-el-congreso-la-gira-de-trabajo-mujeres-trans-2022","status":"publish","type":"post","link":"https:\/\/congresogro.gob.mx\/63\/inicio\/2022\/10\/28\/anuncian-en-el-congreso-la-gira-de-trabajo-mujeres-trans-2022\/","title":{"rendered":"ANUNCIAN EN EL CONGRESO LA  \u201cGIRA DE TRABAJO MUJERES TRANS 2022\u201d"},"content":{"rendered":"<p style=\"text-align: justify;\"><strong>Chilpancingo, Gro., 28 de octubre de 2022.-<\/strong> El diputado Fernando Ag\u00fcero Garc\u00eda y la diputada Jessica Ivette Alejo Rayo, junto a mujeres transexuales integrantes del proyecto \u201cMariposas Sin Fronteras\u201d, anunciaron este viernes en conferencia de prensa el inicio de la \u201cGira de Trabajo Mujeres Trans 2022\u201d, durante la cual ofrecer\u00e1n talleres de capacitaci\u00f3n en distintos oficios a la poblaci\u00f3n LGBTTTIQ+ y sociedad en general.<\/p>\n<p style=\"text-align: justify;\">Ah\u00ed, la legisladora y el legislador ofrecieron todo su respaldo a esta actividad y futuros proyectos que conlleven a la inclusi\u00f3n social, coadyuven al desarrollo integral de las personas de este sector y beneficien la econom\u00eda familiar de las y los guerrerenses.<\/p>\n<p style=\"text-align: justify;\">Al hacer uso de la palabra, el diputado H\u00e9ctor Fernando Ag\u00fcero Garc\u00eda, record\u00f3 el hecho trascendental ocurrido en la m\u00e1s reciente sesi\u00f3n ordinaria del Congreso del Estado, donde se aprobaron reformas a los C\u00f3digos Civil y Procesal Civil del estado para establecer el matrimonio igualitario, lo cual es un avance muy grande en esta entidad, resultado de muchos a\u00f1os de lucha.<\/p>\n<p style=\"text-align: justify;\">Reafirm\u00f3, asimismo, que continuar\u00e1 impulsando una agenda legislativa para el fortalecimiento del marco jur\u00eddico en favor de este sector vulnerable, as\u00ed como apoyando proyectos para su desarrollo profesional y humano, muy particularmente en las regiones ind\u00edgenas y afromexicanas.<\/p>\n<p style=\"text-align: justify;\">En su oportunidad, la diputada Jessica Alejo Rayo, presidenta de la Comisi\u00f3n de Atenci\u00f3n a los Adultos Mayores, manifest\u00f3 tambi\u00e9n su firme respaldo a acciones que representen un apoyo factible y directo a la comunidad de la diversidad sexual, que fortalezcan sus capacidades, conocimiento y destrezas.<\/p>\n<p style=\"text-align: justify;\">Les extern\u00f3, asimismo, que espera una buena respuesta de sus compa\u00f1eros y compa\u00f1eras diputadas respecto a la \u00faltima iniciativa de reforma y adici\u00f3n al C\u00f3digo Civil del estado para crear el procedimiento administrativo denominado \u00abReconocimiento de identidad de g\u00e9nero\u00bb, que garantice a cualquier persona elegir de manera aut\u00f3noma su propia identidad sexual y de g\u00e9nero, y que esto coincida con los datos de identificaci\u00f3n consignados en los diversos registros.<\/p>\n<p style=\"text-align: justify;\">Resalt\u00f3 que, adem\u00e1s de los cursos y talleres de capacitaci\u00f3n en oficio diversos que se brindar\u00e1n a las personas interesadas, sean o no de la comunidad de la diversidad sexual, habr\u00e1 orientaci\u00f3n y seguimiento para la gesti\u00f3n de proyectos productivos y de inversi\u00f3n, que potencialice su desarrollo humano e impacte en las econom\u00edas locales.<\/p>\n<p style=\"text-align: justify;\">Participaron en la conferencia Jimena Jim\u00e9nez Ju\u00e1rez, Chiquis Demetrio Patrocinio y Cristal Rend\u00f3n Isidro, presidenta, vicepresidenta y tesorera del Proyecto \u201cMariposas sin Fronteras\u00bb, quienes precisaron que un objetivo central de esto es visibilizar a las mujeres trans ind\u00edgenas y afromexicanas.<\/p>\n<p style=\"text-align: justify;\">Resaltaron que este es el primer proyecto dirigido a la comunidad de la diversidad sexual que aprueba una instituci\u00f3n oficial, en este caso el Instituto de los Pueblos Ind\u00edgenas y Afromexicanos, lo que habla de su significancia en la tarea de lograr el desarrollo comunitario.<\/p>\n<p style=\"text-align: justify;\">Asimismo, destacaron que Guerrero es uno de los primeros estados del pa\u00eds en implementar este tipo de proyectos enfocados a la visibilizaci\u00f3n de la comunidad LGBTTTIQ+, mismo que tambi\u00e9n se desarrollar\u00e1 en coordinaci\u00f3n con el Gobierno del Estado.<\/p>\n<p style=\"text-align: justify;\">Por \u00faltimo, informaron que en una primera etapa visitar\u00e1n los municipios de Tixtla, Ometepec, Tlapa de Comonfort e Iguala de la Independencia, previendo recorrer el total de las principales localidades de la entidad.<\/p>\n","protected":false},"excerpt":{"rendered":"<p>Chilpancingo, Gro., 28 de octubre de 2022.- El diputado Fernando Ag\u00fcero Garc\u00eda y la diputada Jessica Ivette Alejo Rayo, junto a mujeres transexuales integrantes del proyecto \u201cMariposas Sin Fronteras\u201d, anunciaron este viernes en conferencia de prensa el inicio de la \u201cGira de Trabajo Mujeres Trans 2022\u201d, durante la cual ofrecer\u00e1n talleres de capacitaci\u00f3n en distintos&#8230;<\/p>\n","protected":false},"author":1,"featured_media":5379,"comment_status":"closed","ping_status":"open","sticky":false,"template":"","format":"standard","meta":{"_monsterinsights_skip_tracking":false,"_monsterinsights_sitenote_active":false,"_monsterinsights_sitenote_note":"","_monsterinsights_sitenote_category":0,"footnotes":""},"categories":[3,61],"tags":[],"class_list":["post-5377","post","type-post","status-publish","format-standard","has-post-thumbnail","hentry","category-boletin","category-hector-fernando-aguero"],"aioseo_notices":[],"_links":{"self":[{"href":"https:\/\/congresogro.gob.mx\/63\/inicio\/wp-json\/wp\/v2\/posts\/5377","targetHints":{"allow":["GET"]}}],"collection":[{"href":"https:\/\/congresogro.gob.mx\/63\/inicio\/wp-json\/wp\/v2\/posts"}],"about":[{"href":"https:\/\/congresogro.gob.mx\/63\/inicio\/wp-json\/wp\/v2\/types\/post"}],"author":[{"embeddable":true,"href":"https:\/\/congresogro.gob.mx\/63\/inicio\/wp-json\/wp\/v2\/users\/1"}],"replies":[{"embeddable":true,"href":"https:\/\/congresogro.gob.mx\/63\/inicio\/wp-json\/wp\/v2\/comments?post=5377"}],"version-history":[{"count":1,"href":"https:\/\/congresogro.gob.mx\/63\/inicio\/wp-json\/wp\/v2\/posts\/5377\/revisions"}],"predecessor-version":[{"id":5380,"href":"https:\/\/congresogro.gob.mx\/63\/inicio\/wp-json\/wp\/v2\/posts\/5377\/revisions\/5380"}],"wp:featuredmedia":[{"embeddable":true,"href":"https:\/\/congresogro.gob.mx\/63\/inicio\/wp-json\/wp\/v2\/media\/5379"}],"wp:attachment":[{"href":"https:\/\/congresogro.gob.mx\/63\/inicio\/wp-json\/wp\/v2\/media?parent=5377"}],"wp:term":[{"taxonomy":"category","embeddable":true,"href":"https:\/\/congresogro.gob.mx\/63\/inicio\/wp-json\/wp\/v2\/categories?post=5377"},{"taxonomy":"post_tag","embeddable":true,"href":"https:\/\/congresogro.gob.mx\/63\/inicio\/wp-json\/wp\/v2\/tags?post=5377"}],"curies":[{"name":"wp","href":"https:\/\/api.w.org\/{rel}","templated":true}]}}