{"id":5365,"date":"2022-10-27T18:47:38","date_gmt":"2022-10-27T23:47:38","guid":{"rendered":"https:\/\/congresogro.gob.mx\/63\/inicio\/?p=5365"},"modified":"2022-10-27T18:47:38","modified_gmt":"2022-10-27T23:47:38","slug":"exhorta-congreso-al-gobierno-estatal-para-crear-el-instituto-de-atencion-a-la-comunidad-de-la-diversidad-sexual","status":"publish","type":"post","link":"https:\/\/congresogro.gob.mx\/63\/inicio\/2022\/10\/27\/exhorta-congreso-al-gobierno-estatal-para-crear-el-instituto-de-atencion-a-la-comunidad-de-la-diversidad-sexual\/","title":{"rendered":"EXHORTA CONGRESO AL GOBIERNO ESTATAL PARA CREAR EL INSTITUTO DE ATENCI\u00d3N A LA COMUNIDAD DE LA DIVERSIDAD SEXUAL"},"content":{"rendered":"<p style=\"text-align: justify;\"><strong>Chilpancingo, Gro., 27 de octubre de 2022.-<\/strong> El Congreso del Estado exhort\u00f3 a la titular del Poder Ejecutivo estatal para que,\u00a0 dentro de sus facultades, atribuciones y condiciones presupuestales, prevea la creaci\u00f3n del Instituto Estatal de Atenci\u00f3n a la Comunidad de la Diversidad Sexual, como una pol\u00edtica p\u00fablica orientada a salvaguardar la progresividad de los derechos humanos\u00a0 y eficientar la atenci\u00f3n directa y oportuna de este sector.<\/p>\n<p style=\"text-align: justify;\">Asimismo, se exhorta tambi\u00e9n a los ayuntamientos\u00a0 y al Consejo Municipal de Ayutla de los Libres que a\u00fan no cuenten con un \u00e1rea de atenci\u00f3n espec\u00edfica a esta comunidad, que a trav\u00e9s de sus cabildos y autoridades representativas promuevan y aprueben pol\u00edticas p\u00fablicas que permitan la visibilizaci\u00f3n y progresividad de los derechos humanos de estas personas.<\/p>\n<p style=\"text-align: justify;\">En el documento se menciona que en Guerrero hay m\u00e1s de 708 mil personas que se incluyen dentro de la diversidad sexual y de g\u00e9nero, lo que representa el 20 por ciento de la poblaci\u00f3n total, pero solo algunos municipios cuentan con una direcci\u00f3n o unidad para la atenci\u00f3n de este sector.<\/p>\n<p style=\"text-align: justify;\">Agrega que es apremiante generar consciencia desde los tres niveles de gobierno, para lo cual son necesarias instituciones o \u00e1reas de atenci\u00f3n adecuadas para esta comunidad, que les garantice un trato digno, eficiente y, sobre todo, con respeto a los derechos humanos.<\/p>\n<p style=\"text-align: justify;\">Se\u00f1ala tambi\u00e9n que los esfuerzos de algunos municipios y de la comunidad LGBTTTI ya est\u00e1n iniciados,\u00a0 aunque es necesario que el Estado establezca una instituci\u00f3n espec\u00edfica que oriente pol\u00edticas p\u00fablicas para el mejoramiento de su calidad de vida, apoye con directrices y acciones eficientes a los municipios, que atienda las exigencias y necesidades de convivencia e integraci\u00f3n, con pol\u00edticas, caracter\u00edsticas de atenci\u00f3n y protecci\u00f3n enfocadas a prevenir y erradicar la discriminaci\u00f3n por preferencia sexual.<\/p>\n","protected":false},"excerpt":{"rendered":"<p>Chilpancingo, Gro., 27 de octubre de 2022.- El Congreso del Estado exhort\u00f3 a la titular del Poder Ejecutivo estatal para que,\u00a0 dentro de sus facultades, atribuciones y condiciones presupuestales, prevea la creaci\u00f3n del Instituto Estatal de Atenci\u00f3n a la Comunidad de la Diversidad Sexual, como una pol\u00edtica p\u00fablica orientada a salvaguardar la progresividad de los&#8230;<\/p>\n","protected":false},"author":1,"featured_media":5367,"comment_status":"closed","ping_status":"open","sticky":false,"template":"","format":"standard","meta":{"_monsterinsights_skip_tracking":false,"_monsterinsights_sitenote_active":false,"_monsterinsights_sitenote_note":"","_monsterinsights_sitenote_category":0,"footnotes":""},"categories":[3],"tags":[],"class_list":["post-5365","post","type-post","status-publish","format-standard","has-post-thumbnail","hentry","category-boletin"],"aioseo_notices":[],"_links":{"self":[{"href":"https:\/\/congresogro.gob.mx\/63\/inicio\/wp-json\/wp\/v2\/posts\/5365","targetHints":{"allow":["GET"]}}],"collection":[{"href":"https:\/\/congresogro.gob.mx\/63\/inicio\/wp-json\/wp\/v2\/posts"}],"about":[{"href":"https:\/\/congresogro.gob.mx\/63\/inicio\/wp-json\/wp\/v2\/types\/post"}],"author":[{"embeddable":true,"href":"https:\/\/congresogro.gob.mx\/63\/inicio\/wp-json\/wp\/v2\/users\/1"}],"replies":[{"embeddable":true,"href":"https:\/\/congresogro.gob.mx\/63\/inicio\/wp-json\/wp\/v2\/comments?post=5365"}],"version-history":[{"count":1,"href":"https:\/\/congresogro.gob.mx\/63\/inicio\/wp-json\/wp\/v2\/posts\/5365\/revisions"}],"predecessor-version":[{"id":5368,"href":"https:\/\/congresogro.gob.mx\/63\/inicio\/wp-json\/wp\/v2\/posts\/5365\/revisions\/5368"}],"wp:featuredmedia":[{"embeddable":true,"href":"https:\/\/congresogro.gob.mx\/63\/inicio\/wp-json\/wp\/v2\/media\/5367"}],"wp:attachment":[{"href":"https:\/\/congresogro.gob.mx\/63\/inicio\/wp-json\/wp\/v2\/media?parent=5365"}],"wp:term":[{"taxonomy":"category","embeddable":true,"href":"https:\/\/congresogro.gob.mx\/63\/inicio\/wp-json\/wp\/v2\/categories?post=5365"},{"taxonomy":"post_tag","embeddable":true,"href":"https:\/\/congresogro.gob.mx\/63\/inicio\/wp-json\/wp\/v2\/tags?post=5365"}],"curies":[{"name":"wp","href":"https:\/\/api.w.org\/{rel}","templated":true}]}}