{"id":5361,"date":"2022-10-27T18:46:25","date_gmt":"2022-10-27T23:46:25","guid":{"rendered":"https:\/\/congresogro.gob.mx\/63\/inicio\/?p=5361"},"modified":"2022-10-27T18:46:25","modified_gmt":"2022-10-27T23:46:25","slug":"aprueba-congreso-la-creacion-de-la-agencia-del-ministerio-publico-adscrita-a-la-comision-de-los-derechos-humanos","status":"publish","type":"post","link":"https:\/\/congresogro.gob.mx\/63\/inicio\/2022\/10\/27\/aprueba-congreso-la-creacion-de-la-agencia-del-ministerio-publico-adscrita-a-la-comision-de-los-derechos-humanos\/","title":{"rendered":"APRUEBA CONGRESO LA CREACI\u00d3N DE LA AGENCIA DEL MINISTERIO P\u00daBLICO ADSCRITA A LA COMISI\u00d3N DE LOS DERECHOS HUMANOS"},"content":{"rendered":"<p style=\"text-align: justify;\"><strong>Chilpancingo, Gro., 27 de octubre de 2022.-<\/strong> El Pleno del Congreso del Estado aprob\u00f3 un dictamen por el que se reforma la Ley Org\u00e1nica de la Fiscal\u00eda General del Estado y se crea la Agencia del Ministerio P\u00fablico adscrita a la Comisi\u00f3n de los Derechos Humanos del Estado de Guerrero, como una instancia que conozca e investigue violaciones a los derechos humanos cometidas por servidores p\u00fablicos.<\/p>\n<p style=\"text-align: justify;\">La Comisi\u00f3n de Justicia que dictamin\u00f3 la iniciativa del diputado Bernardo Ortega Jim\u00e9nez (PRD) encontr\u00f3 que el Art\u00edculo 76 de\u00a0 la Constituci\u00f3n Pol\u00edtica local, antes de la \u00faltima reforma integral de 2014, hac\u00eda alusi\u00f3n a la Agencia del Ministerio P\u00fablico Adscrita a la Comisi\u00f3n de los Derechos Humanos del Estado, espec\u00edficamente en su Art\u00edculo 76 Bis, al expresar que \u201cuna Agencia del Ministerio P\u00fablico estar\u00e1 radicada a esa Comisi\u00f3n, quien conocer\u00e1 de toda violaci\u00f3n a los derechos humanos que se presuma cometan servidores p\u00fablicos locales\u201d.<\/p>\n<p style=\"text-align: justify;\">Sin embargo, los legisladores expusieron que no se previ\u00f3 en el contenido del Decreto 553 con que se llev\u00f3 a cabo la cuarta y \u00faltima reforma integral a la Constituci\u00f3n, y tampoco en la Ley Org\u00e1nica de la Fiscal\u00eda General del Estado de Guerrero, expedida por la Sexag\u00e9sima Legislatura del Congreso del Estado, dejando sin sustento jur\u00eddico a esta agencia que ha sido de importancia fundamental para una r\u00e1pida procuraci\u00f3n de justicia.<\/p>\n<p style=\"text-align: justify;\">En el documento se menciona que, con dicha reforma, se estar\u00eda cumpliendo con lo establecido en el p\u00e1rrafo 3\u00ba del Art\u00edculo 1\u00ba de la Carta Magna, sobre la promoci\u00f3n, respeto, protecci\u00f3n y garant\u00eda de los derechos humanos, conforme a los principios de universalidad, indivisibilidad y progresividad, al otorgar elementos m\u00ednimos indispensables para hacer m\u00e1s expedita la procuraci\u00f3n y, en su momento, la administraci\u00f3n de justicia.<\/p>\n","protected":false},"excerpt":{"rendered":"<p>Chilpancingo, Gro., 27 de octubre de 2022.- El Pleno del Congreso del Estado aprob\u00f3 un dictamen por el que se reforma la Ley Org\u00e1nica de la Fiscal\u00eda General del Estado y se crea la Agencia del Ministerio P\u00fablico adscrita a la Comisi\u00f3n de los Derechos Humanos del Estado de Guerrero, como una instancia que conozca&#8230;<\/p>\n","protected":false},"author":1,"featured_media":5363,"comment_status":"closed","ping_status":"open","sticky":false,"template":"","format":"standard","meta":{"_monsterinsights_skip_tracking":false,"_monsterinsights_sitenote_active":false,"_monsterinsights_sitenote_note":"","_monsterinsights_sitenote_category":0,"footnotes":""},"categories":[3],"tags":[],"class_list":["post-5361","post","type-post","status-publish","format-standard","has-post-thumbnail","hentry","category-boletin"],"aioseo_notices":[],"_links":{"self":[{"href":"https:\/\/congresogro.gob.mx\/63\/inicio\/wp-json\/wp\/v2\/posts\/5361","targetHints":{"allow":["GET"]}}],"collection":[{"href":"https:\/\/congresogro.gob.mx\/63\/inicio\/wp-json\/wp\/v2\/posts"}],"about":[{"href":"https:\/\/congresogro.gob.mx\/63\/inicio\/wp-json\/wp\/v2\/types\/post"}],"author":[{"embeddable":true,"href":"https:\/\/congresogro.gob.mx\/63\/inicio\/wp-json\/wp\/v2\/users\/1"}],"replies":[{"embeddable":true,"href":"https:\/\/congresogro.gob.mx\/63\/inicio\/wp-json\/wp\/v2\/comments?post=5361"}],"version-history":[{"count":1,"href":"https:\/\/congresogro.gob.mx\/63\/inicio\/wp-json\/wp\/v2\/posts\/5361\/revisions"}],"predecessor-version":[{"id":5364,"href":"https:\/\/congresogro.gob.mx\/63\/inicio\/wp-json\/wp\/v2\/posts\/5361\/revisions\/5364"}],"wp:featuredmedia":[{"embeddable":true,"href":"https:\/\/congresogro.gob.mx\/63\/inicio\/wp-json\/wp\/v2\/media\/5363"}],"wp:attachment":[{"href":"https:\/\/congresogro.gob.mx\/63\/inicio\/wp-json\/wp\/v2\/media?parent=5361"}],"wp:term":[{"taxonomy":"category","embeddable":true,"href":"https:\/\/congresogro.gob.mx\/63\/inicio\/wp-json\/wp\/v2\/categories?post=5361"},{"taxonomy":"post_tag","embeddable":true,"href":"https:\/\/congresogro.gob.mx\/63\/inicio\/wp-json\/wp\/v2\/tags?post=5361"}],"curies":[{"name":"wp","href":"https:\/\/api.w.org\/{rel}","templated":true}]}}