{"id":536,"date":"2021-09-23T14:51:02","date_gmt":"2021-09-23T14:51:02","guid":{"rendered":"https:\/\/congresogro.gob.mx\/63\/inicio\/?p=536"},"modified":"2021-09-24T14:52:23","modified_gmt":"2021-09-24T14:52:23","slug":"proponen-ley-de-declaracion-especial-de-ausencia-para-personas-desaparecidas-del-estado-de-guerrero","status":"publish","type":"post","link":"https:\/\/congresogro.gob.mx\/63\/inicio\/2021\/09\/23\/proponen-ley-de-declaracion-especial-de-ausencia-para-personas-desaparecidas-del-estado-de-guerrero\/","title":{"rendered":"PROPONEN LEY DE DECLARACI\u00d3N ESPECIAL DE AUSENCIA  PARA PERSONAS DESAPARECIDAS DEL ESTADO DE GUERRERO"},"content":{"rendered":"<p style=\"text-align: justify;\"><strong>Chilpancingo, Gro., 23 de septiembre de 2021.-<\/strong> El <a href=\"https:\/\/www.facebook.com\/DipCarlosCruzLopez\/?__cft__%5b0%5d=AZUtkTCMCLfe_pUfNVdMdmtDYF5q0dFaCJ66b9gPXh9_fLjAsI59qEu9xDGfkUvlJODYyesJqEO2Qy8ehZloD4C-7d6cJQ5lneQDgY9XF-z7CRlQsxbVUZBli0uqhVw6eLNmujXzlQWDTS2q7KFflzDr&amp;__tn__=kK-R\">diputado Carlos Cruz L\u00f3pez<\/a> propuso una iniciativa de Ley de Declaraci\u00f3n Especial de Ausencia Para Personas Desaparecidas del Estado de Guerrero, que establezca el procedimiento y plazos para su emisi\u00f3n, para salvaguardar su personalidad jur\u00eddica y derechos, as\u00ed como brindar certeza a los familiares, dependientes econ\u00f3micos o quien acredite inter\u00e9s jur\u00eddico para litigar y representar sus intereses.<\/p>\n<p style=\"text-align: justify;\">En la exposici\u00f3n de motivos, el legislador refiri\u00f3 que en el 2017, en respuesta a la crisis que lamentablemente se vive en el pa\u00eds y que acarrea situaciones terribles de vulnerabilidad no s\u00f3lo en la persona desaparecida, sino en sus familiares, se public\u00f3 la Ley General en Materia de Desaparici\u00f3n Forzada de Personas, Desaparici\u00f3n Cometida por Particulares y del Sistema Nacional de B\u00fasqueda de Personas.<\/p>\n<p style=\"text-align: justify;\">Agreg\u00f3 que en los transitorios de dicho ordenamiento se mandata a las entidades emitir y, en su caso, armonizar la legislaci\u00f3n que corresponda a su \u00e1mbito de competencia dentro de los 180 d\u00edas siguientes a la fecha de vigor del decreto<strong><em>.<\/em><\/strong><\/p>\n<p style=\"text-align: justify;\">A\u00f1adi\u00f3 el legislador que es impostergable hacer estas adecuaciones, dado que el estado enfrenta un grave problema de desaparici\u00f3n forzada que cambia radicalmente la vida de las y los integrantes de las familias afectadas, quienes se ven sometidos a la incertidumbre de no saber d\u00f3nde est\u00e1 su familiar y quedan en total estado de indefensi\u00f3n social, econ\u00f3mica y familiar, exponi\u00e9ndolos de igual forma a consecuencias psicol\u00f3gicas, materiales y sociales.<\/p>\n<p style=\"text-align: justify;\">Esta propuesta qued\u00f3 a resguardo de la Secretar\u00eda de Servicios Parlamentarios, con turno a la Comisi\u00f3n de Estudios Constitucionales y Jur\u00eddicos, para su an\u00e1lisis y dictaminaci\u00f3n correspondientes.<\/p>\n","protected":false},"excerpt":{"rendered":"<p>Chilpancingo, Gro., 23 de septiembre de 2021.- El diputado Carlos Cruz L\u00f3pez propuso una iniciativa de Ley de Declaraci\u00f3n Especial de Ausencia Para Personas Desaparecidas del Estado de Guerrero, que establezca el procedimiento y plazos para su emisi\u00f3n, para salvaguardar su personalidad jur\u00eddica y derechos, as\u00ed como brindar certeza a los familiares, dependientes econ\u00f3micos o&#8230;<\/p>\n","protected":false},"author":1,"featured_media":537,"comment_status":"closed","ping_status":"open","sticky":false,"template":"","format":"standard","meta":{"_monsterinsights_skip_tracking":false,"_monsterinsights_sitenote_active":false,"_monsterinsights_sitenote_note":"","_monsterinsights_sitenote_category":0,"footnotes":""},"categories":[3,26],"tags":[],"class_list":["post-536","post","type-post","status-publish","format-standard","has-post-thumbnail","hentry","category-boletin","category-carlos-cruz-lopez"],"aioseo_notices":[],"_links":{"self":[{"href":"https:\/\/congresogro.gob.mx\/63\/inicio\/wp-json\/wp\/v2\/posts\/536","targetHints":{"allow":["GET"]}}],"collection":[{"href":"https:\/\/congresogro.gob.mx\/63\/inicio\/wp-json\/wp\/v2\/posts"}],"about":[{"href":"https:\/\/congresogro.gob.mx\/63\/inicio\/wp-json\/wp\/v2\/types\/post"}],"author":[{"embeddable":true,"href":"https:\/\/congresogro.gob.mx\/63\/inicio\/wp-json\/wp\/v2\/users\/1"}],"replies":[{"embeddable":true,"href":"https:\/\/congresogro.gob.mx\/63\/inicio\/wp-json\/wp\/v2\/comments?post=536"}],"version-history":[{"count":1,"href":"https:\/\/congresogro.gob.mx\/63\/inicio\/wp-json\/wp\/v2\/posts\/536\/revisions"}],"predecessor-version":[{"id":538,"href":"https:\/\/congresogro.gob.mx\/63\/inicio\/wp-json\/wp\/v2\/posts\/536\/revisions\/538"}],"wp:featuredmedia":[{"embeddable":true,"href":"https:\/\/congresogro.gob.mx\/63\/inicio\/wp-json\/wp\/v2\/media\/537"}],"wp:attachment":[{"href":"https:\/\/congresogro.gob.mx\/63\/inicio\/wp-json\/wp\/v2\/media?parent=536"}],"wp:term":[{"taxonomy":"category","embeddable":true,"href":"https:\/\/congresogro.gob.mx\/63\/inicio\/wp-json\/wp\/v2\/categories?post=536"},{"taxonomy":"post_tag","embeddable":true,"href":"https:\/\/congresogro.gob.mx\/63\/inicio\/wp-json\/wp\/v2\/tags?post=536"}],"curies":[{"name":"wp","href":"https:\/\/api.w.org\/{rel}","templated":true}]}}