{"id":5357,"date":"2022-10-26T11:03:49","date_gmt":"2022-10-26T16:03:49","guid":{"rendered":"https:\/\/congresogro.gob.mx\/63\/inicio\/?p=5357"},"modified":"2022-10-27T11:04:46","modified_gmt":"2022-10-27T16:04:46","slug":"invitan-desde-el-congreso-a-participar-en-el-primer-encuentro-gastronomico-afrodescendiente","status":"publish","type":"post","link":"https:\/\/congresogro.gob.mx\/63\/inicio\/2022\/10\/26\/invitan-desde-el-congreso-a-participar-en-el-primer-encuentro-gastronomico-afrodescendiente\/","title":{"rendered":"INVITAN DESDE EL CONGRESO A PARTICIPAR EN EL PRIMER ENCUENTRO GASTRON\u00d3MICO AFRODESCENDIENTE"},"content":{"rendered":"<p style=\"text-align: justify;\"><strong>Chilpancingo, Gro., 26 de octubre de 2022.-<\/strong> En el marco del XII aniversario de que la Unesco declar\u00f3 a la gastronom\u00eda mexicana como patrimonio cultural de la humanidad, la diputada Marben de la Cruz Santiago y el Comit\u00e9 de Estudiantes de las Universidades Tecnol\u00f3gica de Acapulco y Tecnol\u00f3gica del Mar del Estado de Guerrero invitan a participar en el Primer Encuentro Gastron\u00f3mico Afrodescendiente.<\/p>\n<p style=\"text-align: justify;\">El evento se desarrollar\u00e1 en dos etapas: la primera el 26 de noviembre y la segunda el 03 de diciembre, con el objetivo de promover entre las cocineras del estado la creatividad y destreza en la elaboraci\u00f3n de recetas, fortalecer el desarrollo de la gastronom\u00eda mexicana como estudio en las participantes, crear un nuevo colectivo de cocineras tradicionales de la comunidad,\u00a0 y fomentar la importancia de conocer datos estad\u00edsticos de afromexicanos en Guerrero y el pa\u00eds.<\/p>\n<p style=\"text-align: justify;\">Acompa\u00f1ada en entrevista por Lizbeth L\u00f3pez Pastrana, Oscar Eduardo Samayoa G\u00f3mez y H\u00e9ctor Jafet Cer\u00f3n Hern\u00e1ndez, estudiantes de las citadas instituciones, la presidenta de la Comisi\u00f3n de Asuntos Ind\u00edgenas y Afromexicanos, quien es parte tambi\u00e9n del Comit\u00e9 Organizador, indic\u00f3 que esta actividad tambi\u00e9n tiene la finalidad de visibilizar y promocionar a las mujeres afromexicanas, por ser emprendedoras que trabajan d\u00eda a d\u00eda por fortalecer sus ra\u00edces y la gastronom\u00eda de la regi\u00f3n Costa Chica.<\/p>\n<p style=\"text-align: justify;\">Adem\u00e1s, la legisladora confi\u00f3 en que este encuentro gastron\u00f3mico ayude a incentivar el turismo en dicha regi\u00f3n de Guerrero, a trav\u00e9s de la gran variedad de platillos.<\/p>\n<p style=\"text-align: justify;\">La convocatoria para participar en el Primer Encuentro Gastron\u00f3mico Afrodescendiente es dirigida \u00fanicamente al sector femenino, que podr\u00e1 inscribirse a partir de la publicaci\u00f3n de la convocatoria y hasta el d\u00eda 15 de noviembre del a\u00f1o en curso.<\/p>\n<p style=\"text-align: justify;\">El cupo de aspirantes es de 20 y deber\u00e1n enviar su credencial de elector y una fotograf\u00eda al n\u00famero de WhatsApp 7443114411, 7443098947 o 7445021570.<\/p>\n<p style=\"text-align: justify;\">El Primer Encuentro Gastron\u00f3mico Afrodescendiente se realizar\u00e1 en las instalaciones de la Universidad Tecnol\u00f3gica del Mar del Estado de\u00a0 Guerrero, ubicada en la localidad de Barra de Tecoanapa, municipio de Marquelia, Guerrero.<\/p>\n","protected":false},"excerpt":{"rendered":"<p>Chilpancingo, Gro., 26 de octubre de 2022.- En el marco del XII aniversario de que la Unesco declar\u00f3 a la gastronom\u00eda mexicana como patrimonio cultural de la humanidad, la diputada Marben de la Cruz Santiago y el Comit\u00e9 de Estudiantes de las Universidades Tecnol\u00f3gica de Acapulco y Tecnol\u00f3gica del Mar del Estado de Guerrero invitan&#8230;<\/p>\n","protected":false},"author":1,"featured_media":5359,"comment_status":"closed","ping_status":"open","sticky":false,"template":"","format":"standard","meta":{"_monsterinsights_skip_tracking":false,"_monsterinsights_sitenote_active":false,"_monsterinsights_sitenote_note":"","_monsterinsights_sitenote_category":0,"footnotes":""},"categories":[3,12],"tags":[],"class_list":["post-5357","post","type-post","status-publish","format-standard","has-post-thumbnail","hentry","category-boletin","category-marben-de-la-cruz-santiago"],"aioseo_notices":[],"_links":{"self":[{"href":"https:\/\/congresogro.gob.mx\/63\/inicio\/wp-json\/wp\/v2\/posts\/5357","targetHints":{"allow":["GET"]}}],"collection":[{"href":"https:\/\/congresogro.gob.mx\/63\/inicio\/wp-json\/wp\/v2\/posts"}],"about":[{"href":"https:\/\/congresogro.gob.mx\/63\/inicio\/wp-json\/wp\/v2\/types\/post"}],"author":[{"embeddable":true,"href":"https:\/\/congresogro.gob.mx\/63\/inicio\/wp-json\/wp\/v2\/users\/1"}],"replies":[{"embeddable":true,"href":"https:\/\/congresogro.gob.mx\/63\/inicio\/wp-json\/wp\/v2\/comments?post=5357"}],"version-history":[{"count":1,"href":"https:\/\/congresogro.gob.mx\/63\/inicio\/wp-json\/wp\/v2\/posts\/5357\/revisions"}],"predecessor-version":[{"id":5360,"href":"https:\/\/congresogro.gob.mx\/63\/inicio\/wp-json\/wp\/v2\/posts\/5357\/revisions\/5360"}],"wp:featuredmedia":[{"embeddable":true,"href":"https:\/\/congresogro.gob.mx\/63\/inicio\/wp-json\/wp\/v2\/media\/5359"}],"wp:attachment":[{"href":"https:\/\/congresogro.gob.mx\/63\/inicio\/wp-json\/wp\/v2\/media?parent=5357"}],"wp:term":[{"taxonomy":"category","embeddable":true,"href":"https:\/\/congresogro.gob.mx\/63\/inicio\/wp-json\/wp\/v2\/categories?post=5357"},{"taxonomy":"post_tag","embeddable":true,"href":"https:\/\/congresogro.gob.mx\/63\/inicio\/wp-json\/wp\/v2\/tags?post=5357"}],"curies":[{"name":"wp","href":"https:\/\/api.w.org\/{rel}","templated":true}]}}