{"id":5336,"date":"2022-10-25T20:56:11","date_gmt":"2022-10-26T01:56:11","guid":{"rendered":"https:\/\/congresogro.gob.mx\/63\/inicio\/?p=5336"},"modified":"2022-10-25T20:56:11","modified_gmt":"2022-10-26T01:56:11","slug":"plantean-reforma-a-la-constitucion-local-sobre-revocacion-de-mandato-de-gobernador","status":"publish","type":"post","link":"https:\/\/congresogro.gob.mx\/63\/inicio\/2022\/10\/25\/plantean-reforma-a-la-constitucion-local-sobre-revocacion-de-mandato-de-gobernador\/","title":{"rendered":"PLANTEAN REFORMA A LA CONSTITUCI\u00d3N LOCAL  SOBRE REVOCACI\u00d3N DE MANDATO DE GOBERNADOR"},"content":{"rendered":"<p style=\"text-align: justify;\"><strong>Chilpancingo, Gro., 25 de octubre de 2022.-<\/strong> Los diputados Manuel Qui\u00f1\u00f3nez Cort\u00e9s (PVEM) y H\u00e9ctor Apreza Patr\u00f3n (PRI) presentaron una iniciativa de reformas y adiciones a la Constituci\u00f3n Pol\u00edtica del Estado de Guerrero para establecer la revocaci\u00f3n de mandato del titular del Poder Ejecutivo.<\/p>\n<p style=\"text-align: justify;\">Al hacer la propuesta, el diputado Manuel Qui\u00f1\u00f3nez destac\u00f3 que se trata de una armonizaci\u00f3n con la Constituci\u00f3n Pol\u00edtica federal que abre la posibilidad a la ciudadan\u00eda para que, una vez satisfechos los requisitos correspondientes, someta a consulta del cuerpo electoral la remoci\u00f3n de un funcionario p\u00fablico electo.<\/p>\n<p style=\"text-align: justify;\">Abund\u00f3 que la revocaci\u00f3n de mandato es un mecanismo de democracia participativa, que constituye un mecanismo de votaci\u00f3n directa inversa, donde la ciudadan\u00eda que eligi\u00f3 a sus representantes populares tiene la potestad de solicitar su remoci\u00f3n anticipada, en caso de estar inconforme con el desempe\u00f1o de su mandato.<\/p>\n<p style=\"text-align: justify;\">Explic\u00f3 que Guerrero cuenta con una Ley de Participaci\u00f3n Ciudadana que reconoce figuras de democracia participativa como la revocaci\u00f3n de mandato, iniciativa popular, el refer\u00e9ndum para consulta a la ciudadan\u00eda sobre leyes y el plebiscito para consulta sobre acciones de gobierno, de las cuales la ciudadan\u00eda no ha hecho uso.<\/p>\n<p style=\"text-align: justify;\">El planteamiento de los legisladores es que se establezca que el titular del Poder Ejecutivo no podr\u00e1 durar en su encargo m\u00e1s de seis a\u00f1os y su mandato podr\u00e1 ser revocado, para lo cual el Tribunal Electoral del Estado deber\u00e1 conocer del procedimiento.<\/p>\n<p style=\"text-align: justify;\">Adem\u00e1s, propone que la revocaci\u00f3n de mandato de gobernador sea convocada por el Instituto Electoral y de Participaci\u00f3n Ciudadana del Estado (IEPC) a petici\u00f3n de las ciudadanas y ciudadanos, por un n\u00famero equivalente al 10 por ciento de la lista nominal de electores en la mitad m\u00e1s uno de los municipios, y deber\u00e1 plantearse durante los tres meses posteriores a la conclusi\u00f3n del tercer a\u00f1o del periodo constitucional.<\/p>\n<p style=\"text-align: justify;\">Asimismo, que el IEPC, dentro de los siguientes 30 d\u00edas de la solicitud, verificar\u00e1 el requisito y emitir\u00e1 inmediatamente la convocatoria para el desarrollo del proceso, mismo que podr\u00e1 llevarse a cabo en una sola ocasi\u00f3n durante el periodo constitucional, mediante votaci\u00f3n libre, directa y secreta, para ser vinculante cuando la participaci\u00f3n corresponda como m\u00ednimo al 40 por ciento de dicha lista y la votaci\u00f3n sea por mayor\u00eda absoluta.<\/p>\n<p style=\"text-align: justify;\">Precisa, adem\u00e1s, que la votaci\u00f3n se efectuar\u00e1 en fecha posterior y no coincidente con procesos electorales o de participaci\u00f3n ciudadana local o federal, y quien asuma el mandato del Ejecutivo revocado concluir\u00e1 el periodo constitucional.<\/p>\n<p style=\"text-align: justify;\">\n<p style=\"text-align: justify;\"><strong>Iniciativas <\/strong><\/p>\n<p style=\"text-align: justify;\">La diputada Claudia Sierra P\u00e9rez present\u00f3 una iniciativa de adici\u00f3n a la Ley Org\u00e1nica del Municipio Libre del Estado para regular la contrataci\u00f3n de gr\u00faas particulares por parte de los municipios y que \u00e9stos se hagan cargo de la prestaci\u00f3n del servicio, a efecto de generar ingresos a las arcas municipales por concepto de infracciones y arrastres al corral\u00f3n.<\/p>\n<p style=\"text-align: justify;\">La diputada Jessica Alejo Rayo present\u00f3 una iniciativa de reforma y adici\u00f3n al C\u00f3digo Civil del Estado para crear el procedimiento administrativo denominado \u00abReconocimiento de identidad de g\u00e9nero\u00bb, que garantice a cualquier persona elegir de manera aut\u00f3noma su propia identidad sexual y de g\u00e9nero, y que esto coincida con los datos de identificaci\u00f3n consignados en los diversos registros.<\/p>\n<p style=\"text-align: justify;\">El diputado Marco Tulio S\u00e1nchez Alarc\u00f3n present\u00f3 una iniciativa de reforma a la Ley de Fomento y Desarrollo Tur\u00edstico del Estado y Municipios de Guerrero para integrar a Coyuca de Ben\u00edtez en el Consejo Consultivo de Turismo, el Consejo de Administraci\u00f3n de la Promotora Tur\u00edstica de Guerrero y en la Comisi\u00f3n Intersecretarial de Turismo, diversificando con ello la oferta tur\u00edstica de la entidad.<\/p>\n","protected":false},"excerpt":{"rendered":"<p>Chilpancingo, Gro., 25 de octubre de 2022.- Los diputados Manuel Qui\u00f1\u00f3nez Cort\u00e9s (PVEM) y H\u00e9ctor Apreza Patr\u00f3n (PRI) presentaron una iniciativa de reformas y adiciones a la Constituci\u00f3n Pol\u00edtica del Estado de Guerrero para establecer la revocaci\u00f3n de mandato del titular del Poder Ejecutivo. Al hacer la propuesta, el diputado Manuel Qui\u00f1\u00f3nez destac\u00f3 que se&#8230;<\/p>\n","protected":false},"author":1,"featured_media":5338,"comment_status":"closed","ping_status":"open","sticky":false,"template":"","format":"standard","meta":{"_monsterinsights_skip_tracking":false,"_monsterinsights_sitenote_active":false,"_monsterinsights_sitenote_note":"","_monsterinsights_sitenote_category":0,"footnotes":""},"categories":[3,6,7],"tags":[],"class_list":["post-5336","post","type-post","status-publish","format-standard","has-post-thumbnail","hentry","category-boletin","category-hector-apreza-patron","category-manuel-quinonez-cortes"],"aioseo_notices":[],"_links":{"self":[{"href":"https:\/\/congresogro.gob.mx\/63\/inicio\/wp-json\/wp\/v2\/posts\/5336","targetHints":{"allow":["GET"]}}],"collection":[{"href":"https:\/\/congresogro.gob.mx\/63\/inicio\/wp-json\/wp\/v2\/posts"}],"about":[{"href":"https:\/\/congresogro.gob.mx\/63\/inicio\/wp-json\/wp\/v2\/types\/post"}],"author":[{"embeddable":true,"href":"https:\/\/congresogro.gob.mx\/63\/inicio\/wp-json\/wp\/v2\/users\/1"}],"replies":[{"embeddable":true,"href":"https:\/\/congresogro.gob.mx\/63\/inicio\/wp-json\/wp\/v2\/comments?post=5336"}],"version-history":[{"count":1,"href":"https:\/\/congresogro.gob.mx\/63\/inicio\/wp-json\/wp\/v2\/posts\/5336\/revisions"}],"predecessor-version":[{"id":5339,"href":"https:\/\/congresogro.gob.mx\/63\/inicio\/wp-json\/wp\/v2\/posts\/5336\/revisions\/5339"}],"wp:featuredmedia":[{"embeddable":true,"href":"https:\/\/congresogro.gob.mx\/63\/inicio\/wp-json\/wp\/v2\/media\/5338"}],"wp:attachment":[{"href":"https:\/\/congresogro.gob.mx\/63\/inicio\/wp-json\/wp\/v2\/media?parent=5336"}],"wp:term":[{"taxonomy":"category","embeddable":true,"href":"https:\/\/congresogro.gob.mx\/63\/inicio\/wp-json\/wp\/v2\/categories?post=5336"},{"taxonomy":"post_tag","embeddable":true,"href":"https:\/\/congresogro.gob.mx\/63\/inicio\/wp-json\/wp\/v2\/tags?post=5336"}],"curies":[{"name":"wp","href":"https:\/\/api.w.org\/{rel}","templated":true}]}}