{"id":5303,"date":"2022-10-20T21:01:31","date_gmt":"2022-10-21T02:01:31","guid":{"rendered":"https:\/\/congresogro.gob.mx\/63\/inicio\/?p=5303"},"modified":"2022-10-20T21:01:31","modified_gmt":"2022-10-21T02:01:31","slug":"reforma-el-congreso-el-codigo-penal-para-sancionar-los-matrimonios-infantiles","status":"publish","type":"post","link":"https:\/\/congresogro.gob.mx\/63\/inicio\/2022\/10\/20\/reforma-el-congreso-el-codigo-penal-para-sancionar-los-matrimonios-infantiles\/","title":{"rendered":"REFORMA EL CONGRESO EL C\u00d3DIGO PENAL  PARA SANCIONAR LOS MATRIMONIOS INFANTILES"},"content":{"rendered":"<p style=\"text-align: justify;\"><strong>Chilpancingo, Gro., 20 de octubre de 2022.- <\/strong>El Congreso del Estado aprob\u00f3 por unanimidad adicionar el C\u00f3digo Penal del Estado para prohibir y sancionar conductas relacionados con el matrimonio infantil.<\/p>\n<p style=\"text-align: justify;\">De acuerdo con el dictamen emitido por la Comisi\u00f3n de Justicia, derivado de una iniciativa propuesta por la titular del Ejecutivo estatal, se plantea la necesidad de establecer restricciones jur\u00eddicas que proh\u00edban y sancionen el matrimonio infantil, la cohabitaci\u00f3n, las uniones tempranas y la venta de menores, por ser conductas que constituyen una violaci\u00f3n de los derechos humanos de las ni\u00f1as, ni\u00f1os y adolescentes, afect\u00e1ndolos en su vida y su desarrollo.<\/p>\n<p style=\"text-align: justify;\">Agrega que las cifras existentes comprueban que las formas en que se violan los derechos fundamentales de la ni\u00f1ez en M\u00e9xico a\u00fan son significativas y reflejan que los menores de edad en situaci\u00f3n de marginaci\u00f3n son m\u00e1s vulnerables.<\/p>\n<p style=\"text-align: justify;\">Se menciona, adem\u00e1s, que las y los diputados integrantes de la LXIII Legislatura no cejar\u00e1n en su empe\u00f1o de eliminar este tipo de pr\u00e1cticas, mediante la presentaci\u00f3n de iniciativas y acuerdos parlamentarios tendentes al establecimiento de programas de igualdad sustantiva y de respeto a los derechos superiores del menor.<\/p>\n<p style=\"text-align: justify;\">La adici\u00f3n al C\u00f3digo Penal consiste en incluir en el cap\u00edtulo de \u201cDelitos contra el libre desarrollo de la personalidad\u201d la cohabitaci\u00f3n forzada, y a quien la promueva se le impondr\u00e1 de 5 a 15 a\u00f1os de prisi\u00f3n y multa de 250 a 750 veces el valor diario de la Unidad de Medida y Actualizaci\u00f3n.<\/p>\n<p style=\"text-align: justify;\">Asimismo, a quien solicite, gestione, oferte o induzca la cohabitaci\u00f3n forzada, o se beneficie de la misma, se le aplicar\u00e1 de tres a 10 a\u00f1os de prisi\u00f3n y multa de 150 a 500 veces el valor diario de la Unidad de Medida y Actualizaci\u00f3n.<\/p>\n<p style=\"text-align: justify;\"><strong>\u00a0<\/strong><\/p>\n<p style=\"text-align: justify;\"><strong>Intervenciones<\/strong><\/p>\n<p style=\"text-align: justify;\">La diputada Ang\u00e9lica Espinoza Garc\u00eda (Morena) particip\u00f3 en relaci\u00f3n con la aprobaci\u00f3n en 1953 del voto de la mujer en M\u00e9xico. Manifest\u00f3 que el sufragio femenino signific\u00f3 el reconocimiento hist\u00f3rico de la igualdad sustantiva y la participaci\u00f3n pol\u00edtica, resultado de una gran lucha librada por muchas mujeres, entre las que destacan Elvia Carrillo Puerto y Hermila Galindo, quienes son sin\u00f3nimo de perseverancia, valent\u00eda y de una inteligencia combativa.<\/p>\n<p style=\"text-align: justify;\">La legisladora se pronunci\u00f3 a favor de que las juventudes conozcan la historia sobre el acceso a los derechos pol\u00edticos de las mujeres y el arribo a los distintos espacios de toma decisi\u00f3n, lo cual ha mejorado las oportunidades y el trato igualitario en la sociedad mexicana.<\/p>\n<p style=\"text-align: justify;\">Sobre el mismo tema intervino la diputada Jessica Ivette Alejo Rayo (Morena), indicando que el 17 de octubre es una fecha hist\u00f3rica que debe recordarse porque marc\u00f3 el inicio de la apertura democr\u00e1tica en M\u00e9xico.<\/p>\n<p style=\"text-align: justify;\">En ese contexto, la legisladora reconoci\u00f3 desde tribuna a las mujeres Hermila Galindo, Benita Galeana, Esther Chapa, Amalia Gonz\u00e1lez, Elvia Carrillo y muchas otras mujeres an\u00f3nimas que dejaron una huella imborrable en la lucha por los derechos de las mujeres.<\/p>\n<p style=\"text-align: justify;\">Al mismo tiempo, llam\u00f3 a sus hom\u00f3logos para concretar los esfuerzos de estas mujeres y seguir trabajando para garantizar la paridad de g\u00e9nero en los \u00f3rganos de representaci\u00f3n pol\u00edtica y en la administraci\u00f3n p\u00fablica estatal y municipales de la entidad.<\/p>\n<p style=\"text-align: justify;\">Se sum\u00f3 al tema la diputada Gloria Citlali Calixto Jim\u00e9nez (Morena), se\u00f1alando que hoy en d\u00eda las mujeres ejercen su derecho a votar y a ser votadas, lo cual significa que se vive un proceso de normalizaci\u00f3n donde se les observa proponiendo y tomando decisiones en los espacios de representaci\u00f3n popular y de gobierno, situaci\u00f3n que al mismo tiempo es un referente para que las ni\u00f1as en crecimiento aspiren a ocupar estos espacios.<\/p>\n<p style=\"text-align: justify;\">En el marco de la conmemoraci\u00f3n del D\u00eda Internacional de Lucha contra el C\u00e1ncer de Mama, la diputada Leticia Mosso Hern\u00e1ndez lament\u00f3 que los esfuerzos institucionales de sensibilizaci\u00f3n y visibilizaci\u00f3n de este padecimiento sean insuficientes, para lo cual puso de ejemplo que el \u00fanico mast\u00f3grafo que existe en el Hospital General de Tlapa est\u00e1 descompuesto, sin que haya recursos para pagar el seguro de mantenimiento de este equipo altamente especializado.<\/p>\n<p style=\"text-align: justify;\">Por lo anterior, la legisladora se comprometi\u00f3 a revisar que el presupuesto del pr\u00f3ximo a\u00f1o contemple recursos suficientes que garanticen el buen funcionamiento de los mast\u00f3grafos, y para la contrataci\u00f3n del personal que requiere su operaci\u00f3n.<\/p>\n<p style=\"text-align: justify;\">Con el mismo tema particip\u00f3 la diputada Jessica Ivette Alejo Rayo, refiriendo que esta es la principal causa de muerte en M\u00e9xico, con 7 mil 827 defunciones tan solo en 2020.<\/p>\n<p style=\"text-align: justify;\">La legisladora extern\u00f3 su preocupaci\u00f3n porque en Guerrero la incidencia va en aumento, y ante esto -dijo- es necesario reconsiderar las acciones de combate, como el reforzamiento de las campa\u00f1as de concientizaci\u00f3n y prevenci\u00f3n, el despliegue de especialistas y equipo para mastograf\u00edas en las comunidades rurales, adem\u00e1s de dotar de mayor presupuesto a la Secretar\u00eda de Salud y al Instituto de Cancerolog\u00eda.<\/p>\n<p style=\"text-align: justify;\">La diputada Gabriela Bernal Res\u00e9ndiz (PRI) intervino tambi\u00e9n para referir que en Guerrero son muchos los casos de mujeres que sufren este padecimiento, lo cual refrenda la necesidad de reforzar las campa\u00f1as de sensibilizaci\u00f3n y concientizaci\u00f3n sobre la importancia de la detecci\u00f3n temprana, que revierta los altos \u00edndices de mortalidad por esta causa.<\/p>\n<p style=\"text-align: justify;\">Al intervenir con el tema del D\u00eda Internacional de las Mujeres Rurales, la diputada Mar\u00eda Flores Maldonado record\u00f3 que esta fecha se conmemora desde el 15 de octubre de 2008, con la intenci\u00f3n de promover el desarrollo agr\u00edcola y rural, pero fundamentalmente el reconocimiento de las mujeres ind\u00edgenas y afromexicanas que d\u00eda a d\u00eda contribuyen con la seguridad alimentaria del pa\u00eds, a pesar de las grandes problem\u00e1ticas que viven.<\/p>\n<p style=\"text-align: justify;\">La legisladora llam\u00f3 a seguir trabajando desde todos los espacios de toma de decisiones para lograr el empoderamiento pol\u00edtico y socioecon\u00f3mico de las ni\u00f1as y mujeres rurales, atacando de ra\u00edz los matrimonios forzados, la venta de ni\u00f1as, la explotaci\u00f3n laboral, los embarazos de adolescentes, la falta de educaci\u00f3n y de servicios sanitarios dignos.<\/p>\n<p style=\"text-align: justify;\">El diputado Jos\u00e9 Efr\u00e9n L\u00f3pez Cort\u00e9s (Morena) intervino en relaci\u00f3n con el Proyecto de Presupuesto de Egresos del Gobierno del Estado para el Ejercicio Fiscal 2023. Expuso que dentro de las atribuciones constitucionales de las y los legisladores est\u00e1 el analizar, discutir y modificar este proyecto, procurando que las asignaciones presupuestales atiendan las demandas y necesidades en los municipios que integran sus distritos. Ante esto, exhort\u00f3 a la Comisi\u00f3n de Presupuesto y Cuenta P\u00fablica para que contemple en el dictamen que los ajustes o reorientaciones presupuestales que sean necesarios durante el ejercicio fiscal, sean previamente notificados al Congreso, con la justificaci\u00f3n y causas t\u00e9cnicas, financieras o de cualquier \u00edndole.<\/p>\n<p style=\"text-align: justify;\">Lo anterior, indic\u00f3 el legislador, sentar\u00e1 un precedente respecto de las facultades de fiscalizaci\u00f3n inherentes a esta Soberan\u00eda por conducto de la Auditor\u00eda Superior del Estado como \u00f3rgano t\u00e9cnico.<\/p>\n","protected":false},"excerpt":{"rendered":"<p>Chilpancingo, Gro., 20 de octubre de 2022.- El Congreso del Estado aprob\u00f3 por unanimidad adicionar el C\u00f3digo Penal del Estado para prohibir y sancionar conductas relacionados con el matrimonio infantil. De acuerdo con el dictamen emitido por la Comisi\u00f3n de Justicia, derivado de una iniciativa propuesta por la titular del Ejecutivo estatal, se plantea la&#8230;<\/p>\n","protected":false},"author":1,"featured_media":5305,"comment_status":"closed","ping_status":"open","sticky":false,"template":"","format":"standard","meta":{"_monsterinsights_skip_tracking":false,"_monsterinsights_sitenote_active":false,"_monsterinsights_sitenote_note":"","_monsterinsights_sitenote_category":0,"footnotes":""},"categories":[3],"tags":[],"class_list":["post-5303","post","type-post","status-publish","format-standard","has-post-thumbnail","hentry","category-boletin"],"aioseo_notices":[],"_links":{"self":[{"href":"https:\/\/congresogro.gob.mx\/63\/inicio\/wp-json\/wp\/v2\/posts\/5303","targetHints":{"allow":["GET"]}}],"collection":[{"href":"https:\/\/congresogro.gob.mx\/63\/inicio\/wp-json\/wp\/v2\/posts"}],"about":[{"href":"https:\/\/congresogro.gob.mx\/63\/inicio\/wp-json\/wp\/v2\/types\/post"}],"author":[{"embeddable":true,"href":"https:\/\/congresogro.gob.mx\/63\/inicio\/wp-json\/wp\/v2\/users\/1"}],"replies":[{"embeddable":true,"href":"https:\/\/congresogro.gob.mx\/63\/inicio\/wp-json\/wp\/v2\/comments?post=5303"}],"version-history":[{"count":1,"href":"https:\/\/congresogro.gob.mx\/63\/inicio\/wp-json\/wp\/v2\/posts\/5303\/revisions"}],"predecessor-version":[{"id":5306,"href":"https:\/\/congresogro.gob.mx\/63\/inicio\/wp-json\/wp\/v2\/posts\/5303\/revisions\/5306"}],"wp:featuredmedia":[{"embeddable":true,"href":"https:\/\/congresogro.gob.mx\/63\/inicio\/wp-json\/wp\/v2\/media\/5305"}],"wp:attachment":[{"href":"https:\/\/congresogro.gob.mx\/63\/inicio\/wp-json\/wp\/v2\/media?parent=5303"}],"wp:term":[{"taxonomy":"category","embeddable":true,"href":"https:\/\/congresogro.gob.mx\/63\/inicio\/wp-json\/wp\/v2\/categories?post=5303"},{"taxonomy":"post_tag","embeddable":true,"href":"https:\/\/congresogro.gob.mx\/63\/inicio\/wp-json\/wp\/v2\/tags?post=5303"}],"curies":[{"name":"wp","href":"https:\/\/api.w.org\/{rel}","templated":true}]}}