{"id":5295,"date":"2022-10-20T20:57:50","date_gmt":"2022-10-21T01:57:50","guid":{"rendered":"https:\/\/congresogro.gob.mx\/63\/inicio\/?p=5295"},"modified":"2022-10-20T20:57:50","modified_gmt":"2022-10-21T01:57:50","slug":"aprueban-diputadas-y-diputados-la-creacion-de-la-sierra-como-octava-region-economica-del-estado-de-guerrero","status":"publish","type":"post","link":"https:\/\/congresogro.gob.mx\/63\/inicio\/2022\/10\/20\/aprueban-diputadas-y-diputados-la-creacion-de-la-sierra-como-octava-region-economica-del-estado-de-guerrero\/","title":{"rendered":"APRUEBAN DIPUTADAS Y DIPUTADOS LA CREACI\u00d3N DE LA SIERRA COMO OCTAVA REGI\u00d3N ECON\u00d3MICA DEL ESTADO DE GUERRERO"},"content":{"rendered":"<p style=\"text-align: justify;\"><strong>Chilpancingo, Gro., 20 de octubre de 2022<\/strong>.- El Congreso del Estado aprob\u00f3 reformas al art\u00edculo 17 de la Ley de Planeaci\u00f3n del Estado para crear la Sierra como octava regi\u00f3n econ\u00f3mica de la entidad, conformada por un total de 818 localidades pertenecientes a 14 municipios.<\/p>\n<p style=\"text-align: justify;\">Al fundamentar el dictamen a nombre de la Comisi\u00f3n de Justicia, derivado de una iniciativa presentada por la gobernadora Evelyn Cecia Salgado Pineda, la diputada Ana Lenis Res\u00e9ndiz Javier resalt\u00f3 que con dicha iniciativa no solo se ratifica la declaraci\u00f3n de la zona serrana, sino que se integra como regi\u00f3n a los Sistemas Nacional y Estatal de Planeaci\u00f3n.<\/p>\n<p style=\"text-align: justify;\">Lo anterior, dijo, la har\u00e1n parte activa en la planificaci\u00f3n, conducci\u00f3n, direccionalidad, coordinaci\u00f3n y orientaci\u00f3n en las pol\u00edticas p\u00fablicas que se implementen en la entidad y a nivel nacional, conforme al principio de irradiaci\u00f3n de los derechos humanos, bajo la supervisi\u00f3n del Consejo de Pol\u00edticas P\u00fablicas,<\/p>\n<p style=\"text-align: justify;\">Record\u00f3 la legisladora que exist\u00eda una demanda sistem\u00e1tica de un sector perfectamente identificado que desde hace por lo menos 25 a\u00f1os ha pugnado por la identificaci\u00f3n de una nueva regi\u00f3n para el estado de Guerrero, que les permitiera acceder en igualdad de condiciones a las oportunidades, recursos, programas e infraestructura respecto al resto de regiones de la entidad.<\/p>\n<p style=\"text-align: justify;\">Refiri\u00f3 que, en atenci\u00f3n a estas demandas, se realiz\u00f3 una declaratoria por medio de la cual se hac\u00eda del conocimiento general que, a partir del d\u00eda 16 de enero del a\u00f1o 2015, se declaraba el reconocimiento de la identidad de las y los habitantes de las localidades de la Regi\u00f3n Sierra. Sin embargo, dicha declaratoria no tuvo ning\u00fan efecto real sobre la definici\u00f3n de pol\u00edticas p\u00fablicas, distribuci\u00f3n de presupuesto ni generaci\u00f3n de bienestar.<\/p>\n<p style=\"text-align: justify;\">Res\u00e9ndiz Javier subray\u00f3 que es de vital importancia reconocer la identidad de la regi\u00f3n Sierra en el estado de Guerrero, con el prop\u00f3sito de identificar los niveles de marginaci\u00f3n y los niveles de actividad econ\u00f3mica, para impulsar encadenamientos productivos y detonar el potencial existente.<\/p>\n<p style=\"text-align: justify;\">En ese sentido, expuso que el reconocimiento real de esta zona ser\u00e1 la ruta que orientar\u00e1 y articular\u00e1 los esfuerzos del Gobierno del Estado durante los pr\u00f3ximos a\u00f1os para garantizar los derechos de todas y todos los pobladores de la regi\u00f3n, y como consecuencia, se implementar\u00e1n proyectos sociales y productivos, unidades regionales administrativas en materia educativa, salud, finanzas, entre otras, con la finalidad garantizar los servicios b\u00e1sicos y detonar un crecimiento econ\u00f3mico que promueva el desarrollo y el bienestar social.<\/p>\n<p style=\"text-align: justify;\">Abund\u00f3 que la comisi\u00f3n dictaminadora encontr\u00f3 que la iniciativa se pliega\u00a0 a la agenda 2030 para el Desarrollo Sostenible y Objetivos Globales, que tiene su punto referencial en los Objetivos del Milenio para la erradicaci\u00f3n de la pobreza.<\/p>\n<p style=\"text-align: justify;\">Por \u00faltimo, dijo que la identificaci\u00f3n de la Sierra en materia de planeaci\u00f3n impulsar\u00e1 permanentemente el crecimiento econ\u00f3mico y garantizar\u00e1 la adecuada distribuci\u00f3n de la riqueza y sus frutos en las comunidades que la integran, coadyuvando a que se revierta la primera posici\u00f3n de Guerrero entre las entidades federativas m\u00e1s marginadas de M\u00e9xico.<\/p>\n<p style=\"text-align: justify;\">Al razonar su voto a favor, el diputado Olaguer Hern\u00e1ndez Flores (PRI) manifest\u00f3 que la creaci\u00f3n de la Octava Regi\u00f3n de Guerrero es un hecho hist\u00f3rico, por ser un proyecto que para su concreci\u00f3n dilat\u00f3 alrededor de 30 a\u00f1os.<\/p>\n<p style=\"text-align: justify;\">En ese sentido, hizo un reconocimiento a la gobernadora del estado, as\u00ed como a sus compa\u00f1eros y compa\u00f1eras de la LXIII Legislatura del Congreso, quienes con toda voluntad pol\u00edtica adecuaron el marco legal y jur\u00eddico para ayudar a los pueblos de la Sierra de Guerrero, quienes merecen m\u00e1s y mejores oportunidades y una distribuci\u00f3n equitativa del presupuesto, para su desarrollo.<\/p>\n<p style=\"text-align: justify;\">Tambi\u00e9n razon\u00f3 su voto a favor la diputada Beatriz Mojica Morga (Morena), reconociendo la disposici\u00f3n de la jefa del Ejecutivo estatal por enviar la iniciativa para la creaci\u00f3n de esta octava regi\u00f3n, lo que traer\u00e1 como resultado una mayor atenci\u00f3n a sus pueblos. Al mismo tiempo, hizo un llamado a las y los diputados para comprometerse y dotar de mayores recursos a los abandonados municipios serranos.<\/p>\n<p style=\"text-align: justify;\">El diputado Bernardo Ortega Jim\u00e9nez (PRD) intervino para expresar que la creaci\u00f3n de la Octava Regi\u00f3n de Guerrero es un logro de las y los 46 diputadas y diputados de la LXIII Legislatura, cuyos grupos parlamentarios reflejaron su compromiso y oficio pol\u00edtico a favor del proyecto que busca mejorar las condiciones de vida en la Sierra. De la misma forma, reconoci\u00f3 a la gobernadora del estado por sumarse a este noble proyecto.<\/p>\n<p style=\"text-align: justify;\">Por \u00faltimo, la diputada Alicia Elizabeth Zamora Villalva (PRI) se\u00f1al\u00f3 por su parte que la creaci\u00f3n de la Sierra como nueva zona econ\u00f3mica de Guerrero es un proceso que a\u00fan requiere de esfuerzos y voluntad pol\u00edtica, para que no quede en simple discurso, lo cual podr\u00e1 verse reflejado en el Presupuesto de Egresos 2023, asignando recursos para mejorar los servicios p\u00fablicos, las carreteras, centros educativos y de salud, en respuesta a las demandas leg\u00edtimas de los pobladores.<\/p>\n","protected":false},"excerpt":{"rendered":"<p>Chilpancingo, Gro., 20 de octubre de 2022.- El Congreso del Estado aprob\u00f3 reformas al art\u00edculo 17 de la Ley de Planeaci\u00f3n del Estado para crear la Sierra como octava regi\u00f3n econ\u00f3mica de la entidad, conformada por un total de 818 localidades pertenecientes a 14 municipios. Al fundamentar el dictamen a nombre de la Comisi\u00f3n de&#8230;<\/p>\n","protected":false},"author":1,"featured_media":5297,"comment_status":"closed","ping_status":"open","sticky":false,"template":"","format":"standard","meta":{"_monsterinsights_skip_tracking":false,"_monsterinsights_sitenote_active":false,"_monsterinsights_sitenote_note":"","_monsterinsights_sitenote_category":0,"footnotes":""},"categories":[3],"tags":[],"class_list":["post-5295","post","type-post","status-publish","format-standard","has-post-thumbnail","hentry","category-boletin"],"aioseo_notices":[],"_links":{"self":[{"href":"https:\/\/congresogro.gob.mx\/63\/inicio\/wp-json\/wp\/v2\/posts\/5295","targetHints":{"allow":["GET"]}}],"collection":[{"href":"https:\/\/congresogro.gob.mx\/63\/inicio\/wp-json\/wp\/v2\/posts"}],"about":[{"href":"https:\/\/congresogro.gob.mx\/63\/inicio\/wp-json\/wp\/v2\/types\/post"}],"author":[{"embeddable":true,"href":"https:\/\/congresogro.gob.mx\/63\/inicio\/wp-json\/wp\/v2\/users\/1"}],"replies":[{"embeddable":true,"href":"https:\/\/congresogro.gob.mx\/63\/inicio\/wp-json\/wp\/v2\/comments?post=5295"}],"version-history":[{"count":1,"href":"https:\/\/congresogro.gob.mx\/63\/inicio\/wp-json\/wp\/v2\/posts\/5295\/revisions"}],"predecessor-version":[{"id":5298,"href":"https:\/\/congresogro.gob.mx\/63\/inicio\/wp-json\/wp\/v2\/posts\/5295\/revisions\/5298"}],"wp:featuredmedia":[{"embeddable":true,"href":"https:\/\/congresogro.gob.mx\/63\/inicio\/wp-json\/wp\/v2\/media\/5297"}],"wp:attachment":[{"href":"https:\/\/congresogro.gob.mx\/63\/inicio\/wp-json\/wp\/v2\/media?parent=5295"}],"wp:term":[{"taxonomy":"category","embeddable":true,"href":"https:\/\/congresogro.gob.mx\/63\/inicio\/wp-json\/wp\/v2\/categories?post=5295"},{"taxonomy":"post_tag","embeddable":true,"href":"https:\/\/congresogro.gob.mx\/63\/inicio\/wp-json\/wp\/v2\/tags?post=5295"}],"curies":[{"name":"wp","href":"https:\/\/api.w.org\/{rel}","templated":true}]}}