{"id":5289,"date":"2022-10-19T20:55:51","date_gmt":"2022-10-20T01:55:51","guid":{"rendered":"https:\/\/congresogro.gob.mx\/63\/inicio\/?p=5289"},"modified":"2022-10-20T12:56:23","modified_gmt":"2022-10-20T17:56:23","slug":"desarrollan-conversatorio-sobre-el-cancer-de-mama-en-el-congreso-del-estado","status":"publish","type":"post","link":"https:\/\/congresogro.gob.mx\/63\/inicio\/2022\/10\/19\/desarrollan-conversatorio-sobre-el-cancer-de-mama-en-el-congreso-del-estado\/","title":{"rendered":"DESARROLLAN CONVERSATORIO SOBRE EL C\u00c1NCER DE MAMA EN EL CONGRESO DEL ESTADO"},"content":{"rendered":"<p style=\"text-align: justify;\"><strong>Chilpancingo, Gro., 19 de octubre de 2022<\/strong>.- En el marco del D\u00eda Internacional de la Lucha Contra el C\u00e1ncer de Mama, y con el prop\u00f3sito de promover entre trabajadores y trabajadoras del Congreso del Estado la cultura del autocuidado, se realiz\u00f3 este mi\u00e9rcoles en el Recinto Legislativo el conversatorio C\u00e1ncer de mama.<\/p>\n<p style=\"text-align: justify;\">Dicha actividad fue organizada por la Comisi\u00f3n para la Igualdad de G\u00e9nero en coordinaci\u00f3n con la Unidad para la Igualdad de G\u00e9nero, teniendo como moderadora a la doctora Ana Lilia Salazar Gatica, responsable del Programa de C\u00e1ncer de la Mujer en la Jurisdicci\u00f3n Sanitaria Centro de la Secretar\u00eda de Salud (SS).<\/p>\n<p style=\"text-align: justify;\">Al dar la bienvenida a las y los participantes, la diputada Patricia Doroteo Calder\u00f3n, vocal de la citada comisi\u00f3n legislativa, resalt\u00f3 lo importante que es tomar medidas de prevenci\u00f3n contra esta enfermedad, como el autocuidado y la autoexploraci\u00f3n, que permiten mejorar pron\u00f3sticos y favorecen la supervivencia en los casos detectados.<\/p>\n<p style=\"text-align: justify;\">Agreg\u00f3 que el c\u00e1ncer es la segunda causa de muerte y se estima que 4 millones de personas fueron diagnosticadas con esta enfermedad en 2020, de las cuales 1.4 millones murieron.<\/p>\n<p style=\"text-align: justify;\">Manifest\u00f3 que, ante esta dram\u00e1tica cifra, es impostergable que los gobiernos federal y estatal dignifiquen la lucha contra el c\u00e1ncer de mama, \u201ccon determinaci\u00f3n y mayor presupuesto, para fortalecer la cultura de la prevenci\u00f3n y mejorando la infraestructura cl\u00ednica y hospitalaria.\u201d<\/p>\n<p style=\"text-align: justify;\">Al clausurar el evento, la diputada Jennyfer Garc\u00eda Lucena reconoci\u00f3 el esfuerzo de los organizadores y la nutrida asistencia de personas que dieron a conocer sus testimonios de vida. \u201cGracias por compartir sus vivencias y ser un ejemplo de lucha por la vida\u201d, manifest\u00f3.<\/p>\n<p style=\"text-align: justify;\">Participaron tambi\u00e9n la diputada Jessica Alejo Rayo; las consejeras del Instituto Electoral y de Participaci\u00f3n Ciudadana (IEPC), Vicenta Molina Revuelta y Dulce Merary Villalobos Tlatempa; Alondra Garc\u00eda Carbajal en representaci\u00f3n de la Subsecretar\u00eda de Prevenci\u00f3n y Control de Enfermedades de la Secretar\u00eda de Salud Guerrero; el director de Comunicaci\u00f3n del Congreso, Roberto Ram\u00edrez Bravo, entre otros.<\/p>\n","protected":false},"excerpt":{"rendered":"<p>Chilpancingo, Gro., 19 de octubre de 2022.- En el marco del D\u00eda Internacional de la Lucha Contra el C\u00e1ncer de Mama, y con el prop\u00f3sito de promover entre trabajadores y trabajadoras del Congreso del Estado la cultura del autocuidado, se realiz\u00f3 este mi\u00e9rcoles en el Recinto Legislativo el conversatorio C\u00e1ncer de mama. Dicha actividad fue&#8230;<\/p>\n","protected":false},"author":1,"featured_media":5294,"comment_status":"closed","ping_status":"open","sticky":false,"template":"","format":"standard","meta":{"_monsterinsights_skip_tracking":false,"_monsterinsights_sitenote_active":false,"_monsterinsights_sitenote_note":"","_monsterinsights_sitenote_category":0,"footnotes":""},"categories":[3],"tags":[],"class_list":["post-5289","post","type-post","status-publish","format-standard","has-post-thumbnail","hentry","category-boletin"],"aioseo_notices":[],"_links":{"self":[{"href":"https:\/\/congresogro.gob.mx\/63\/inicio\/wp-json\/wp\/v2\/posts\/5289","targetHints":{"allow":["GET"]}}],"collection":[{"href":"https:\/\/congresogro.gob.mx\/63\/inicio\/wp-json\/wp\/v2\/posts"}],"about":[{"href":"https:\/\/congresogro.gob.mx\/63\/inicio\/wp-json\/wp\/v2\/types\/post"}],"author":[{"embeddable":true,"href":"https:\/\/congresogro.gob.mx\/63\/inicio\/wp-json\/wp\/v2\/users\/1"}],"replies":[{"embeddable":true,"href":"https:\/\/congresogro.gob.mx\/63\/inicio\/wp-json\/wp\/v2\/comments?post=5289"}],"version-history":[{"count":1,"href":"https:\/\/congresogro.gob.mx\/63\/inicio\/wp-json\/wp\/v2\/posts\/5289\/revisions"}],"predecessor-version":[{"id":5292,"href":"https:\/\/congresogro.gob.mx\/63\/inicio\/wp-json\/wp\/v2\/posts\/5289\/revisions\/5292"}],"wp:featuredmedia":[{"embeddable":true,"href":"https:\/\/congresogro.gob.mx\/63\/inicio\/wp-json\/wp\/v2\/media\/5294"}],"wp:attachment":[{"href":"https:\/\/congresogro.gob.mx\/63\/inicio\/wp-json\/wp\/v2\/media?parent=5289"}],"wp:term":[{"taxonomy":"category","embeddable":true,"href":"https:\/\/congresogro.gob.mx\/63\/inicio\/wp-json\/wp\/v2\/categories?post=5289"},{"taxonomy":"post_tag","embeddable":true,"href":"https:\/\/congresogro.gob.mx\/63\/inicio\/wp-json\/wp\/v2\/tags?post=5289"}],"curies":[{"name":"wp","href":"https:\/\/api.w.org\/{rel}","templated":true}]}}