{"id":5252,"date":"2022-10-14T17:36:45","date_gmt":"2022-10-14T22:36:45","guid":{"rendered":"https:\/\/congresogro.gob.mx\/63\/inicio\/?p=5252"},"modified":"2022-10-14T17:36:45","modified_gmt":"2022-10-14T22:36:45","slug":"recibe-congreso-el-paquete-fiscal-2023-para-el-estado-de-guerrero","status":"publish","type":"post","link":"https:\/\/congresogro.gob.mx\/63\/inicio\/2022\/10\/14\/recibe-congreso-el-paquete-fiscal-2023-para-el-estado-de-guerrero\/","title":{"rendered":"RECIBE CONGRESO EL PAQUETE FISCAL 2023  PARA EL ESTADO DE GUERRERO"},"content":{"rendered":"<p style=\"text-align: justify;\"><strong>Chilpancingo, Gro., 14 de octubre 2022<\/strong>.- La presidenta de la Mesa Directiva, diputada Yanelly Hern\u00e1ndez Mart\u00ednez, recibi\u00f3 este viernes, a nombre del Congreso del Estado, el Paquete Fiscal 2023 de manos del secretario de Finanzas y Administraci\u00f3n del Gobierno del Estado, Raymundo Segura Estrada.<\/p>\n<p style=\"text-align: justify;\">Este paquete econ\u00f3mico entregado por el Ejecutivo estatal contempla las Leyes de Ingresos del Estado, Ley General para los Municipios de Guerrero y el Presupuesto de Egresos del Estado por un monto de 76 mil 638 millones de pesos, lo que representa un incremento del 13 por ciento respecto al ejercido en 2022.<\/p>\n<p style=\"text-align: justify;\">En su intervenci\u00f3n, la diputada Yanelly Hern\u00e1ndez indic\u00f3 que el Congreso har\u00e1 un an\u00e1lisis minucioso del presupuesto y las previsiones contempladas por las dependencias y entidades para realizar acciones de gobierno, obras y servicios p\u00fablicos, con base en los principios de racionalidad, austeridad y disciplina financiera.<\/p>\n<p style=\"text-align: justify;\">Adelant\u00f3 que las y los diputados de la LXIII Legislatura velar\u00e1n por que el presupuesto sea un instrumento responsable con el financiamiento p\u00fablico, congruente con los principios y disposiciones legales, equilibrado, que procure una ejecuci\u00f3n del gasto eficiente y vaya encaminado a programas y rubros de alto impacto social, para beneficio de los guerrerenses.<\/p>\n<p style=\"text-align: justify;\">Hern\u00e1ndez Mart\u00ednez enfatiz\u00f3 que se recibe con mucho respeto y responsabilidad dicho paquete fiscal, y confi\u00f3 que en \u00e9l est\u00e9n contenidas las necesidades que tanto aquejan al estado.<\/p>\n<p style=\"text-align: justify;\">En su oportunidad, el secretario de Finanzas y Administraci\u00f3n del Gobierno del Estado, Raymundo Segura Estrada, mencion\u00f3 que el Paquete Econ\u00f3mico 2023 refleja en primer t\u00e9rmino el fomento al ahorro, la disciplina fiscal, la optimizaci\u00f3n de recursos y una distribuci\u00f3n equitativa, sin sacrificar los programas sociales que brindan bienestar a los guerrerenses y fortaleciendo las capacidades financieras de las entidades paraestatales del sector educativo y del sector salud.<\/p>\n<p style=\"text-align: justify;\">Se\u00f1al\u00f3 que es voluntad de la titular del Poder Ejecutivo transitar por la ruta del pleno respeto al equilibrio de poderes, y que estar\u00e1n pendientes para proveer la informaci\u00f3n suficiente que se requiera en el proceso legislativo, para de manera conjunta lograr un presupuesto que se traduzca en progreso y desarrollo de la entidad.<\/p>\n<p style=\"text-align: justify;\">Atestiguaron el acto protocolario la presidenta de la Junta de Coordinaci\u00f3n Pol\u00edtica, diputada Yoloczin Lizbeth Dom\u00ednguez Serna; las y los diputados presidentes de las Comisiones de Presupuesto y Cuenta P\u00fablica, de Hacienda y de Estudios Constitucionales y Jur\u00eddicos, Estrella de la Paz Bernal, Bernardo Ortega Jim\u00e9nez y Leticia Castro Ortiz, respectivamente; junto a sus hom\u00f3logos Ociel Hugar Garc\u00eda Trujillo, Osbaldo R\u00edos Manrique, Mar\u00eda Flores Maldonado y Beatriz Mojica Morga, y por parte del Ejecutivo el secretario de Planeaci\u00f3n y Desarrollo Regional, Ren\u00e9 Vargas Pineda; el secretario t\u00e9cnico de la Oficina de la Gobernadora, Pablo Andr\u00e9 Gordillo Oliveros, entre otros funcionarios.<\/p>\n","protected":false},"excerpt":{"rendered":"<p>Chilpancingo, Gro., 14 de octubre 2022.- La presidenta de la Mesa Directiva, diputada Yanelly Hern\u00e1ndez Mart\u00ednez, recibi\u00f3 este viernes, a nombre del Congreso del Estado, el Paquete Fiscal 2023 de manos del secretario de Finanzas y Administraci\u00f3n del Gobierno del Estado, Raymundo Segura Estrada. Este paquete econ\u00f3mico entregado por el Ejecutivo estatal contempla las Leyes&#8230;<\/p>\n","protected":false},"author":1,"featured_media":5254,"comment_status":"closed","ping_status":"open","sticky":false,"template":"","format":"standard","meta":{"_monsterinsights_skip_tracking":false,"_monsterinsights_sitenote_active":false,"_monsterinsights_sitenote_note":"","_monsterinsights_sitenote_category":0,"footnotes":""},"categories":[3],"tags":[],"class_list":["post-5252","post","type-post","status-publish","format-standard","has-post-thumbnail","hentry","category-boletin"],"aioseo_notices":[],"_links":{"self":[{"href":"https:\/\/congresogro.gob.mx\/63\/inicio\/wp-json\/wp\/v2\/posts\/5252","targetHints":{"allow":["GET"]}}],"collection":[{"href":"https:\/\/congresogro.gob.mx\/63\/inicio\/wp-json\/wp\/v2\/posts"}],"about":[{"href":"https:\/\/congresogro.gob.mx\/63\/inicio\/wp-json\/wp\/v2\/types\/post"}],"author":[{"embeddable":true,"href":"https:\/\/congresogro.gob.mx\/63\/inicio\/wp-json\/wp\/v2\/users\/1"}],"replies":[{"embeddable":true,"href":"https:\/\/congresogro.gob.mx\/63\/inicio\/wp-json\/wp\/v2\/comments?post=5252"}],"version-history":[{"count":1,"href":"https:\/\/congresogro.gob.mx\/63\/inicio\/wp-json\/wp\/v2\/posts\/5252\/revisions"}],"predecessor-version":[{"id":5255,"href":"https:\/\/congresogro.gob.mx\/63\/inicio\/wp-json\/wp\/v2\/posts\/5252\/revisions\/5255"}],"wp:featuredmedia":[{"embeddable":true,"href":"https:\/\/congresogro.gob.mx\/63\/inicio\/wp-json\/wp\/v2\/media\/5254"}],"wp:attachment":[{"href":"https:\/\/congresogro.gob.mx\/63\/inicio\/wp-json\/wp\/v2\/media?parent=5252"}],"wp:term":[{"taxonomy":"category","embeddable":true,"href":"https:\/\/congresogro.gob.mx\/63\/inicio\/wp-json\/wp\/v2\/categories?post=5252"},{"taxonomy":"post_tag","embeddable":true,"href":"https:\/\/congresogro.gob.mx\/63\/inicio\/wp-json\/wp\/v2\/tags?post=5252"}],"curies":[{"name":"wp","href":"https:\/\/api.w.org\/{rel}","templated":true}]}}