{"id":5226,"date":"2022-10-12T19:54:15","date_gmt":"2022-10-13T00:54:15","guid":{"rendered":"https:\/\/congresogro.gob.mx\/63\/inicio\/?p=5226"},"modified":"2022-10-12T19:54:15","modified_gmt":"2022-10-13T00:54:15","slug":"es-prioridad-del-congreso-garantizar-los-derechos-de-los-pueblos-originarios-de-guerrero-manifiestan-legisladores","status":"publish","type":"post","link":"https:\/\/congresogro.gob.mx\/63\/inicio\/2022\/10\/12\/es-prioridad-del-congreso-garantizar-los-derechos-de-los-pueblos-originarios-de-guerrero-manifiestan-legisladores\/","title":{"rendered":"ES PRIORIDAD DEL CONGRESO GARANTIZAR LOS DERECHOS DE LOS PUEBLOS ORIGINARIOS DE GUERRERO, MANIFIESTAN LEGISLADORES"},"content":{"rendered":"<p style=\"text-align: justify;\"><strong>Chilpancingo, Gro., a 12 de octubre 2022<\/strong>.- Al dar la bienvenida a las y los participantes del Parlamento de Hablantes de Lenguas Ind\u00edgenas del Estado de Guerrero 2022, la presidenta de la Mesa Directiva, diputada Yanelly Hern\u00e1ndez Mart\u00ednez, reafirm\u00f3 el compromiso de la LXIII Legislatura por seguir generando mecanismos de participaci\u00f3n en favor de las y los pueblos y comunidades ind\u00edgenas y afromexicanos de Guerrero, que deriven en el reconocimiento pleno a sus derechos, erradiquen la discriminaci\u00f3n en cualquiera de sus formas y coadyuven a la preservaci\u00f3n y difusi\u00f3n de las lenguas originarias.<\/p>\n<p style=\"text-align: justify;\">Record\u00f3 que este ejercicio democr\u00e1tico impulsado por la \u201cLegislatura de la paridad\u201d se da en el contexto del Decenio de Acciones para las Lenguas Ind\u00edgenas (2022-2032) proclamado por la UNESCO, as\u00ed como en conmemoraci\u00f3n del 12 de octubre, D\u00eda de la Naci\u00f3n Pluricultural. En ese tenor, dijo que el Poder Legislativo \u201casume con firmeza el compromiso de impulsar acciones de promoci\u00f3n, revitalizaci\u00f3n y preservaci\u00f3n de las lenguas originarias, y ser generadores de oportunidades para que la voz de nuestros hermanos ind\u00edgenas sea escuchada y atendida, con el fin de cimentar nuestra historia y riqueza multicultural, pluri\u00e9tnica y multiling\u00fce\u201d.<\/p>\n<p style=\"text-align: justify;\">Abund\u00f3 que actualmente el Poder Legislativo desarrolla diversas consultas previas, libres, informadas, culturalmente adecuadas y de buena fe en relaci\u00f3n con leyes que inciden en el territorio, cultura y derechos de los pueblos ind\u00edgenas. \u201cPara las legisladoras y legisladores de la LXIII Legislatura, nuestra gente de los pueblos ind\u00edgenas y afromexicanos son una prioridad\u201d, remarc\u00f3.<\/p>\n<p style=\"text-align: justify;\">En su oportunidad, la presidenta de la Junta de Coordinaci\u00f3n Pol\u00edtica, diputada Yoloczin Dom\u00ednguez Serna, celebr\u00f3 la visita al Poder Legislativo de mujeres y hombres provenientes de las siete regiones de Guerrero, cuyas exposiciones ayudar\u00e1n a la preservaci\u00f3n y fomento de las lenguas originarias de Guerrero, entre otros rubros.<\/p>\n<p style=\"text-align: justify;\">Resalt\u00f3 que la conmemoraci\u00f3n del D\u00eda de la Naci\u00f3n Pluricultural es para reconocer a los pueblos ind\u00edgenas y afromexicanos, y afirm\u00f3 que es un privilegio ser parte de esta LXIII Legislatura que tuvo la voluntad de aprobar la realizaci\u00f3n anual de este magno evento.<\/p>\n<p style=\"text-align: justify;\">\u201cEsto es una muestra de que se est\u00e1 trabajando para garantizar la libertad de expresi\u00f3n y convivencia arm\u00f3nica de los distintos sectores, con respeto a la cultura y tradiciones de los pueblos\u201d, apunt\u00f3.<\/p>\n<p style=\"text-align: justify;\">Por su parte, la diputada Leticia Mosso Hern\u00e1ndez, presidenta de la Comisi\u00f3n de Derechos Humanos e impulsora de la iniciativa para la realizaci\u00f3n del Parlamento de Hablantes de Lenguas Ind\u00edgenas del Estado de Guerrero, reconoci\u00f3 el esfuerzo de las y los participantes, quienes se trasladaron desde marginadas comunidades con el ferviente deseo de participar y hacer realidad los derechos de los pueblos ind\u00edgenas.<\/p>\n<p style=\"text-align: justify;\">La tambi\u00e9n presidenta del Comit\u00e9 Organizador hizo extensivo el reconocimiento a las presidentas de la Mesa Directiva y de la Junta de Coordinaci\u00f3n Pol\u00edtica, por crear las condiciones propicias para el desarrollo exitoso de este parlamento, lo que pone de manifiesto que este es un Congreso de puertas abiertas.<\/p>\n<p style=\"text-align: justify;\">Abund\u00f3 que como resultado de un decreto aprobado por unanimidad del Pleno de la LXIII Legislatura, a partir de esta fecha y hasta el 2032 se realizar\u00e1 este ejercicio de participaci\u00f3n ciudadana, como un acto de reivindicaci\u00f3n pol\u00edtica en que representantes de los pueblos y comunidades ind\u00edgenas fijar\u00e1n su postura en torno a la problem\u00e1tica social, y particularmente para evitar la extinci\u00f3n de las lenguas maternas.<\/p>\n<p style=\"text-align: justify;\">Particip\u00f3 tambi\u00e9n la diputada Marben de la Cruz Santiago, presidenta de la Comisi\u00f3n de Asuntos Ind\u00edgenas y Afromexicanos, refiriendo que err\u00f3neamente se celebraba el 12 de octubre como el d\u00eda del descubrimiento de Am\u00e9rica, siendo que este continente no fue descubierto, sino que ya habitaban en \u00e9l culturas originarias, con sus usos y costumbres, diversos idiomas y variadas formas de organizaci\u00f3n.<\/p>\n<p style=\"text-align: justify;\">En ese sentido, extern\u00f3 que este parlamento es para reconocer la importancia de la diversidad cultural y de pensamiento que hay en M\u00e9xico, con el noble motivo de reforzar la identidad de nuestros pueblos y acabar con la discriminaci\u00f3n.<\/p>\n<p style=\"text-align: justify;\">Por \u00faltimo, intervino el diputado Masedonio Mendoza Basurto, presidente de la Comisi\u00f3n de Educaci\u00f3n, Ciencia y Tecnolog\u00eda, quien exalt\u00f3 la importancia de conmemorar el D\u00eda de la Naci\u00f3n Pluricultural con acciones que ayuden a reforzar las culturas ind\u00edgenas, y m\u00e1s all\u00e1 de la resoluci\u00f3n que han emitido las Naciones Unidas para rescatar las lenguas originarias, hizo un llamado a quienes son hablantes de las mismas para luchar en defensa de la preservaci\u00f3n de sus ra\u00edces.<\/p>\n<p style=\"text-align: justify;\">Invit\u00f3 a las y los parlamentaristas, asimismo, para hacer uso de la m\u00e1xima tribuna con toda libertad, con orgullo y valent\u00eda, y demandar al Estado una nueva relaci\u00f3n con los pueblos ind\u00edgenas y afromexicanos, basada en el respeto a sus derechos humanos.<\/p>\n<p style=\"text-align: justify;\">En su momento, la secretaria de Asuntos Ind\u00edgenas y Afromexicanos del Gobierno del Estado, Reina Mej\u00eda Morales, integrante tambi\u00e9n del Comit\u00e9 Organizador del Parlamento, hizo un reconocimiento al Congreso y a los parlamentaristas por hacer realidad este importante y emblem\u00e1tico acontecimiento, el cual puede ser pre\u00e1mbulo de la implementaci\u00f3n de acciones m\u00e1s efectivas para proteger la cultura, ra\u00edces y costumbres de los pueblos originarios.<\/p>\n<p style=\"text-align: justify;\">Asisti\u00f3 tambi\u00e9n como parte del Comit\u00e9 Organizador la diputada Mar\u00eda Flores Maldonado; Ang\u00e9lica Espinoza Garc\u00eda, presidenta de la Comisi\u00f3n de la Juventud y el Deporte; la magistrada Mariana Contreras Soto en representaci\u00f3n del Poder Judicial del Estado; la presidenta de Derechos Humanos del Estado de Guerrero, Cecilia Narciso Gayt\u00e1n; la secretaria de Desarrollo y Bienestar del Gobierno del Estado, Mar\u00eda del Carmen Cabrera Lagunas; la consejera del Instituto Electoral y de Participaci\u00f3n Ciudadana, Vicenta Molina Revuelta, entre otras personalidades.<\/p>\n","protected":false},"excerpt":{"rendered":"<p>Chilpancingo, Gro., a 12 de octubre 2022.- Al dar la bienvenida a las y los participantes del Parlamento de Hablantes de Lenguas Ind\u00edgenas del Estado de Guerrero 2022, la presidenta de la Mesa Directiva, diputada Yanelly Hern\u00e1ndez Mart\u00ednez, reafirm\u00f3 el compromiso de la LXIII Legislatura por seguir generando mecanismos de participaci\u00f3n en favor de las&#8230;<\/p>\n","protected":false},"author":1,"featured_media":5228,"comment_status":"closed","ping_status":"open","sticky":false,"template":"","format":"standard","meta":{"_monsterinsights_skip_tracking":false,"_monsterinsights_sitenote_active":false,"_monsterinsights_sitenote_note":"","_monsterinsights_sitenote_category":0,"footnotes":""},"categories":[3],"tags":[],"class_list":["post-5226","post","type-post","status-publish","format-standard","has-post-thumbnail","hentry","category-boletin"],"aioseo_notices":[],"_links":{"self":[{"href":"https:\/\/congresogro.gob.mx\/63\/inicio\/wp-json\/wp\/v2\/posts\/5226","targetHints":{"allow":["GET"]}}],"collection":[{"href":"https:\/\/congresogro.gob.mx\/63\/inicio\/wp-json\/wp\/v2\/posts"}],"about":[{"href":"https:\/\/congresogro.gob.mx\/63\/inicio\/wp-json\/wp\/v2\/types\/post"}],"author":[{"embeddable":true,"href":"https:\/\/congresogro.gob.mx\/63\/inicio\/wp-json\/wp\/v2\/users\/1"}],"replies":[{"embeddable":true,"href":"https:\/\/congresogro.gob.mx\/63\/inicio\/wp-json\/wp\/v2\/comments?post=5226"}],"version-history":[{"count":1,"href":"https:\/\/congresogro.gob.mx\/63\/inicio\/wp-json\/wp\/v2\/posts\/5226\/revisions"}],"predecessor-version":[{"id":5229,"href":"https:\/\/congresogro.gob.mx\/63\/inicio\/wp-json\/wp\/v2\/posts\/5226\/revisions\/5229"}],"wp:featuredmedia":[{"embeddable":true,"href":"https:\/\/congresogro.gob.mx\/63\/inicio\/wp-json\/wp\/v2\/media\/5228"}],"wp:attachment":[{"href":"https:\/\/congresogro.gob.mx\/63\/inicio\/wp-json\/wp\/v2\/media?parent=5226"}],"wp:term":[{"taxonomy":"category","embeddable":true,"href":"https:\/\/congresogro.gob.mx\/63\/inicio\/wp-json\/wp\/v2\/categories?post=5226"},{"taxonomy":"post_tag","embeddable":true,"href":"https:\/\/congresogro.gob.mx\/63\/inicio\/wp-json\/wp\/v2\/tags?post=5226"}],"curies":[{"name":"wp","href":"https:\/\/api.w.org\/{rel}","templated":true}]}}