{"id":5210,"date":"2022-10-11T19:22:53","date_gmt":"2022-10-12T00:22:53","guid":{"rendered":"https:\/\/congresogro.gob.mx\/63\/inicio\/?p=5210"},"modified":"2022-10-11T19:22:53","modified_gmt":"2022-10-12T00:22:53","slug":"presentan-reforma-constitucional-para-revocacion-en-ejecutivo-legislativo-y-ediles","status":"publish","type":"post","link":"https:\/\/congresogro.gob.mx\/63\/inicio\/2022\/10\/11\/presentan-reforma-constitucional-para-revocacion-en-ejecutivo-legislativo-y-ediles\/","title":{"rendered":"PRESENTAN REFORMA CONSTITUCIONAL PARA  REVOCACI\u00d3N EN EJECUTIVO, LEGISLATIVO Y EDILES"},"content":{"rendered":"<p style=\"text-align: justify;\"><strong>Chilpancingo, Gro., 11 de octubre de 2022.- <\/strong>La diputada Jessica Alejo Rayo present\u00f3 dos iniciativas de reforma a la Constituci\u00f3n Pol\u00edtica del Estado y a la Ley de Participaci\u00f3n Ciudadana para establecer el derecho ciudadano de solicitar la revocaci\u00f3n de mandato a titulares del Poder Ejecutivo, diputaciones locales, presidencias municipales, sindicaturas y regidur\u00edas.<\/p>\n<p style=\"text-align: justify;\">En tribuna durante la sesi\u00f3n de este martes, la diputada record\u00f3 que la revocaci\u00f3n de mandato se encuentra desde 2019 regulada en la Constituci\u00f3n Pol\u00edtica federal, que la establece como mecanismo de participaci\u00f3n ciudadana y define el proceso para la destituci\u00f3n, en su caso, del depositario del Poder Ejecutivo federal.<\/p>\n<p style=\"text-align: justify;\">Asimismo, determina que las constituciones locales, dentro de los 18 meses siguientes a la entrada en vigor del decreto, garantizar\u00e1n el derecho a solicitar la revocaci\u00f3n de mandato de quien gobierne el estado, situaci\u00f3n que hasta la fecha no ha ocurrido en Guerrero.<\/p>\n<p style=\"text-align: justify;\">En su iniciativa para armonizar al marco jur\u00eddico local, la legisladora propone que la revocaci\u00f3n de la titularidad del Poder Ejecutivo pueda ser solicitada por la ciudadan\u00eda en un n\u00famero equivalente a al menos 10 por ciento de las personas inscritas en el padr\u00f3n electoral, siempre y cuando la solicitud corresponda a por lo menos la mitad m\u00e1s uno de los municipios, y para que sea v\u00e1lida deber\u00e1 haber una participaci\u00f3n de por lo menos 40 por ciento de la lista nominal.<\/p>\n<p style=\"text-align: justify;\">En lo relativo a la revocaci\u00f3n de mandato de una diputaci\u00f3n obtenida por el principio de mayor\u00eda relativa, la diputada plantea que podr\u00e1 ser solicitada por al menos el 10 por ciento de las personas registradas en la lista nominal del distrito electoral que representa, y para que sea v\u00e1lida deber\u00e1n haber participado por lo menos 40 por ciento dicha lista.<\/p>\n<p style=\"text-align: justify;\">Por otro lado, la revocaci\u00f3n de mandato de una diputaci\u00f3n obtenida por el principio de representaci\u00f3n proporcional podr\u00e1 ser solicitada por al menos el 0.5 por ciento de los personas registradas en la lista nominal del estado, y para que sea v\u00e1lida tiene que haber una participaci\u00f3n de por lo menos el 1 por ciento de ellas.<\/p>\n<p style=\"text-align: justify;\">Mientras que la revocaci\u00f3n de mandato de quien ocupe la titularidad de una presidencia municipal, sindicatura o regidur\u00eda, podr\u00e1 ser solicitada por al menos 10 por ciento de la ciudadan\u00eda inscrita en la lista nominal del municipio, y su validez depender\u00e1 de una participaci\u00f3n de por lo menos 40 por ciento de las personas inscritas.<\/p>\n<p style=\"text-align: justify;\">Ambas iniciativas se turnaron a las Comisiones Unidas de Estudios Constitucionales y Jur\u00eddicos y de Participaci\u00f3n Ciudadana, para su an\u00e1lisis y emisi\u00f3n del dictamen.<\/p>\n","protected":false},"excerpt":{"rendered":"<p>Chilpancingo, Gro., 11 de octubre de 2022.- La diputada Jessica Alejo Rayo present\u00f3 dos iniciativas de reforma a la Constituci\u00f3n Pol\u00edtica del Estado y a la Ley de Participaci\u00f3n Ciudadana para establecer el derecho ciudadano de solicitar la revocaci\u00f3n de mandato a titulares del Poder Ejecutivo, diputaciones locales, presidencias municipales, sindicaturas y regidur\u00edas. En tribuna&#8230;<\/p>\n","protected":false},"author":1,"featured_media":5212,"comment_status":"closed","ping_status":"open","sticky":false,"template":"","format":"standard","meta":{"_monsterinsights_skip_tracking":false,"_monsterinsights_sitenote_active":false,"_monsterinsights_sitenote_note":"","_monsterinsights_sitenote_category":0,"footnotes":""},"categories":[3,10],"tags":[],"class_list":["post-5210","post","type-post","status-publish","format-standard","has-post-thumbnail","hentry","category-boletin","category-jessica-ivette-alejo-rayo"],"aioseo_notices":[],"_links":{"self":[{"href":"https:\/\/congresogro.gob.mx\/63\/inicio\/wp-json\/wp\/v2\/posts\/5210","targetHints":{"allow":["GET"]}}],"collection":[{"href":"https:\/\/congresogro.gob.mx\/63\/inicio\/wp-json\/wp\/v2\/posts"}],"about":[{"href":"https:\/\/congresogro.gob.mx\/63\/inicio\/wp-json\/wp\/v2\/types\/post"}],"author":[{"embeddable":true,"href":"https:\/\/congresogro.gob.mx\/63\/inicio\/wp-json\/wp\/v2\/users\/1"}],"replies":[{"embeddable":true,"href":"https:\/\/congresogro.gob.mx\/63\/inicio\/wp-json\/wp\/v2\/comments?post=5210"}],"version-history":[{"count":1,"href":"https:\/\/congresogro.gob.mx\/63\/inicio\/wp-json\/wp\/v2\/posts\/5210\/revisions"}],"predecessor-version":[{"id":5213,"href":"https:\/\/congresogro.gob.mx\/63\/inicio\/wp-json\/wp\/v2\/posts\/5210\/revisions\/5213"}],"wp:featuredmedia":[{"embeddable":true,"href":"https:\/\/congresogro.gob.mx\/63\/inicio\/wp-json\/wp\/v2\/media\/5212"}],"wp:attachment":[{"href":"https:\/\/congresogro.gob.mx\/63\/inicio\/wp-json\/wp\/v2\/media?parent=5210"}],"wp:term":[{"taxonomy":"category","embeddable":true,"href":"https:\/\/congresogro.gob.mx\/63\/inicio\/wp-json\/wp\/v2\/categories?post=5210"},{"taxonomy":"post_tag","embeddable":true,"href":"https:\/\/congresogro.gob.mx\/63\/inicio\/wp-json\/wp\/v2\/tags?post=5210"}],"curies":[{"name":"wp","href":"https:\/\/api.w.org\/{rel}","templated":true}]}}