{"id":518,"date":"2021-09-22T13:59:10","date_gmt":"2021-09-22T13:59:10","guid":{"rendered":"https:\/\/congresogro.gob.mx\/63\/inicio\/?p=518"},"modified":"2021-09-23T14:01:12","modified_gmt":"2021-09-23T14:01:12","slug":"exhorta-congreso-al-ejecutivo-estatal-para-que-informe-de-afectaciones-en-edificios-publicos-carreteras-y-redes-de-agua-potable-para-prever-recursos-en-el-proximo-presupuesto","status":"publish","type":"post","link":"https:\/\/congresogro.gob.mx\/63\/inicio\/2021\/09\/22\/exhorta-congreso-al-ejecutivo-estatal-para-que-informe-de-afectaciones-en-edificios-publicos-carreteras-y-redes-de-agua-potable-para-prever-recursos-en-el-proximo-presupuesto\/","title":{"rendered":"EXHORTA CONGRESO AL EJECUTIVO ESTATAL PARA QUE INFORME DE AFECTACIONES EN EDIFICIOS P\u00daBLICOS, CARRETERAS Y REDES DE AGUA POTABLE, PARA PREVER RECURSOS EN EL PR\u00d3XIMO PRESUPUESTO"},"content":{"rendered":"<p style=\"text-align: justify;\"><strong>Chilpancingo, Gro., 22 de septiembre de 2021.-<\/strong> El Congreso del Estado exhort\u00f3 al Ejecutivo estatal para que informe el estado que guardan los bienes inmuebles, edificios de inter\u00e9s social, unidades habitacionales, escuelas, hospitales y obras de infraestructura carretera, as\u00ed como las redes de agua potable y alcantarillado tras la ocurrencia del sismo, a efecto de prever los recursos necesarios para su atenci\u00f3n en la aprobaci\u00f3n del pr\u00f3ximo presupuesto.<\/p>\n<p style=\"text-align: justify;\">Dicho exhorto fue propuesto por las y los diputados Gloria <a href=\"https:\/\/www.facebook.com\/CitlaliCalixtoJimenez\/?__cft__%5b0%5d=AZUad9z8Erf9-HJXr2dk9fl8bJW4pN9M9TKWMwoWrRJjHOnk7x1aWO3l-7vZPNKS7lpUY0UqHnH2e2odYpv008vzbnA8pl_f5Q4YC50yKPcM8R4SYDbL-iyumnGV730ACCveonw61T-hWirxKNLkSsF1&amp;__tn__=kK-R\">Citlali Calixto<\/a> Jim\u00e9nez, <a href=\"https:\/\/www.facebook.com\/LetiCastroOrtiz\/?__cft__%5b0%5d=AZUad9z8Erf9-HJXr2dk9fl8bJW4pN9M9TKWMwoWrRJjHOnk7x1aWO3l-7vZPNKS7lpUY0UqHnH2e2odYpv008vzbnA8pl_f5Q4YC50yKPcM8R4SYDbL-iyumnGV730ACCveonw61T-hWirxKNLkSsF1&amp;__tn__=kK-R\">Leticia Castro Ortiz<\/a>, <a href=\"https:\/\/www.facebook.com\/Marben.DeLaCruz.S\/?__cft__%5b0%5d=AZUad9z8Erf9-HJXr2dk9fl8bJW4pN9M9TKWMwoWrRJjHOnk7x1aWO3l-7vZPNKS7lpUY0UqHnH2e2odYpv008vzbnA8pl_f5Q4YC50yKPcM8R4SYDbL-iyumnGV730ACCveonw61T-hWirxKNLkSsF1&amp;__tn__=kK-R\">Marben de la Cruz Santiago<\/a>, <a href=\"https:\/\/www.facebook.com\/MariaFloresDtto27\/?__cft__%5b0%5d=AZUad9z8Erf9-HJXr2dk9fl8bJW4pN9M9TKWMwoWrRJjHOnk7x1aWO3l-7vZPNKS7lpUY0UqHnH2e2odYpv008vzbnA8pl_f5Q4YC50yKPcM8R4SYDbL-iyumnGV730ACCveonw61T-hWirxKNLkSsF1&amp;__tn__=kK-R\">Mar\u00eda Flores Maldonado<\/a>, <a href=\"https:\/\/www.facebook.com\/BeatrizMojicaM?__cft__%5b0%5d=AZUad9z8Erf9-HJXr2dk9fl8bJW4pN9M9TKWMwoWrRJjHOnk7x1aWO3l-7vZPNKS7lpUY0UqHnH2e2odYpv008vzbnA8pl_f5Q4YC50yKPcM8R4SYDbL-iyumnGV730ACCveonw61T-hWirxKNLkSsF1&amp;__tn__=-%5dK-R\">Beatriz Mojica<\/a> Morga, <a href=\"https:\/\/www.facebook.com\/osbaldoriosmanrique\/?__cft__%5b0%5d=AZUad9z8Erf9-HJXr2dk9fl8bJW4pN9M9TKWMwoWrRJjHOnk7x1aWO3l-7vZPNKS7lpUY0UqHnH2e2odYpv008vzbnA8pl_f5Q4YC50yKPcM8R4SYDbL-iyumnGV730ACCveonw61T-hWirxKNLkSsF1&amp;__tn__=kK-R\">Osbaldo R\u00edos<\/a> Manrique, Marco Tulio S\u00e1nchez Alarc\u00f3n y <a href=\"https:\/\/www.facebook.com\/Claudia-Sierra-105252531884061\/?__cft__%5b0%5d=AZUad9z8Erf9-HJXr2dk9fl8bJW4pN9M9TKWMwoWrRJjHOnk7x1aWO3l-7vZPNKS7lpUY0UqHnH2e2odYpv008vzbnA8pl_f5Q4YC50yKPcM8R4SYDbL-iyumnGV730ACCveonw61T-hWirxKNLkSsF1&amp;__tn__=kK-R\">Claudia Sierra<\/a> P\u00e9rez, en voz del diputado <a href=\"https:\/\/www.facebook.com\/JaGoChilpo\/?__cft__%5b0%5d=AZUad9z8Erf9-HJXr2dk9fl8bJW4pN9M9TKWMwoWrRJjHOnk7x1aWO3l-7vZPNKS7lpUY0UqHnH2e2odYpv008vzbnA8pl_f5Q4YC50yKPcM8R4SYDbL-iyumnGV730ACCveonw61T-hWirxKNLkSsF1&amp;__tn__=kK-R\">Jacinto Gonz\u00e1lez<\/a> Varona.<\/p>\n<p style=\"text-align: justify;\">Al dar lectura al acuerdo, Gonz\u00e1lez Varona refiri\u00f3 que el pasado sismo dej\u00f3 diversas afectaciones en la entidad que ponen en riesgo la integridad f\u00edsica de la poblaci\u00f3n y limitan la ejecuci\u00f3n de los servicios p\u00fablicos tan necesarios y urgentes en la poblaci\u00f3n en estos momentos de crisis.<\/p>\n<p style=\"text-align: justify;\">Record\u00f3 que el pasado 10 de septiembre se exhort\u00f3 al Ejecutivo estatal para que solicitara al Centro Nacional de Prevenci\u00f3n de Desastres adscrito a la Coordinaci\u00f3n Nacional de Protecci\u00f3n Civil de la Secretar\u00eda de Seguridad y Protecci\u00f3n Ciudadana, la Declaratoria de Desastre para los municipios afectados por el sismo.<\/p>\n<p style=\"text-align: justify;\">Indic\u00f3 que es del conocimiento p\u00fablico que, al momento, existen afectaciones generales en diez municipios; sin embargo, consideran que es preciso que el Pleno conozca de manera detallada cu\u00e1les son los municipios y el grado de afectaci\u00f3n que cada uno tiene derivado de los lamentables hechos.<\/p>\n<p style=\"text-align: justify;\">\u201cSe debe conocer el estado que guardan los bienes inmuebles y obras de infraestructura, para que contemos con la informaci\u00f3n actualizada y corroborada por las instancias competentes, informar a la ciudadan\u00eda y coadyuvar con las autoridades correspondientes en la atenci\u00f3n de los da\u00f1os, adem\u00e1s de prepararnos para una proyecci\u00f3n presupuestaria que apoye la atenci\u00f3n de dichas afectaciones\u201d, apunt\u00f3.<\/p>\n<p style=\"text-align: justify;\">De esta manera, se exhort\u00f3 al Ejecutivo estatal para que instruya a las instancias que corresponda la vigilancia y la prevenci\u00f3n de riesgos para que informen a esta Soberan\u00eda el estado que guardan los bienes inmuebles, edificios de inter\u00e9s social, unidades habitacionales, escuelas, hospitales, obras de infraestructura carretera, redes de agua potable y alcantarillado, con el objeto de prever la atenci\u00f3n de los rubros necesarios en la aprobaci\u00f3n del presupuesto estatal del pr\u00f3ximo a\u00f1o.<\/p>\n<p style=\"text-align: justify;\"><strong>\u00a0<\/strong><\/p>\n<p style=\"text-align: justify;\"><strong>Intervenciones<\/strong><\/p>\n<p style=\"text-align: justify;\">Al intervenir con el tema \u201cParidad Sustantiva en el Congreso de Guerrero\u201d, la diputada <a href=\"https:\/\/www.facebook.com\/profile.php?id=100058725831607&amp;__cft__%5b0%5d=AZULUm0eacORf3If6Lh1sGyxLInhKXqIFVdiUwomtYF_cnsR2O5Rfl2jNq6MGuPQLcsTCXccok0HmVPyevtFuoFpDLWH7sqW2qbZkzb9eBsrCvuMyHDRIVrBbEaiC-QpD4Ij23nOB2j1dkTVB1rQ9FXJ&amp;__tn__=-%5dK-R\">Ang\u00e9lica Espinoza Garc\u00eda<\/a> (Morena) dijo que el proceso electoral 2021 deja la certeza de que se est\u00e1n venciendo las desigualdades por motivos de g\u00e9nero en diversos espacios de la sociedad, y celebr\u00f3 que la nueva legislatura local sea paritaria, lo que implica un paso importante para erradicar la discriminaci\u00f3n en el \u00e1mbito pol\u00edtico.<\/p>\n<p style=\"text-align: justify;\">Asimismo, pidi\u00f3 se promocione una agenda legislativa para trabajar conjuntamente en temas de coincidencia de las mujeres, m\u00e1s all\u00e1 del discurso.<\/p>\n<p style=\"text-align: justify;\">El diputado <a href=\"https:\/\/www.facebook.com\/BernardoOrtegaJimenez\/?__cft__%5b0%5d=AZUTbzB4IWpIHbaIzZ_JkDkTV9pWrJjI9U4Yk3M5xxy-i_KMCGYGP8KsU0G4ogPZCBI5SazVxQBoXu2L3hrGmWCwJeJlRFheF25kVGQblUY-OACXpekT9uFQi2eVzygOve_E17cI6ddigaBdehH4lVMg&amp;__tn__=kK-R\">Bernardo Ortega Jim\u00e9nez<\/a> (PRD) particip\u00f3 con el tema \u201cDebate Parlamentario en la Sexag\u00e9sima Tercera Legislatura\u201d. Dijo que los tiempos actuales exigen un quehacer legislativo de altura, anteponiendo el desarrollo y bienestar de la sociedad; por ello invit\u00f3 a sus hom\u00f3logos a despojarse de actitudes egoc\u00e9ntricas y dar paso al di\u00e1logo, la construcci\u00f3n de acuerdos y consensos, unificando esfuerzos para mejorar el sistema legal y garantizar mejores condiciones de vida a los ciudadanos.<\/p>\n<p style=\"text-align: justify;\">El diputado Esteban Albarr\u00e1n Mendoza (PRI) particip\u00f3 con motivo del \u201cD\u00eda Nacional de Protecci\u00f3n Civil\u201d que se conmemora cada 19 de septiembre. Refiri\u00f3 lamentables acontecimientos como el terremoto del 19 de septiembre de 1985; los huracanes \u201cIngrid\u201d y \u201cManuel\u201d de septiembre de 2013, y el sismo del pasado 7 de septiembre con epicentro en Acapulco, am\u00e9n de inundaciones en diferentes estados que han cobrado la vida de muchos mexicanos.<\/p>\n<p style=\"text-align: justify;\">Por lo anterior, extern\u00f3 que una vez integrada la Comisi\u00f3n Legislativa de Protecci\u00f3n Civil, es necesario realizar mesas de trabajo con autoridades, sociedad civil, acad\u00e9micos y especialistas, con miras a mejorar y actualizar el marco legal de las instancias relacionadas con el ramo en todo el estado, a efecto de mejorar sus programas y acciones en beneficio de la ciudadan\u00eda.<\/p>\n<p style=\"text-align: justify;\">La diputada <a href=\"https:\/\/www.facebook.com\/Elzy-Camacho-Pineda-133285621921238\/?__cft__%5b0%5d=AZWAi8_eDFV06CMkE8ebm8260_PT8q-wxYU1U23Dtzs4eZvqkSu5qkrGA9KDw_tYUYePe6aS6gzoVjzC6AKFACIwM1ioNjNjZ5cYx-54pTnF1dBxZVMQiQO9P6xaeKXIANymM7R2AQzAZuFfblrKsgPI&amp;__tn__=kK-R\">Elzy Camacho Pineda<\/a> (PRD) particip\u00f3 con el tema \u201cLa intervenci\u00f3n en los programas sociales\u201d. Asegur\u00f3 que las y los diputados aplauden y respaldan que los recursos de programas de gobierno lleguen a la gente de manera directa y sin intermediarios, pero es necesario que haya congruencia y respeto al marco jur\u00eddico que establece la Constituci\u00f3n.<\/p>\n<p style=\"text-align: justify;\">En ese sentido, lament\u00f3 que la encomienda de servir a la gente por parte de algunos servidores p\u00fablicos tenga sesgos partidistas, como en el caso de los censos a damnificados por el sismo del 7 de septiembre, donde se promueve la figura de un personaje y las siglas de un partido pol\u00edtico.<\/p>\n","protected":false},"excerpt":{"rendered":"<p>Chilpancingo, Gro., 22 de septiembre de 2021.- El Congreso del Estado exhort\u00f3 al Ejecutivo estatal para que informe el estado que guardan los bienes inmuebles, edificios de inter\u00e9s social, unidades habitacionales, escuelas, hospitales y obras de infraestructura carretera, as\u00ed como las redes de agua potable y alcantarillado tras la ocurrencia del sismo, a efecto de&#8230;<\/p>\n","protected":false},"author":1,"featured_media":520,"comment_status":"closed","ping_status":"open","sticky":false,"template":"","format":"standard","meta":{"_monsterinsights_skip_tracking":false,"_monsterinsights_sitenote_active":false,"_monsterinsights_sitenote_note":"","_monsterinsights_sitenote_category":0,"footnotes":""},"categories":[3,24],"tags":[],"class_list":["post-518","post","type-post","status-publish","format-standard","has-post-thumbnail","hentry","category-boletin","category-jacinto-gonzalez"],"aioseo_notices":[],"_links":{"self":[{"href":"https:\/\/congresogro.gob.mx\/63\/inicio\/wp-json\/wp\/v2\/posts\/518","targetHints":{"allow":["GET"]}}],"collection":[{"href":"https:\/\/congresogro.gob.mx\/63\/inicio\/wp-json\/wp\/v2\/posts"}],"about":[{"href":"https:\/\/congresogro.gob.mx\/63\/inicio\/wp-json\/wp\/v2\/types\/post"}],"author":[{"embeddable":true,"href":"https:\/\/congresogro.gob.mx\/63\/inicio\/wp-json\/wp\/v2\/users\/1"}],"replies":[{"embeddable":true,"href":"https:\/\/congresogro.gob.mx\/63\/inicio\/wp-json\/wp\/v2\/comments?post=518"}],"version-history":[{"count":1,"href":"https:\/\/congresogro.gob.mx\/63\/inicio\/wp-json\/wp\/v2\/posts\/518\/revisions"}],"predecessor-version":[{"id":519,"href":"https:\/\/congresogro.gob.mx\/63\/inicio\/wp-json\/wp\/v2\/posts\/518\/revisions\/519"}],"wp:featuredmedia":[{"embeddable":true,"href":"https:\/\/congresogro.gob.mx\/63\/inicio\/wp-json\/wp\/v2\/media\/520"}],"wp:attachment":[{"href":"https:\/\/congresogro.gob.mx\/63\/inicio\/wp-json\/wp\/v2\/media?parent=518"}],"wp:term":[{"taxonomy":"category","embeddable":true,"href":"https:\/\/congresogro.gob.mx\/63\/inicio\/wp-json\/wp\/v2\/categories?post=518"},{"taxonomy":"post_tag","embeddable":true,"href":"https:\/\/congresogro.gob.mx\/63\/inicio\/wp-json\/wp\/v2\/tags?post=518"}],"curies":[{"name":"wp","href":"https:\/\/api.w.org\/{rel}","templated":true}]}}