{"id":515,"date":"2021-09-22T13:57:42","date_gmt":"2021-09-22T13:57:42","guid":{"rendered":"https:\/\/congresogro.gob.mx\/63\/inicio\/?p=515"},"modified":"2021-09-23T13:59:00","modified_gmt":"2021-09-23T13:59:00","slug":"congreso-exhorta-a-municipios-y-entidades-municipales-para-que-aporten-las-cuotas-de-trabajadores-al-issspeg","status":"publish","type":"post","link":"https:\/\/congresogro.gob.mx\/63\/inicio\/2021\/09\/22\/congreso-exhorta-a-municipios-y-entidades-municipales-para-que-aporten-las-cuotas-de-trabajadores-al-issspeg\/","title":{"rendered":"CONGRESO EXHORTA A MUNICIPIOS Y ENTIDADES MUNICIPALES PARA QUE APORTEN LAS CUOTAS DE TRABAJADORES AL ISSSPEG"},"content":{"rendered":"<p style=\"text-align: justify;\"><strong>Chilpancingo, Gro., 22 de septiembre de 2021.- <\/strong>El Pleno de la LXIII Legislatura al Congreso del Estado exhort\u00f3 a los municipios de Acapulco, Chilpancingo, Taxco, Leonardo Bravo, Atoyac, Ometepec, Cuajinicuilapa, Ayutla, Arcelia, Tecpan, Copala, Tecoanapa, M\u00e1rtir de Cuilapan y Huamuxtitl\u00e1n, as\u00ed como a las entidades municipales de CAPAMA y Sistema DIF Acapulco, para que paguen al Instituto de Seguridad Social de los Servidores P\u00fablicos del Estado de Guerrero y se garantice el derecho humano a la seguridad social de los trabajadores.<\/p>\n<p style=\"text-align: justify;\">Al dar lectura al exhorto a nombre del Grupo Parlamentario del PRD, la diputada Susana Paola Ju\u00e1rez G\u00f3mez se\u00f1al\u00f3 que esta acci\u00f3n de no pagar las cuotas de los trabajadores es una violaci\u00f3n al derecho humano de la seguridad social, por lo que se exhorta a dichos municipios a iniciar el procedimiento administrativo sancionador para que el \u00d3rgano Interno de Control finque las responsabilidades a que haya lugar, y que se informe al Congreso en un t\u00e9rmino de cinco d\u00edas h\u00e1biles.<\/p>\n<p style=\"text-align: justify;\">En el acuerdo se menciona que pese a la obligaci\u00f3n legal del gobierno, municipios, entidades paraestatales y otros organismos p\u00fablicos, han sido omisos en enterar las cuotas de manera oportuna al ISSSPEG, ocasionando un desfalco a sus arcas y, por ende, hay incumplimiento de las prestaciones a las que tienen derechos los trabajadores, violentando el derecho a su seguridad social.<\/p>\n<p style=\"text-align: justify;\">Adem\u00e1s, se se\u00f1ala que el ISSSPEG ha realizado diversas acciones para que los entes p\u00fablicos cumplan con la obligaci\u00f3n del pago; sin embargo, no han logrado resultados, por lo que es impostergable que hagan dichos pagos para que los trabajadores puedan ejercer sus derechos.<\/p>\n<p style=\"text-align: justify;\">Sobre el tema intervinieron las y los diputados Andr\u00e9s Guevara C\u00e1rdenas, Bernardo Ortega Jim\u00e9nez, Jacinto Gonz\u00e1lez Varona, Alicia Zamora Villalva y Beatriz Mojica Morga<\/p>\n<p style=\"text-align: justify;\"><strong>\u00a0<\/strong><\/p>\n<p style=\"text-align: justify;\"><strong>Acuerdo <\/strong><\/p>\n<p style=\"text-align: justify;\">En la misma sesi\u00f3n, las y los diputados aprobaron una propuesta de la diputada <a href=\"https:\/\/www.facebook.com\/SoyJulietaFernandez\/?__cft__%5b0%5d=AZVXaFotvuPm-8O7tPlcZE7L5aePWxQc9fp83WiYWpLG3-SoZWF5DTn32MktFGxgvK2jvt6VXk-UkMbMMocXzd2hpmnVMSTuN7H--2yL3mKxPkZVj3_Nn8QjdP_5_wAo2Q7gzYc4VB08mM98l_YU0XHL&amp;__tn__=kK-R\">Julieta Fern\u00e1ndez M\u00e1rquez<\/a> para exhortar al director general del Instituto del Fondo Nacional de la Vivienda para los Trabajadores (INFONAVIT) y al vocal ejecutivo del Fondo de la Vivienda del Instituto de Seguridad y Servicios Sociales de los Trabajadores del Estado (FOVISSSTE), a efecto de que realicen un censo de las viviendas da\u00f1adas por el pasado sismo y destinen los recursos necesarios para apoyar directamente a los derechohabientes de dichos organismos p\u00fablicos, poniendo atenci\u00f3n a aquellos que ya terminaron de cubrir sus cr\u00e9ditos hipotecarios y que tambi\u00e9n resultaron afectados.<\/p>\n<p style=\"text-align: justify;\">Habl\u00f3 en relaci\u00f3n con el tema el diputado Jacinto Gonz\u00e1lez Varona.<\/p>\n<p style=\"text-align: justify;\"><strong>\u00a0<\/strong><\/p>\n<p style=\"text-align: justify;\"><strong>Iniciativas <\/strong><\/p>\n<p style=\"text-align: justify;\">El <a href=\"https:\/\/www.facebook.com\/DipCarlosCruzLopez\/?__cft__%5b0%5d=AZWn6qWjjqg3jjOEZi8X19Iat5OSS6oEAT22Xo7Z_BCtYsAYDS7IvCYR97Gqvn_QavYQds7EWVnRapYnyYDQzkl6Z5yerQYwy-OaYOevAvH5MFIWdnEytvSHa6RajOY0KtbSSEoO9FizMEodi7QAvi-3&amp;__tn__=kK-R\">diputado Carlos Cruz L\u00f3pez<\/a> present\u00f3 una iniciativa de Ley de Declaraci\u00f3n Especial de Ausencia Para Personas Desaparecidas del Estado de Guerrero, para establecer el procedimiento y plazos para su emisi\u00f3n, salvaguardar su personalidad jur\u00eddica y derechos, as\u00ed como brindar certeza a los familiares, dependientes econ\u00f3micos o quien acredite inter\u00e9s jur\u00eddico para litigar y representar sus intereses.<\/p>\n","protected":false},"excerpt":{"rendered":"<p>Chilpancingo, Gro., 22 de septiembre de 2021.- El Pleno de la LXIII Legislatura al Congreso del Estado exhort\u00f3 a los municipios de Acapulco, Chilpancingo, Taxco, Leonardo Bravo, Atoyac, Ometepec, Cuajinicuilapa, Ayutla, Arcelia, Tecpan, Copala, Tecoanapa, M\u00e1rtir de Cuilapan y Huamuxtitl\u00e1n, as\u00ed como a las entidades municipales de CAPAMA y Sistema DIF Acapulco, para que paguen&#8230;<\/p>\n","protected":false},"author":1,"featured_media":516,"comment_status":"closed","ping_status":"open","sticky":false,"template":"","format":"standard","meta":{"_monsterinsights_skip_tracking":false,"_monsterinsights_sitenote_active":false,"_monsterinsights_sitenote_note":"","_monsterinsights_sitenote_category":0,"footnotes":""},"categories":[3,23],"tags":[],"class_list":["post-515","post","type-post","status-publish","format-standard","has-post-thumbnail","hentry","category-boletin","category-susana-paola-juarez-gomez"],"aioseo_notices":[],"_links":{"self":[{"href":"https:\/\/congresogro.gob.mx\/63\/inicio\/wp-json\/wp\/v2\/posts\/515","targetHints":{"allow":["GET"]}}],"collection":[{"href":"https:\/\/congresogro.gob.mx\/63\/inicio\/wp-json\/wp\/v2\/posts"}],"about":[{"href":"https:\/\/congresogro.gob.mx\/63\/inicio\/wp-json\/wp\/v2\/types\/post"}],"author":[{"embeddable":true,"href":"https:\/\/congresogro.gob.mx\/63\/inicio\/wp-json\/wp\/v2\/users\/1"}],"replies":[{"embeddable":true,"href":"https:\/\/congresogro.gob.mx\/63\/inicio\/wp-json\/wp\/v2\/comments?post=515"}],"version-history":[{"count":1,"href":"https:\/\/congresogro.gob.mx\/63\/inicio\/wp-json\/wp\/v2\/posts\/515\/revisions"}],"predecessor-version":[{"id":517,"href":"https:\/\/congresogro.gob.mx\/63\/inicio\/wp-json\/wp\/v2\/posts\/515\/revisions\/517"}],"wp:featuredmedia":[{"embeddable":true,"href":"https:\/\/congresogro.gob.mx\/63\/inicio\/wp-json\/wp\/v2\/media\/516"}],"wp:attachment":[{"href":"https:\/\/congresogro.gob.mx\/63\/inicio\/wp-json\/wp\/v2\/media?parent=515"}],"wp:term":[{"taxonomy":"category","embeddable":true,"href":"https:\/\/congresogro.gob.mx\/63\/inicio\/wp-json\/wp\/v2\/categories?post=515"},{"taxonomy":"post_tag","embeddable":true,"href":"https:\/\/congresogro.gob.mx\/63\/inicio\/wp-json\/wp\/v2\/tags?post=515"}],"curies":[{"name":"wp","href":"https:\/\/api.w.org\/{rel}","templated":true}]}}