{"id":508,"date":"2021-09-21T13:42:33","date_gmt":"2021-09-21T13:42:33","guid":{"rendered":"https:\/\/congresogro.gob.mx\/63\/inicio\/?p=508"},"modified":"2021-09-22T13:43:16","modified_gmt":"2021-09-22T13:43:16","slug":"diputada-elzy-camacho-buscara-adecuar-el-marco-juridico-en-beneficio-de-las-personas-con-discapacidad","status":"publish","type":"post","link":"https:\/\/congresogro.gob.mx\/63\/inicio\/2021\/09\/21\/diputada-elzy-camacho-buscara-adecuar-el-marco-juridico-en-beneficio-de-las-personas-con-discapacidad\/","title":{"rendered":"DIPUTADA ELZY CAMACHO BUSCAR\u00c1 ADECUAR EL MARCO JUR\u00cdDICO EN BENEFICIO DE LAS PERSONAS CON DISCAPACIDAD"},"content":{"rendered":"<p style=\"text-align: justify;\"><strong>Chilpancingo, Gro., 21 de septiembre de 2021.- <\/strong>La diputada Elzy Camacho Pineda asegur\u00f3 que luchar\u00e1 en la LXIII Legislatura para que lograr avances jur\u00eddicos en favor de las personas con discapacidad, que les garanticen m\u00e1s y mejores oportunidades, y para eliminar cualquier tipo de discriminaci\u00f3n.<\/p>\n<p style=\"text-align: justify;\">En entrevista, la diputada representante del Distrito XVII confi\u00f3 que su inter\u00e9s de incursionar en la pol\u00edtica tiene el prop\u00f3sito de alzar la voz en favor de los grupos vulnerables, porque en la actualidad no se encuentran representados.<\/p>\n<p style=\"text-align: justify;\">Resalt\u00f3 que, en respuesta a la oportunidad que se le est\u00e1 dando, trabajar\u00e1 arduamente para ser portavoz de las necesidades sociales, pol\u00edticas, econ\u00f3micas, educativas y laborales de las personas con discapacidad, a efecto de que se les garantice un trato igualitario.<\/p>\n<p style=\"text-align: justify;\">La diputada integrante del Grupo Parlamentario del PRD dijo que si bien es cierto el Congreso del Estado ha legislado y reformado diferentes ordenamientos jur\u00eddicos en favor de este sector, a\u00fan no son una realidad, y muestra de ello es que a\u00fan se carece de infraestructura en los edificios p\u00fablicos e instituciones educativas, como tampoco el transporte p\u00fablico es apto para estas personas.<\/p>\n<p style=\"text-align: justify;\">Por lo anterior, adelant\u00f3 que la agenda legislativa que estar\u00e1 impulsando ser\u00e1 con un alto sentido humanitario para ayudar a las y los guerrerenses con alguna discapacidad, pero tambi\u00e9n ser\u00e1 enfocada a la poblaci\u00f3n juvenil, para que cuenten con leyes que les permita ser emprendedores e incursionen en proyectos de micro, peque\u00f1as y medianas empresas, lo cual es una buena opci\u00f3n para el desarrollo econ\u00f3mico del estado, y a su vez tener j\u00f3venes que desarrollen sus habilidades y aspiraciones laborales que en muchas ocasiones se ven truncadas a causa de la falta de oportunidades en el mercado laboral.<\/p>\n<p style=\"text-align: justify;\">En relaci\u00f3n a que la LXIII Legislatura es paritaria, afirm\u00f3 que es tiempo de las mujeres y se debe demostrar que juntas pueden hacer un gran trabajo legislativo en favor de sus representados.<\/p>\n","protected":false},"excerpt":{"rendered":"<p>Chilpancingo, Gro., 21 de septiembre de 2021.- La diputada Elzy Camacho Pineda asegur\u00f3 que luchar\u00e1 en la LXIII Legislatura para que lograr avances jur\u00eddicos en favor de las personas con discapacidad, que les garanticen m\u00e1s y mejores oportunidades, y para eliminar cualquier tipo de discriminaci\u00f3n. En entrevista, la diputada representante del Distrito XVII confi\u00f3 que&#8230;<\/p>\n","protected":false},"author":1,"featured_media":505,"comment_status":"closed","ping_status":"open","sticky":false,"template":"","format":"standard","meta":{"_monsterinsights_skip_tracking":false,"_monsterinsights_sitenote_active":false,"_monsterinsights_sitenote_note":"","_monsterinsights_sitenote_category":0,"footnotes":""},"categories":[3,14],"tags":[],"class_list":["post-508","post","type-post","status-publish","format-standard","has-post-thumbnail","hentry","category-boletin","category-elzy-camacho-pineda"],"aioseo_notices":[],"_links":{"self":[{"href":"https:\/\/congresogro.gob.mx\/63\/inicio\/wp-json\/wp\/v2\/posts\/508","targetHints":{"allow":["GET"]}}],"collection":[{"href":"https:\/\/congresogro.gob.mx\/63\/inicio\/wp-json\/wp\/v2\/posts"}],"about":[{"href":"https:\/\/congresogro.gob.mx\/63\/inicio\/wp-json\/wp\/v2\/types\/post"}],"author":[{"embeddable":true,"href":"https:\/\/congresogro.gob.mx\/63\/inicio\/wp-json\/wp\/v2\/users\/1"}],"replies":[{"embeddable":true,"href":"https:\/\/congresogro.gob.mx\/63\/inicio\/wp-json\/wp\/v2\/comments?post=508"}],"version-history":[{"count":1,"href":"https:\/\/congresogro.gob.mx\/63\/inicio\/wp-json\/wp\/v2\/posts\/508\/revisions"}],"predecessor-version":[{"id":509,"href":"https:\/\/congresogro.gob.mx\/63\/inicio\/wp-json\/wp\/v2\/posts\/508\/revisions\/509"}],"wp:featuredmedia":[{"embeddable":true,"href":"https:\/\/congresogro.gob.mx\/63\/inicio\/wp-json\/wp\/v2\/media\/505"}],"wp:attachment":[{"href":"https:\/\/congresogro.gob.mx\/63\/inicio\/wp-json\/wp\/v2\/media?parent=508"}],"wp:term":[{"taxonomy":"category","embeddable":true,"href":"https:\/\/congresogro.gob.mx\/63\/inicio\/wp-json\/wp\/v2\/categories?post=508"},{"taxonomy":"post_tag","embeddable":true,"href":"https:\/\/congresogro.gob.mx\/63\/inicio\/wp-json\/wp\/v2\/tags?post=508"}],"curies":[{"name":"wp","href":"https:\/\/api.w.org\/{rel}","templated":true}]}}