{"id":5040,"date":"2022-10-05T19:48:15","date_gmt":"2022-10-06T00:48:15","guid":{"rendered":"https:\/\/congresogro.gob.mx\/63\/inicio\/?p=5040"},"modified":"2022-10-05T19:48:15","modified_gmt":"2022-10-06T00:48:15","slug":"analizan-exhorto-al-dif-para-que-presupueste-la-implementacion-de-procuradurias-regionales-de-proteccion-de-las-ninas-ninos-y-adolescentes","status":"publish","type":"post","link":"https:\/\/congresogro.gob.mx\/63\/inicio\/2022\/10\/05\/analizan-exhorto-al-dif-para-que-presupueste-la-implementacion-de-procuradurias-regionales-de-proteccion-de-las-ninas-ninos-y-adolescentes\/","title":{"rendered":"ANALIZAN EXHORTO AL DIF PARA QUE PRESUPUESTE LA IMPLEMENTACI\u00d3N DE PROCURADUR\u00cdAS REGIONALES DE PROTECCI\u00d3N DE LAS NI\u00d1AS, NI\u00d1OS Y ADOLESCENTES"},"content":{"rendered":"<p style=\"text-align: justify;\"><strong>Chilpancingo, Gro., 05 de octubre de 2022.-<\/strong>El diputado Adolfo Torales Catal\u00e1n present\u00f3 una propuesta de exhorto al director general del Sistema para el Desarrollo Integral de la Familia (DIF) en la entidad, a efecto de que incluya en el Presupuesto de Egresos del pr\u00f3ximo a\u00f1o los recursos suficientes para la instauraci\u00f3n de las Procuradur\u00edas Regionales de Protecci\u00f3n de Ni\u00f1as, Ni\u00f1os y Adolescentes.<\/p>\n<p style=\"text-align: justify;\">El legislador argument\u00f3 que en Guerrero se carece de las instituciones necesarias para garantizar una efectiva protecci\u00f3n y restituci\u00f3n de los derechos de las ni\u00f1as, ni\u00f1os y adolescentes, como lo establece la Ley para la Protecci\u00f3n de los Derechos de Ni\u00f1as, Ni\u00f1os y Adolescentes y el Reglamento Interior del DIF.<\/p>\n<p style=\"text-align: justify;\">Especific\u00f3 que dicho ordenamiento contempla dentro de la estructura del Sistema una Procuradur\u00eda de Protecci\u00f3n de car\u00e1cter estatal con sede en Chilpancingo y delegaciones en cada una de las regiones, cuya adscripci\u00f3n org\u00e1nica y naturaleza jur\u00eddica ser\u00e1n determinadas por el mismo Reglamento.<\/p>\n<p style=\"text-align: justify;\">Torales Catal\u00e1n se\u00f1ala que, a pesar de lo previsto en los preceptos legales, solo se instaur\u00f3 una Procuradur\u00eda Regional con sede en Acapulco y las Procuradur\u00edas Municipales, que brindan atenci\u00f3n en las siete regiones. Sin embargo, indic\u00f3 que esta \u00faltima figura no est\u00e1 reconocida en la ley, debido a que los ayuntamientos \u00fanicamente se consideran como autoridades de primer contacto, mismos que, al detectar casos de violaci\u00f3n a los derechos de ni\u00f1as, ni\u00f1os y adolescentes, deben dar vista y canalizarlos de forma inmediata a la Procuradur\u00eda de Protecci\u00f3n que corresponda.<\/p>\n<p style=\"text-align: justify;\">A\u00f1adi\u00f3 que las Procuradur\u00edas Regionales de Protecci\u00f3n tienen entre sus atribuciones la protecci\u00f3n integral de ni\u00f1as, ni\u00f1os y adolescentes; esto es: brindarles atenci\u00f3n m\u00e9dica, psicol\u00f3gica, medidas de rehabilitaci\u00f3n, asistencia a las personas que ejercen la patria potestad, tutela o guarda y custodia; prestar asesor\u00eda y representaci\u00f3n en suplencia a ni\u00f1as, ni\u00f1os y adolescentes involucrados en procedimientos judiciales o administrativos, as\u00ed como denunciar ante el Ministerio P\u00fablico hechos que se presuman constitutivos de delito y ordenar la aplicaci\u00f3n de medidas urgentes de protecci\u00f3n especial cuando exista riesgo inminente contra la vida, integridad o libertad de los menores.<\/p>\n<div class=\"bt-video-container\"><iframe loading=\"lazy\" title=\"PRI | Dip. Adolfo Torales Catal\u00e1n | Exhorto a Antelmo Magdaleno Sol\u00eds, director general del DIF\" width=\"1200\" height=\"675\" src=\"https:\/\/www.youtube.com\/embed\/NJ5uTUTD_Y8?feature=oembed\" frameborder=\"0\" allow=\"accelerometer; autoplay; clipboard-write; encrypted-media; gyroscope; picture-in-picture\" allowfullscreen><\/iframe><\/div>\n<p style=\"text-align: justify;\">En ese sentido, el legislador refiere que en el contexto actual las ni\u00f1as, ni\u00f1os y adolescentes est\u00e1n expuestos a sufrir constantemente situaciones de violencia ocasionadas por m\u00faltiples factores que demandan atenci\u00f3n inmediata, ante lo cual se requiere de instituciones que prevengan, atiendan, sancionen y erradiquen la violencia contra este sector.<\/p>\n<p style=\"text-align: justify;\">El legislador integrante del Grupo Parlamentario del PRI propuso exhortar al director General del Sistema para el Desarrollo Integral de la Familia, Antelmo Magdaleno Sol\u00eds, para que en su proyecto de presupuesto del pr\u00f3ximo a\u00f1o incluya los recursos o partidas presupuestales necesarios para garantizar la instauraci\u00f3n y establecimiento de las Procuradur\u00edas Regionales de Protecci\u00f3n de Ni\u00f1as, Ni\u00f1os y Adolescentes.<\/p>\n<p style=\"text-align: justify;\">El citado punto de acuerdo parlamentario se turn\u00f3 a las Comisiones Unidas de Presupuesto y Cuenta P\u00fablica y de los Derechos de las Ni\u00f1as, Ni\u00f1os y Adolescentes, para su an\u00e1lisis y emisi\u00f3n del dictamen.<\/p>\n","protected":false},"excerpt":{"rendered":"<p>Chilpancingo, Gro., 05 de octubre de 2022.-El diputado Adolfo Torales Catal\u00e1n present\u00f3 una propuesta de exhorto al director general del Sistema para el Desarrollo Integral de la Familia (DIF) en la entidad, a efecto de que incluya en el Presupuesto de Egresos del pr\u00f3ximo a\u00f1o los recursos suficientes para la instauraci\u00f3n de las Procuradur\u00edas Regionales&#8230;<\/p>\n","protected":false},"author":1,"featured_media":5042,"comment_status":"closed","ping_status":"open","sticky":false,"template":"","format":"standard","meta":{"_monsterinsights_skip_tracking":false,"_monsterinsights_sitenote_active":false,"_monsterinsights_sitenote_note":"","_monsterinsights_sitenote_category":0,"footnotes":""},"categories":[37,3],"tags":[],"class_list":["post-5040","post","type-post","status-publish","format-standard","has-post-thumbnail","hentry","category-adolfo-torales-catalan","category-boletin"],"aioseo_notices":[],"_links":{"self":[{"href":"https:\/\/congresogro.gob.mx\/63\/inicio\/wp-json\/wp\/v2\/posts\/5040","targetHints":{"allow":["GET"]}}],"collection":[{"href":"https:\/\/congresogro.gob.mx\/63\/inicio\/wp-json\/wp\/v2\/posts"}],"about":[{"href":"https:\/\/congresogro.gob.mx\/63\/inicio\/wp-json\/wp\/v2\/types\/post"}],"author":[{"embeddable":true,"href":"https:\/\/congresogro.gob.mx\/63\/inicio\/wp-json\/wp\/v2\/users\/1"}],"replies":[{"embeddable":true,"href":"https:\/\/congresogro.gob.mx\/63\/inicio\/wp-json\/wp\/v2\/comments?post=5040"}],"version-history":[{"count":1,"href":"https:\/\/congresogro.gob.mx\/63\/inicio\/wp-json\/wp\/v2\/posts\/5040\/revisions"}],"predecessor-version":[{"id":5043,"href":"https:\/\/congresogro.gob.mx\/63\/inicio\/wp-json\/wp\/v2\/posts\/5040\/revisions\/5043"}],"wp:featuredmedia":[{"embeddable":true,"href":"https:\/\/congresogro.gob.mx\/63\/inicio\/wp-json\/wp\/v2\/media\/5042"}],"wp:attachment":[{"href":"https:\/\/congresogro.gob.mx\/63\/inicio\/wp-json\/wp\/v2\/media?parent=5040"}],"wp:term":[{"taxonomy":"category","embeddable":true,"href":"https:\/\/congresogro.gob.mx\/63\/inicio\/wp-json\/wp\/v2\/categories?post=5040"},{"taxonomy":"post_tag","embeddable":true,"href":"https:\/\/congresogro.gob.mx\/63\/inicio\/wp-json\/wp\/v2\/tags?post=5040"}],"curies":[{"name":"wp","href":"https:\/\/api.w.org\/{rel}","templated":true}]}}