{"id":4977,"date":"2022-10-04T20:50:15","date_gmt":"2022-10-05T01:50:15","guid":{"rendered":"https:\/\/congresogro.gob.mx\/63\/inicio\/?p=4977"},"modified":"2022-10-04T20:50:15","modified_gmt":"2022-10-05T01:50:15","slug":"proponen-la-realizacion-en-guerrero-de-un-parlamento-incluyente-de-personas-con-discapacidad","status":"publish","type":"post","link":"https:\/\/congresogro.gob.mx\/63\/inicio\/2022\/10\/04\/proponen-la-realizacion-en-guerrero-de-un-parlamento-incluyente-de-personas-con-discapacidad\/","title":{"rendered":"PROPONEN LA REALIZACI\u00d3N EN GUERRERO DE UN PARLAMENTO INCLUYENTE DE PERSONAS CON DISCAPACIDAD"},"content":{"rendered":"<p style=\"text-align: justify;\"><strong>Chilpancingo, Gro., 04 de octubre 2022<\/strong>.- La diputada Jennyfer Garc\u00eda Lucena present\u00f3 un punto de acuerdo para crear el Primer Parlamento Incluyente de Personas con Discapacidad del Estado de Guerrero, a desarrollarse en el mes de diciembre de cada a\u00f1o en la sede oficial de este Poder Legislativo.<\/p>\n<p style=\"text-align: justify;\">Al dar lectura a su propuesta, la diputada integrante del Grupo Parlamentario del PRD inform\u00f3 que de acuerdo con el censo 2020 del Instituto Nacional de Estad\u00edstica y Geograf\u00eda, el 15 por ciento de la poblaci\u00f3n de este estado presenta alguna discapacidad, limitaci\u00f3n o problema mental.<\/p>\n<p style=\"text-align: justify;\">Agreg\u00f3 que dicho porcentaje indica una problem\u00e1tica que debe ser atendida por todas las instituciones del Estado, hecho que la motiva a proponer la creaci\u00f3n de este parlamento, con el prop\u00f3sito de ir generando condiciones y mecanismos que coadyuven a la participaci\u00f3n de este sector poblacional.<\/p>\n<p style=\"text-align: justify;\">Refiri\u00f3 que con estas acciones se dar\u00e1 cumplimiento a lo estipulado en la Constituci\u00f3n Pol\u00edtica de los Estados Unidos Mexicanos, los Tratados Internacionales y la Convenci\u00f3n de las Naciones Unidas sobre los Derechos de las Personas con Discapacidad, ordenamientos que plasman la prohibici\u00f3n de toda clase de discriminaci\u00f3n por discapacidad y cualquier otro acto que atente contra la dignidad humana y\/o anule o menoscabe los derechos y libertades de las personas.<\/p>\n<p style=\"text-align: justify;\">Garc\u00eda Lucena extern\u00f3 que el Parlamento Incluyente de Personas con Discapacidad es un modelo ideal que permitir\u00e1 a la sociedad incluir a las personas con discapacidad en los debates y temas de relevancia, haciendo que este sector tenga mayor injerencia en la creaci\u00f3n de leyes y la elaboraci\u00f3n de pol\u00edticas p\u00fablicas para su protecci\u00f3n.<\/p>\n<p style=\"text-align: justify;\">Esta propuesta fue turnada a la Junta de Coordinaci\u00f3n Pol\u00edtica para su an\u00e1lisis y dictaminaci\u00f3n correspondientes.<\/p>\n<div class=\"bt-video-container\"><iframe loading=\"lazy\" title=\"PRD| Dip. Jennyfer Garc\u00eda Lucena | Acuerdo por 1\u00b0 Parlamento Incluyente de Personas con Discapacidad\" width=\"1200\" height=\"675\" src=\"https:\/\/www.youtube.com\/embed\/t8TKAvQh8Gg?feature=oembed\" frameborder=\"0\" allow=\"accelerometer; autoplay; clipboard-write; encrypted-media; gyroscope; picture-in-picture\" allowfullscreen><\/iframe><\/div>\n<p style=\"text-align: justify;\">\n<p style=\"text-align: justify;\"><strong>Intervenciones<\/strong><\/p>\n<p style=\"text-align: justify;\">El diputado Joaqu\u00edn Badillo Escamilla habl\u00f3 en relaci\u00f3n a los m\u00f3dulos de seguridad de la Secretar\u00eda de Seguridad P\u00fablica en Acapulco, de los cuales hab\u00eda alrededor de 50 en las colonias El Coloso, Renacimiento, Zapata, Luis Donaldo Colosio, Los Lirios, Libertadores, Vacacional y la Sina\u00ed; sin embargo, lament\u00f3 que hasta mayo del a\u00f1o pasado s\u00f3lo se manten\u00edan siete en operaci\u00f3n, y todos ellos en p\u00e9simas condiciones.<\/p>\n<p style=\"text-align: justify;\">Ante el anuncio de la aplicaci\u00f3n de recursos para su rehabilitaci\u00f3n, el legislador consider\u00f3 necesario hacer un an\u00e1lisis sobre si el actual modelo de seguridad se compagina con estos m\u00f3dulos, y determinar su funcionalidad, dada la incorporaci\u00f3n del C5 con su tecnolog\u00eda de vigilancia, adem\u00e1s de la ampliaci\u00f3n de facultades jur\u00eddicas que tienen los cuerpos policiacos, y sobre todo la coordinaci\u00f3n interinstitucional de sus \u00f3rganos de direcci\u00f3n y operativos.<\/p>\n<p style=\"text-align: justify;\">A su vez, la diputada Jessica Alejo Rayo manifest\u00f3, en relaci\u00f3n con el D\u00eda Nacional del Ma\u00edz, que es necesario frenar a las grandes empresas o monopolios internacionales que promueven el uso desmedido de los agroqu\u00edmicos t\u00f3xicos, como el glifosato, as\u00ed como la siembra de semillas transg\u00e9nicas, lo que da como resultado la afectaci\u00f3n directa y de manera indiscriminada de la agrobiodiversidad y de nuestras variedades de ma\u00edz nativo, adem\u00e1s de afectar gravemente la salud de la poblaci\u00f3n.<\/p>\n<p style=\"text-align: justify;\">Se\u00f1al\u00f3 que es momento de hacer propuestas que contrarresten los da\u00f1os causados por el uso de estos productos y trabajar en el fortalecimiento del ma\u00edz nativo, rescatando la herencia cultural y soberan\u00eda alimentaria.<\/p>\n<p style=\"text-align: justify;\">Al participar en relaci\u00f3n con el tema del ma\u00edz, el diputado Alfredo S\u00e1nchez Esquivel dijo que la producci\u00f3n de este grano, junto con el arroz y el trigo, son muy importantes para la supervivencia de la humanidad. En ese sentido, refiri\u00f3 que en Guerrero hay una alta producci\u00f3n de ma\u00edz, lo que permite enviarlo a otros estados del pa\u00eds; sin embargo, ocurre una distorsi\u00f3n econ\u00f3mica en el precio de la tortilla, que en la actualidad ronda los 22 pesos por kilo.<\/p>\n<p style=\"text-align: justify;\">Por lo anterior, llam\u00f3 a las instancias competentes para que implementen los mecanismos necesarios a efecto de que los tortilleros puedan dar precios razonables, en apoyo a la econom\u00eda de las familias guerrerenses.<\/p>\n","protected":false},"excerpt":{"rendered":"<p>Chilpancingo, Gro., 04 de octubre 2022.- La diputada Jennyfer Garc\u00eda Lucena present\u00f3 un punto de acuerdo para crear el Primer Parlamento Incluyente de Personas con Discapacidad del Estado de Guerrero, a desarrollarse en el mes de diciembre de cada a\u00f1o en la sede oficial de este Poder Legislativo. Al dar lectura a su propuesta, la&#8230;<\/p>\n","protected":false},"author":1,"featured_media":4979,"comment_status":"closed","ping_status":"open","sticky":false,"template":"","format":"standard","meta":{"_monsterinsights_skip_tracking":false,"_monsterinsights_sitenote_active":false,"_monsterinsights_sitenote_note":"","_monsterinsights_sitenote_category":0,"footnotes":""},"categories":[3,35],"tags":[],"class_list":["post-4977","post","type-post","status-publish","format-standard","has-post-thumbnail","hentry","category-boletin","category-jennyfer-garcia-lucena"],"aioseo_notices":[],"_links":{"self":[{"href":"https:\/\/congresogro.gob.mx\/63\/inicio\/wp-json\/wp\/v2\/posts\/4977","targetHints":{"allow":["GET"]}}],"collection":[{"href":"https:\/\/congresogro.gob.mx\/63\/inicio\/wp-json\/wp\/v2\/posts"}],"about":[{"href":"https:\/\/congresogro.gob.mx\/63\/inicio\/wp-json\/wp\/v2\/types\/post"}],"author":[{"embeddable":true,"href":"https:\/\/congresogro.gob.mx\/63\/inicio\/wp-json\/wp\/v2\/users\/1"}],"replies":[{"embeddable":true,"href":"https:\/\/congresogro.gob.mx\/63\/inicio\/wp-json\/wp\/v2\/comments?post=4977"}],"version-history":[{"count":1,"href":"https:\/\/congresogro.gob.mx\/63\/inicio\/wp-json\/wp\/v2\/posts\/4977\/revisions"}],"predecessor-version":[{"id":4980,"href":"https:\/\/congresogro.gob.mx\/63\/inicio\/wp-json\/wp\/v2\/posts\/4977\/revisions\/4980"}],"wp:featuredmedia":[{"embeddable":true,"href":"https:\/\/congresogro.gob.mx\/63\/inicio\/wp-json\/wp\/v2\/media\/4979"}],"wp:attachment":[{"href":"https:\/\/congresogro.gob.mx\/63\/inicio\/wp-json\/wp\/v2\/media?parent=4977"}],"wp:term":[{"taxonomy":"category","embeddable":true,"href":"https:\/\/congresogro.gob.mx\/63\/inicio\/wp-json\/wp\/v2\/categories?post=4977"},{"taxonomy":"post_tag","embeddable":true,"href":"https:\/\/congresogro.gob.mx\/63\/inicio\/wp-json\/wp\/v2\/tags?post=4977"}],"curies":[{"name":"wp","href":"https:\/\/api.w.org\/{rel}","templated":true}]}}