{"id":4818,"date":"2022-09-27T10:05:30","date_gmt":"2022-09-27T15:05:30","guid":{"rendered":"https:\/\/congresogro.gob.mx\/63\/inicio\/?p=4818"},"modified":"2022-09-28T10:08:23","modified_gmt":"2022-09-28T15:08:23","slug":"plantean-definir-los-martes-y-jueves-en-la-ley-organica-del-poder-legislativo-como-dias-de-sesion-ordinaria","status":"publish","type":"post","link":"https:\/\/congresogro.gob.mx\/63\/inicio\/2022\/09\/27\/plantean-definir-los-martes-y-jueves-en-la-ley-organica-del-poder-legislativo-como-dias-de-sesion-ordinaria\/","title":{"rendered":"PLANTEAN DEFINIR LOS MARTES Y JUEVES EN LA LEY ORG\u00c1NICA DEL PODER LEGISLATIVO COMO D\u00cdAS DE SESI\u00d3N ORDINARIA"},"content":{"rendered":"<p style=\"text-align: justify;\"><strong>Chilpancingo, Gro., a 27 de septiembre 2022<\/strong>.- El diputado Bernardo Ortega Jim\u00e9nez present\u00f3 una iniciativa de reforma a la Ley Org\u00e1nica del Poder Legislativo del Estado de Guerrero para establecer que las sesiones ordinarias se lleven a cabo los d\u00edas martes y jueves, y que en caso de ser necesaria la realizaci\u00f3n de m\u00e1s sesiones, la Conferencia para la Direcci\u00f3n y Programaci\u00f3n de los Trabajos Legislativos las acuerde.<\/p>\n<p style=\"text-align: justify;\">El legislador extern\u00f3 que la propuesta antes mencionada se debe a que en muchas ocasiones lo apremiante de los asuntos por resolver provoca que el Congreso local trabaje a marchas forzadas, en busca de cumplir con su responsabilidad constitucional y legal.<\/p>\n<p style=\"text-align: justify;\">Sin embargo, Ortega Jim\u00e9nez indic\u00f3 que esta apremiante situaci\u00f3n se puede evitar mediante la b\u00fasqueda de consensos y precisando en la norma legislativa la cantidad de sesiones que deben llevarse a cabo semanalmente, as\u00ed como los d\u00edas espec\u00edficos.<\/p>\n<p style=\"text-align: justify;\">El diputado integrante del Grupo Parlamentario del PRD explic\u00f3 que en la pr\u00e1ctica legislativa esto ya ocurre; es decir, que las sesiones se han desarrollado dos veces por semana los d\u00edas martes y jueves, pero es derivado de los acuerdos que toma la Junta de Coordinaci\u00f3n Pol\u00edtica y de las determinaciones de la Conferencia, no porque est\u00e9 establecido en la ley.<\/p>\n<p style=\"text-align: justify;\">Subray\u00f3 que la propuesta tiene como objetivo dar forma a la pr\u00e1ctica legislativa y rescatar la circunstancia formal y objetiva, de conformidad con la Ley Org\u00e1nica, en el entendido de que el desarrollo de las sesiones ordinarias debe sujetarse al ordenamiento jur\u00eddico que rige a las y los diputados, y no s\u00f3lo estar sujeto a los acuerdos de los grupos parlamentarios.<\/p>\n<p style=\"text-align: justify;\">Esta iniciativa de decreto para reformar el p\u00e1rrafo primero del art\u00edculo 55 de la Ley Org\u00e1nica del Poder Legislativo del estado de Guerrero N\u00famero 231 fue turnada a la Comisi\u00f3n de Estudios Constitucionales y Jur\u00eddicos, para su debido an\u00e1lisis y dictaminaci\u00f3n.<\/p>\n","protected":false},"excerpt":{"rendered":"<p>Chilpancingo, Gro., a 27 de septiembre 2022.- El diputado Bernardo Ortega Jim\u00e9nez present\u00f3 una iniciativa de reforma a la Ley Org\u00e1nica del Poder Legislativo del Estado de Guerrero para establecer que las sesiones ordinarias se lleven a cabo los d\u00edas martes y jueves, y que en caso de ser necesaria la realizaci\u00f3n de m\u00e1s sesiones,&#8230;<\/p>\n","protected":false},"author":1,"featured_media":4820,"comment_status":"closed","ping_status":"open","sticky":false,"template":"","format":"standard","meta":{"_monsterinsights_skip_tracking":false,"_monsterinsights_sitenote_active":false,"_monsterinsights_sitenote_note":"","_monsterinsights_sitenote_category":0,"footnotes":""},"categories":[29,3],"tags":[],"class_list":["post-4818","post","type-post","status-publish","format-standard","has-post-thumbnail","hentry","category-bernardo-ortega-jimenez","category-boletin"],"aioseo_notices":[],"_links":{"self":[{"href":"https:\/\/congresogro.gob.mx\/63\/inicio\/wp-json\/wp\/v2\/posts\/4818","targetHints":{"allow":["GET"]}}],"collection":[{"href":"https:\/\/congresogro.gob.mx\/63\/inicio\/wp-json\/wp\/v2\/posts"}],"about":[{"href":"https:\/\/congresogro.gob.mx\/63\/inicio\/wp-json\/wp\/v2\/types\/post"}],"author":[{"embeddable":true,"href":"https:\/\/congresogro.gob.mx\/63\/inicio\/wp-json\/wp\/v2\/users\/1"}],"replies":[{"embeddable":true,"href":"https:\/\/congresogro.gob.mx\/63\/inicio\/wp-json\/wp\/v2\/comments?post=4818"}],"version-history":[{"count":1,"href":"https:\/\/congresogro.gob.mx\/63\/inicio\/wp-json\/wp\/v2\/posts\/4818\/revisions"}],"predecessor-version":[{"id":4821,"href":"https:\/\/congresogro.gob.mx\/63\/inicio\/wp-json\/wp\/v2\/posts\/4818\/revisions\/4821"}],"wp:featuredmedia":[{"embeddable":true,"href":"https:\/\/congresogro.gob.mx\/63\/inicio\/wp-json\/wp\/v2\/media\/4820"}],"wp:attachment":[{"href":"https:\/\/congresogro.gob.mx\/63\/inicio\/wp-json\/wp\/v2\/media?parent=4818"}],"wp:term":[{"taxonomy":"category","embeddable":true,"href":"https:\/\/congresogro.gob.mx\/63\/inicio\/wp-json\/wp\/v2\/categories?post=4818"},{"taxonomy":"post_tag","embeddable":true,"href":"https:\/\/congresogro.gob.mx\/63\/inicio\/wp-json\/wp\/v2\/tags?post=4818"}],"curies":[{"name":"wp","href":"https:\/\/api.w.org\/{rel}","templated":true}]}}