{"id":4766,"date":"2022-09-23T10:14:03","date_gmt":"2022-09-23T15:14:03","guid":{"rendered":"https:\/\/congresogro.gob.mx\/63\/inicio\/?p=4766"},"modified":"2022-09-27T10:18:02","modified_gmt":"2022-09-27T15:18:02","slug":"plantean-exhorto-al-ejecutivo-para-presupuestar-recursos-para-la-atencion-y-prevencion-del-acoso-escolar","status":"publish","type":"post","link":"https:\/\/congresogro.gob.mx\/63\/inicio\/2022\/09\/23\/plantean-exhorto-al-ejecutivo-para-presupuestar-recursos-para-la-atencion-y-prevencion-del-acoso-escolar\/","title":{"rendered":"PLANTEAN EXHORTO AL EJECUTIVO PARA PRESUPUESTAR RECURSOS PARA LA ATENCI\u00d3N Y PREVENCI\u00d3N DEL ACOSO ESCOLAR"},"content":{"rendered":"<p style=\"text-align: justify;\"><strong>Chilpancingo, Gro., a 23 de septiembre de 2022.- <\/strong>El diputado H\u00e9ctor Fernando Ag\u00fcero Garc\u00eda present\u00f3 un punto de acuerdo para exhortar a la Secretar\u00eda de Finanzas y Administraci\u00f3n del Gobierno del Estado a efecto de que en el Proyecto de Presupuesto de Egresos 2023 se prevean las partidas necesarias para la atenci\u00f3n y prevenci\u00f3n del acoso escolar en las escuelas, que garantice una convivencia libre de violencia.<\/p>\n<p style=\"text-align: justify;\">El diputado integrante del Grupo Parlamentario de Morena expuso que el acoso escolar o \u201cbullying\u201d es un hecho frecuente en los centros de ense\u00f1anza, y se produce cuando un ni\u00f1o o adolescente es agredido f\u00edsica y psicol\u00f3gicamente de manera reiterada y continuada por un alumno o grupo de alumnos.<\/p>\n<p style=\"text-align: justify;\">Refiri\u00f3 que la agresi\u00f3n, intimidaci\u00f3n, aislamiento, amenazas, insultos y burlas diferentes expresiones del acoso escolar que sufren fundamentalmente ni\u00f1as, ni\u00f1os y adolescentes de entre 6 y 17 a\u00f1os, pero que tiene un componente de violencia significativo entre los 11 y los 15.<\/p>\n<p style=\"text-align: justify;\">Subray\u00f3 que estas actitudes pueden tener tambi\u00e9n consecuencias negativas en aquellos compa\u00f1eros que lo presencian sin hacer nada para evitarlo (espectadores pasivos), desarrollando una falta de sensibilidad ante situaciones injustas y una actitud de tolerancia e incapacidad de respuesta hacia la violencia.<\/p>\n<p style=\"text-align: justify;\">El exhorto a la Secretar\u00eda de Finanzas y Administraci\u00f3n del Estado de Guerrero plantea que en el proyecto de Presupuesto de Egresos que elabore la titular del Poder Ejecutivo prevea las partidas presupuestales respectivas para la aplicaci\u00f3n de acciones de atenci\u00f3n y prevenci\u00f3n en el entorno escolar, conforme a las previsiones de gasto que realicen las autoridades.<\/p>\n<p style=\"text-align: justify;\">La propuesta fue turnada a las Comisiones Unidas de Presupuesto y Cuenta P\u00fablica y de Educaci\u00f3n, Ciencia y Tecnolog\u00eda, para su respectivo an\u00e1lisis y dictaminaci\u00f3n.<\/p>\n<p style=\"text-align: justify;\"><strong>\u00a0<\/strong><\/p>\n<p style=\"text-align: justify;\"><strong>Reforma al C\u00f3digo Civil en materia de matrimonio igualitario<\/strong><\/p>\n<p style=\"text-align: justify;\">El diputado H\u00e9ctor Fernando Ag\u00fcero present\u00f3 otra iniciativa de reforma al art\u00edculo 412 del C\u00f3digo Civil del Estado de Guerrero, para establecer que podr\u00e1 contraer matrimonio cualquier persona que haya cumplido los 18 a\u00f1os de edad, sin distinci\u00f3n de preferencias sexuales.<\/p>\n<p style=\"text-align: justify;\">La exposici\u00f3n de motivos se\u00f1ala que en la actualidad el panorama es muy distinto en relaci\u00f3n a la definici\u00f3n de matrimonio; es decir, que ya no existen diferencias entre hijos nacidos dentro y fuera del matrimonio, y este tipo de uni\u00f3n ha dejado de ser la primera opci\u00f3n para el proyecto de vida de muchas personas.<\/p>\n<p style=\"text-align: justify;\">En ese sentido, record\u00f3 que la primera regulaci\u00f3n del matrimonio igualitario en nuestro pa\u00eds tuvo origen en la reforma al C\u00f3digo Civil para el Distrito Federal, ahora Ciudad de M\u00e9xico, en el a\u00f1o 2009, y tras la acci\u00f3n de inconstitucionalidad 2\/2010, la Suprema Corte se pronunci\u00f3 en relaci\u00f3n con esta reforma, declarando su constitucionalidad.<\/p>\n<p style=\"text-align: justify;\">Abund\u00f3 que uno de los argumentos m\u00e1s relevantes en ese caso fue la obligaci\u00f3n del Estado de proteger a la familia como realidad social; es decir, protegerla en todas sus formas y manifestaciones, entre las que se encuentran las familias homoparentales conformadas por progenitores del mismo sexo, razonamiento que ha permitido desvincular la concepci\u00f3n tradicional del matrimonio, y asumir que no existe una justificaci\u00f3n razonable para proteger en mayor medida a las familias producto de un matrimonio en relaci\u00f3n con las parejas surgidas de otros tipos de uni\u00f3n.<\/p>\n<p style=\"text-align: justify;\">Esta iniciativa fue turnada a la Comisi\u00f3n de Justicia, para su an\u00e1lisis y emisi\u00f3n del dictamen.<\/p>\n","protected":false},"excerpt":{"rendered":"<p>Chilpancingo, Gro., a 23 de septiembre de 2022.- El diputado H\u00e9ctor Fernando Ag\u00fcero Garc\u00eda present\u00f3 un punto de acuerdo para exhortar a la Secretar\u00eda de Finanzas y Administraci\u00f3n del Gobierno del Estado a efecto de que en el Proyecto de Presupuesto de Egresos 2023 se prevean las partidas necesarias para la atenci\u00f3n y prevenci\u00f3n del&#8230;<\/p>\n","protected":false},"author":1,"featured_media":4768,"comment_status":"closed","ping_status":"open","sticky":false,"template":"","format":"standard","meta":{"_monsterinsights_skip_tracking":false,"_monsterinsights_sitenote_active":false,"_monsterinsights_sitenote_note":"","_monsterinsights_sitenote_category":0,"footnotes":""},"categories":[3,61],"tags":[],"class_list":["post-4766","post","type-post","status-publish","format-standard","has-post-thumbnail","hentry","category-boletin","category-hector-fernando-aguero"],"aioseo_notices":[],"_links":{"self":[{"href":"https:\/\/congresogro.gob.mx\/63\/inicio\/wp-json\/wp\/v2\/posts\/4766","targetHints":{"allow":["GET"]}}],"collection":[{"href":"https:\/\/congresogro.gob.mx\/63\/inicio\/wp-json\/wp\/v2\/posts"}],"about":[{"href":"https:\/\/congresogro.gob.mx\/63\/inicio\/wp-json\/wp\/v2\/types\/post"}],"author":[{"embeddable":true,"href":"https:\/\/congresogro.gob.mx\/63\/inicio\/wp-json\/wp\/v2\/users\/1"}],"replies":[{"embeddable":true,"href":"https:\/\/congresogro.gob.mx\/63\/inicio\/wp-json\/wp\/v2\/comments?post=4766"}],"version-history":[{"count":1,"href":"https:\/\/congresogro.gob.mx\/63\/inicio\/wp-json\/wp\/v2\/posts\/4766\/revisions"}],"predecessor-version":[{"id":4769,"href":"https:\/\/congresogro.gob.mx\/63\/inicio\/wp-json\/wp\/v2\/posts\/4766\/revisions\/4769"}],"wp:featuredmedia":[{"embeddable":true,"href":"https:\/\/congresogro.gob.mx\/63\/inicio\/wp-json\/wp\/v2\/media\/4768"}],"wp:attachment":[{"href":"https:\/\/congresogro.gob.mx\/63\/inicio\/wp-json\/wp\/v2\/media?parent=4766"}],"wp:term":[{"taxonomy":"category","embeddable":true,"href":"https:\/\/congresogro.gob.mx\/63\/inicio\/wp-json\/wp\/v2\/categories?post=4766"},{"taxonomy":"post_tag","embeddable":true,"href":"https:\/\/congresogro.gob.mx\/63\/inicio\/wp-json\/wp\/v2\/tags?post=4766"}],"curies":[{"name":"wp","href":"https:\/\/api.w.org\/{rel}","templated":true}]}}