{"id":4755,"date":"2022-09-22T09:11:11","date_gmt":"2022-09-22T14:11:11","guid":{"rendered":"https:\/\/congresogro.gob.mx\/63\/inicio\/?p=4755"},"modified":"2022-09-23T09:13:12","modified_gmt":"2022-09-23T14:13:12","slug":"designa-el-pleno-del-congreso-a-titulares-de-sus-organos-tecnicos-y-administrativos","status":"publish","type":"post","link":"https:\/\/congresogro.gob.mx\/63\/inicio\/2022\/09\/22\/designa-el-pleno-del-congreso-a-titulares-de-sus-organos-tecnicos-y-administrativos\/","title":{"rendered":"DESIGNA EL PLENO DEL CONGRESO A TITULARES  DE SUS \u00d3RGANOS T\u00c9CNICOS Y ADMINISTRATIVOS"},"content":{"rendered":"<p style=\"text-align: justify;\"><strong>Chilpancingo, Gro., a 22 de septiembre de 2022.-<\/strong> El Pleno del Congreso del Estado realiz\u00f3 este jueves los nombramientos de titulares de las secretar\u00edas de Servicios Parlamentarios, de Servicios Financieros y Administrativos, direcciones del Instituto de Estudios Parlamentarios \u201cEduardo Neri\u201d y de Comunicaci\u00f3n, as\u00ed como de la Unidad de Transparencia y Anticorrupci\u00f3n y Unidad Para la Igualdad de G\u00e9nero.<\/p>\n<p style=\"text-align: justify;\">Dichos nombramientos recayeron en Jos\u00e9 Enrique Sol\u00eds R\u00edos, Andr\u00e9s Rosendo Orozco Pintos, Eusebio P\u00e9rez Almontes, Roberto Juvencio Ram\u00edrez Bravo, Jorge Alan P\u00e9rez Jaimes y Mayra Morales Tacuba, respectivamente.<\/p>\n<p style=\"text-align: justify;\">El acuerdo propuesto por la Junta de Coordinaci\u00f3n Pol\u00edtica refiere que el Congreso del Estado cuenta en su estructura con \u00f3rganos administrativos y t\u00e9cnicos de apoyo al trabajo parlamentario, denominados Secretar\u00eda de Servicios Parlamentarios, Secretar\u00eda de Servicios Financieros y Administrativos, Direcci\u00f3n del Instituto de Estudios Parlamentarios \u201cEduardo Neri\u201d, Direcci\u00f3n de Comunicaci\u00f3n, Unidad de Transparencia y Anticorrupci\u00f3n y Unidad para la Igualdad de G\u00e9nero, todos ellos establecidos en la Ley Org\u00e1nica del Poder Legislativo.<\/p>\n<p style=\"text-align: justify;\">Jos\u00e9 Enrique Sol\u00eds R\u00edos es originario de la comunidad de Nuxco, del municipio de Tecpan de Galeana; licenciado en Derecho por la Universidad Aut\u00f3noma de Guerrero y maestro en Derecho Constitucional y Electoral por la Universidad Americana de Acapulco.<\/p>\n<p style=\"text-align: justify;\">Cuenta, adem\u00e1s, con m\u00e1s de 20 a\u00f1os de experiencia en materia parlamentaria, desempe\u00f1\u00e1ndose como coordinador de Apoyo y Estudios T\u00e9cnicos a Comisiones y Comit\u00e9s del Congreso del Estado, desde el 2008 a la fecha.<\/p>\n<p style=\"text-align: justify;\">Andr\u00e9s Rosendo Orozco Pintos es originario del municipio de Acapulco, licenciado en Administraci\u00f3n de Empresas por la Univeridad Loyola del pac\u00edfico, y cuenta con diversos talleres, cursos y diplomados.<\/p>\n<p style=\"text-align: justify;\">En el \u00e1mbito laboral se ha desempe\u00f1ado como asesor de la Presidencia de Turismo del Ayuntamiento de Acapulco, director de Desarrollo Econ\u00f3mico y Abasto Agroalimentario del mismo ayuntamiento, entre otros cargos.<\/p>\n<p style=\"text-align: justify;\">Eusebio P\u00e9rez Almontes es licenciado en Administraci\u00f3n y en Derecho por la Universidad Aut\u00f3noma de Guerrero y ha ocupado el cargo de secretario general del Ayuntamiento de Isidoro Montes de Oca, gerente de diversas instituciones bancarias, jefe del Departamento de Recursos Humanos del Congreso del Estado, y hasta la fecha se desempe\u00f1aba como contralor interno del Poder Legislativo.<\/p>\n<p style=\"text-align: justify;\">Roberto Juvencio Ram\u00edrez Bravo es originario del municipio de Ometepec, con estudios de licenciatura en Comunicaci\u00f3n por la Uagro, adem\u00e1s de que cuenta con diplomados, talleres y conferencias en materia de Comunicaci\u00f3n y se ha desmpe\u00f1ado como director del Portal de Noticias La Plaza y co-conductor del programa \u201cSecreto a Voces\u201d en Audiorama Acapulco.<\/p>\n<p style=\"text-align: justify;\">Jorge Alan P\u00e9rez Jaimes es licenciado en Administraci\u00f3n de Empresas por la Universidad Interamericana para el Desarrollo, con maestr\u00eda en Administraci\u00f3n de Negocios y diversos cursos, talleres y conferencias en materia de Transparencia y Anticorrupci\u00f3n, y en el \u00e1mbito laboral se ha desempe\u00f1ado como consultor de ventas, director de Admisiones en la Universidad Interamericana para el Desarrollo campus Tejupilco y jefe de oficina en la Secretar\u00eda de Seguridad P\u00fablica del Distrito Federal.<\/p>\n<p style=\"text-align: justify;\">Mayra Morales Tacuba es licenciada en Derecho con maestr\u00eda en Derecho Electoral por la Univeridad Aut\u00f3noma de Guerrero, cuenta con diplomados, cursos y talleres en Violencia Intrafamiliar, Relaciones de G\u00e9nero y violencia y Medios de Comunicaci\u00f3n; ha sido regidora de Participaci\u00f3n Social de la Mujer en el Ayuntamiento de Chilpancingo y fue secretaria t\u00e9cnica de la Comisi\u00f3n de Estudios Constitucionales y Jur\u00eddicos del Congreso del Estado.<\/p>\n","protected":false},"excerpt":{"rendered":"<p>Chilpancingo, Gro., a 22 de septiembre de 2022.- El Pleno del Congreso del Estado realiz\u00f3 este jueves los nombramientos de titulares de las secretar\u00edas de Servicios Parlamentarios, de Servicios Financieros y Administrativos, direcciones del Instituto de Estudios Parlamentarios \u201cEduardo Neri\u201d y de Comunicaci\u00f3n, as\u00ed como de la Unidad de Transparencia y Anticorrupci\u00f3n y Unidad Para&#8230;<\/p>\n","protected":false},"author":1,"featured_media":4758,"comment_status":"closed","ping_status":"open","sticky":false,"template":"","format":"standard","meta":{"_monsterinsights_skip_tracking":false,"_monsterinsights_sitenote_active":false,"_monsterinsights_sitenote_note":"","_monsterinsights_sitenote_category":0,"footnotes":""},"categories":[3],"tags":[],"class_list":["post-4755","post","type-post","status-publish","format-standard","has-post-thumbnail","hentry","category-boletin"],"aioseo_notices":[],"_links":{"self":[{"href":"https:\/\/congresogro.gob.mx\/63\/inicio\/wp-json\/wp\/v2\/posts\/4755","targetHints":{"allow":["GET"]}}],"collection":[{"href":"https:\/\/congresogro.gob.mx\/63\/inicio\/wp-json\/wp\/v2\/posts"}],"about":[{"href":"https:\/\/congresogro.gob.mx\/63\/inicio\/wp-json\/wp\/v2\/types\/post"}],"author":[{"embeddable":true,"href":"https:\/\/congresogro.gob.mx\/63\/inicio\/wp-json\/wp\/v2\/users\/1"}],"replies":[{"embeddable":true,"href":"https:\/\/congresogro.gob.mx\/63\/inicio\/wp-json\/wp\/v2\/comments?post=4755"}],"version-history":[{"count":1,"href":"https:\/\/congresogro.gob.mx\/63\/inicio\/wp-json\/wp\/v2\/posts\/4755\/revisions"}],"predecessor-version":[{"id":4757,"href":"https:\/\/congresogro.gob.mx\/63\/inicio\/wp-json\/wp\/v2\/posts\/4755\/revisions\/4757"}],"wp:featuredmedia":[{"embeddable":true,"href":"https:\/\/congresogro.gob.mx\/63\/inicio\/wp-json\/wp\/v2\/media\/4758"}],"wp:attachment":[{"href":"https:\/\/congresogro.gob.mx\/63\/inicio\/wp-json\/wp\/v2\/media?parent=4755"}],"wp:term":[{"taxonomy":"category","embeddable":true,"href":"https:\/\/congresogro.gob.mx\/63\/inicio\/wp-json\/wp\/v2\/categories?post=4755"},{"taxonomy":"post_tag","embeddable":true,"href":"https:\/\/congresogro.gob.mx\/63\/inicio\/wp-json\/wp\/v2\/tags?post=4755"}],"curies":[{"name":"wp","href":"https:\/\/api.w.org\/{rel}","templated":true}]}}