{"id":4687,"date":"2022-09-19T19:21:51","date_gmt":"2022-09-20T00:21:51","guid":{"rendered":"https:\/\/congresogro.gob.mx\/63\/inicio\/?p=4687"},"modified":"2022-09-20T19:24:10","modified_gmt":"2022-09-21T00:24:10","slug":"realizara-congreso-del-estado-foros-para-la-reforma-a-la-ley-de-proteccion-civil-del-estado","status":"publish","type":"post","link":"https:\/\/congresogro.gob.mx\/63\/inicio\/2022\/09\/19\/realizara-congreso-del-estado-foros-para-la-reforma-a-la-ley-de-proteccion-civil-del-estado\/","title":{"rendered":"REALIZAR\u00c1 CONGRESO DEL ESTADO FOROS PARA LA  REFORMA A LA LEY DE PROTECCI\u00d3N CIVIL DEL ESTADO"},"content":{"rendered":"<p style=\"text-align: justify;\"><strong>Chilpancingo, Gro., a 19 de septiembre de 2022.- <\/strong>La Comisi\u00f3n de Protecci\u00f3n Civil del Congreso del Estado llev\u00f3 a cabo la capacitaci\u00f3n \u00abPlan Familiar de Protecci\u00f3n Civil\u00bb, dirigida a las y los trabajadores de la instituci\u00f3n, con el objetivo de orientarles sobre las acciones que se deben tomar en caso de alg\u00fan desastre natural o provocado por el hombre, y de esta manera evitar p\u00e9rdidas humanas.<\/p>\n<p style=\"text-align: justify;\">Durante la inauguraci\u00f3n, la diputada Patricia Doroteo Calder\u00f3n, presidenta de dicho \u00f3rgano legislativo, manifest\u00f3 que desafortunadamente la protecci\u00f3n civil en el pa\u00eds es nula y que s\u00f3lo se fortalece en circunstancias tr\u00e1gicas y dolorosas, como el sismo del 19 de septiembre de 1985, donde muchas familias sufrieron los alcances de este fen\u00f3meno natural.<\/p>\n<p style=\"text-align: justify;\">Indic\u00f3 que, afortunadamente, las y los mexicanos se unen ante los embates de las desgracias de manera solidaria, apoyando las tareas de rescate; no obstante, los tres \u00f3rdenes de gobierno tienen la responsabilidad de seguir trabajando para mejorar las pol\u00edticas p\u00fablicas en materia de protecci\u00f3n civil.<\/p>\n<p style=\"text-align: justify;\">Por ello, la legisladora adelant\u00f3 que en los pr\u00f3ximos d\u00edas realizar\u00e1n foros hacia una reforma Integral de la Ley de Protecci\u00f3n Civil del Estado de Guerrero, en busca de contar con una ley acorde a los tiempos y circunstancias de la entidad, que mejore y regule las acciones en materia de gesti\u00f3n integral de riesgos.<\/p>\n<p style=\"text-align: justify;\">Aunque dijo que no se pueden controlar los fen\u00f3menos naturales, mediante la prevenci\u00f3n s\u00ed es posible evitar tragedias personales, humanas y familiares, para lo cual es importante que las y los ciudadanos est\u00e9n capacitados y sepan qu\u00e9 acciones tomar en caso de desastres.<\/p>\n<p style=\"text-align: justify;\">En su intervenci\u00f3n, la diputada Mar\u00eda Flores Maldonado, vocal de la citada comisi\u00f3n, coincidi\u00f3 en la importancia de que todas y todos los ciudadanos tengan un plan de acci\u00f3n familiar para evitar las tragedias.<\/p>\n<p style=\"text-align: justify;\">La capacitaci\u00f3n estuvo a cargo de Andr\u00e9s Guti\u00e9rrez S\u00e1nchez y V\u00edctor Manuel Flores Cruz, de la Secretar\u00eda de Protecci\u00f3n Civil del estado, y asistieron Roc\u00edo Reyes Suazo, coordinadora de Vinculaci\u00f3n de la Unidad Acad\u00e9mica Regional de Educaci\u00f3n Superior zona Centro, Campus Zumpango; Michel Sena Maciel y Javier Ignacio N\u00e1jera Ram\u00edrez, coordinador y subcoordinador de la Unidad Interna de Protecci\u00f3n Civil del Congreso del Estado, y Eusebio P\u00e9rez Almontes, contralor interno del Congreso.<\/p>\n<p style=\"text-align: justify;\">Posteriormente, en el marco del \u201cD\u00eda Nacional de la Protecci\u00f3n Civil\u201d, se realiz\u00f3 el simulacro de sismo, ejercicio que estuvo encabezado por la presidenta de la Mesa Directiva, diputada Yanelli Hern\u00e1ndez Mart\u00ednez, y de los \u00a0integrantes de la Junta de Coordinaci\u00f3n Pol\u00edtica, las y los legisladores Yoloczin Dom\u00ednguez Serna, H\u00e9ctor Apreza Patr\u00f3n, Raymundo Garc\u00eda Guti\u00e9rrez, Manuel Quin\u00f3nez Cort\u00e9s, Ana Lenis Res\u00e9ndiz Javier y Leticia Mosso Hern\u00e1ndez, presidenta, secretario y vocales, respectivamente.<\/p>\n","protected":false},"excerpt":{"rendered":"<p>Chilpancingo, Gro., a 19 de septiembre de 2022.- La Comisi\u00f3n de Protecci\u00f3n Civil del Congreso del Estado llev\u00f3 a cabo la capacitaci\u00f3n \u00abPlan Familiar de Protecci\u00f3n Civil\u00bb, dirigida a las y los trabajadores de la instituci\u00f3n, con el objetivo de orientarles sobre las acciones que se deben tomar en caso de alg\u00fan desastre natural o&#8230;<\/p>\n","protected":false},"author":1,"featured_media":4689,"comment_status":"closed","ping_status":"open","sticky":false,"template":"","format":"standard","meta":{"_monsterinsights_skip_tracking":false,"_monsterinsights_sitenote_active":false,"_monsterinsights_sitenote_note":"","_monsterinsights_sitenote_category":0,"footnotes":""},"categories":[3,43],"tags":[],"class_list":["post-4687","post","type-post","status-publish","format-standard","has-post-thumbnail","hentry","category-boletin","category-patricia-doroteo-calderon"],"aioseo_notices":[],"_links":{"self":[{"href":"https:\/\/congresogro.gob.mx\/63\/inicio\/wp-json\/wp\/v2\/posts\/4687","targetHints":{"allow":["GET"]}}],"collection":[{"href":"https:\/\/congresogro.gob.mx\/63\/inicio\/wp-json\/wp\/v2\/posts"}],"about":[{"href":"https:\/\/congresogro.gob.mx\/63\/inicio\/wp-json\/wp\/v2\/types\/post"}],"author":[{"embeddable":true,"href":"https:\/\/congresogro.gob.mx\/63\/inicio\/wp-json\/wp\/v2\/users\/1"}],"replies":[{"embeddable":true,"href":"https:\/\/congresogro.gob.mx\/63\/inicio\/wp-json\/wp\/v2\/comments?post=4687"}],"version-history":[{"count":1,"href":"https:\/\/congresogro.gob.mx\/63\/inicio\/wp-json\/wp\/v2\/posts\/4687\/revisions"}],"predecessor-version":[{"id":4690,"href":"https:\/\/congresogro.gob.mx\/63\/inicio\/wp-json\/wp\/v2\/posts\/4687\/revisions\/4690"}],"wp:featuredmedia":[{"embeddable":true,"href":"https:\/\/congresogro.gob.mx\/63\/inicio\/wp-json\/wp\/v2\/media\/4689"}],"wp:attachment":[{"href":"https:\/\/congresogro.gob.mx\/63\/inicio\/wp-json\/wp\/v2\/media?parent=4687"}],"wp:term":[{"taxonomy":"category","embeddable":true,"href":"https:\/\/congresogro.gob.mx\/63\/inicio\/wp-json\/wp\/v2\/categories?post=4687"},{"taxonomy":"post_tag","embeddable":true,"href":"https:\/\/congresogro.gob.mx\/63\/inicio\/wp-json\/wp\/v2\/tags?post=4687"}],"curies":[{"name":"wp","href":"https:\/\/api.w.org\/{rel}","templated":true}]}}