{"id":4644,"date":"2022-09-16T09:54:19","date_gmt":"2022-09-16T14:54:19","guid":{"rendered":"https:\/\/congresogro.gob.mx\/63\/inicio\/?p=4644"},"modified":"2022-09-19T09:55:19","modified_gmt":"2022-09-19T14:55:19","slug":"siguen-mesas-de-trabajo-para-la-actualizacion-de-la-ley-de-proteccion-civil-del-estado-de-guerrero","status":"publish","type":"post","link":"https:\/\/congresogro.gob.mx\/63\/inicio\/2022\/09\/16\/siguen-mesas-de-trabajo-para-la-actualizacion-de-la-ley-de-proteccion-civil-del-estado-de-guerrero\/","title":{"rendered":"SIGUEN MESAS DE TRABAJO PARA LA ACTUALIZACI\u00d3N DE LA LEY DE PROTECCI\u00d3N CIVIL DEL ESTADO DE GUERRERO"},"content":{"rendered":"<p class=\"v1MsoNormal\" style=\"text-align: justify;\">Continuando con las mesas de trabajo relativas a la creaci\u00f3n de una ley de vanguardia en materia de Protecci\u00f3n Civil, la presidenta de esta Comisi\u00f3n del Congreso del Estado, diputada Patricia Doroteo Calder\u00f3n, sostuvo un encuentro con presidentas y presidentes municipales de los municipios de Ajuchitl\u00e1n del Progreso, Arcelia, Coyuca de Catal\u00e1n, Cutzamala de Pinz\u00f3n, Pungarabato, Tlalchapa, Tlapehuala, San Miguel Totolapan y Zir\u00e1ndaro de los Ch\u00e1vez, de la regi\u00f3n Tierra Caliente, as\u00ed como con funcionarios titulares del \u00e1rea.<\/p>\n<p class=\"v1MsoNormal\" style=\"text-align: justify;\">Ah\u00ed, la diputada Patricia Doroteo refiri\u00f3 que el objetivo prioritario de estas mesas es recopilar la informaci\u00f3n completa y de mano de las autoridades municipales que son las primeras en actuar y dar respuesta cuando se presentan las contingencias.<\/p>\n<p class=\"v1MsoNormal\" style=\"text-align: justify;\">En el encuentro estuvo presente tambi\u00e9n el diputado Adolfo Torales Catal\u00e1n, junto a los alcaldes de Pungarabato, Cuauht\u00e9moc Mastachi Aguario; de Cutzamala, Rosita Jaimes L\u00f3pez, y de Coyuca de Catal\u00e1n, Eusebio Echeverr\u00eda Tavares.<\/p>\n","protected":false},"excerpt":{"rendered":"<p>Continuando con las mesas de trabajo relativas a la creaci\u00f3n de una ley de vanguardia en materia de Protecci\u00f3n Civil, la presidenta de esta Comisi\u00f3n del Congreso del Estado, diputada Patricia Doroteo Calder\u00f3n, sostuvo un encuentro con presidentas y presidentes municipales de los municipios de Ajuchitl\u00e1n del Progreso, Arcelia, Coyuca de Catal\u00e1n, Cutzamala de Pinz\u00f3n,&#8230;<\/p>\n","protected":false},"author":1,"featured_media":4646,"comment_status":"closed","ping_status":"open","sticky":false,"template":"","format":"standard","meta":{"_monsterinsights_skip_tracking":false,"_monsterinsights_sitenote_active":false,"_monsterinsights_sitenote_note":"","_monsterinsights_sitenote_category":0,"footnotes":""},"categories":[3,43],"tags":[],"class_list":["post-4644","post","type-post","status-publish","format-standard","has-post-thumbnail","hentry","category-boletin","category-patricia-doroteo-calderon"],"aioseo_notices":[],"_links":{"self":[{"href":"https:\/\/congresogro.gob.mx\/63\/inicio\/wp-json\/wp\/v2\/posts\/4644","targetHints":{"allow":["GET"]}}],"collection":[{"href":"https:\/\/congresogro.gob.mx\/63\/inicio\/wp-json\/wp\/v2\/posts"}],"about":[{"href":"https:\/\/congresogro.gob.mx\/63\/inicio\/wp-json\/wp\/v2\/types\/post"}],"author":[{"embeddable":true,"href":"https:\/\/congresogro.gob.mx\/63\/inicio\/wp-json\/wp\/v2\/users\/1"}],"replies":[{"embeddable":true,"href":"https:\/\/congresogro.gob.mx\/63\/inicio\/wp-json\/wp\/v2\/comments?post=4644"}],"version-history":[{"count":1,"href":"https:\/\/congresogro.gob.mx\/63\/inicio\/wp-json\/wp\/v2\/posts\/4644\/revisions"}],"predecessor-version":[{"id":4647,"href":"https:\/\/congresogro.gob.mx\/63\/inicio\/wp-json\/wp\/v2\/posts\/4644\/revisions\/4647"}],"wp:featuredmedia":[{"embeddable":true,"href":"https:\/\/congresogro.gob.mx\/63\/inicio\/wp-json\/wp\/v2\/media\/4646"}],"wp:attachment":[{"href":"https:\/\/congresogro.gob.mx\/63\/inicio\/wp-json\/wp\/v2\/media?parent=4644"}],"wp:term":[{"taxonomy":"category","embeddable":true,"href":"https:\/\/congresogro.gob.mx\/63\/inicio\/wp-json\/wp\/v2\/categories?post=4644"},{"taxonomy":"post_tag","embeddable":true,"href":"https:\/\/congresogro.gob.mx\/63\/inicio\/wp-json\/wp\/v2\/tags?post=4644"}],"curies":[{"name":"wp","href":"https:\/\/api.w.org\/{rel}","templated":true}]}}