{"id":4636,"date":"2022-09-14T09:50:54","date_gmt":"2022-09-14T14:50:54","guid":{"rendered":"https:\/\/congresogro.gob.mx\/63\/inicio\/?p=4636"},"modified":"2022-09-19T09:52:26","modified_gmt":"2022-09-19T14:52:26","slug":"invita-congreso-del-estado-a-conferencia-las-denominaciones-de-origen-una-agenda-pendiente-por-legislar-del-pintor-y-artesano-bernardo-ponce","status":"publish","type":"post","link":"https:\/\/congresogro.gob.mx\/63\/inicio\/2022\/09\/14\/invita-congreso-del-estado-a-conferencia-las-denominaciones-de-origen-una-agenda-pendiente-por-legislar-del-pintor-y-artesano-bernardo-ponce\/","title":{"rendered":"INVITA CONGRESO DEL ESTADO A CONFERENCIA \u201cLAS DENOMINACIONES DE ORIGEN; UNA AGENDA PENDIENTE POR LEGISLAR\u201d, DEL PINTOR Y ARTESANO BERNARDO PONCE"},"content":{"rendered":"<p style=\"text-align: justify;\"><strong>Chilpancingo, Gro., a 14 de septiembre 2022<\/strong>.- La Comisi\u00f3n de Artesan\u00edas del Congreso del Estado invita a artistas, artesanos y p\u00fablico en general a participar en la conferencia magistral \u201cLas denominaciones de origen; una agenda pendiente por legislar\u201d, que impartir\u00e1 el maestro Bernardo Rosendo Ponce, este martes 20 de septiembre en punto de las 10:00 horas en las instalaciones del Poder Legislativo,<\/p>\n<p style=\"text-align: justify;\">Al respecto, la diputada Mar\u00eda Flores Maldonado, presidenta de la citada comisi\u00f3n ordinaria, indic\u00f3 que \u00e9sta es una actividad acordada al seno de la misma y en consenso con sus compa\u00f1eros diputadas y diputados Jennyfer Garc\u00eda Lucena, secretaria; Jes\u00fas Parra Garc\u00eda, Marben de la Cruz Santiago y Masedonio Mendoza Basurto, vocales.<\/p>\n<p style=\"text-align: justify;\">Precis\u00f3 que el prop\u00f3sito es conocer la experiencia de este artista que ha logrado el reconocimiento internacional por sus investigaciones e intensa labor de rescate, preservaci\u00f3n y difusi\u00f3n del patrimonio cultural de ese municipio de la Monta\u00f1a de Guerrero<\/p>\n<p style=\"text-align: justify;\">Abund\u00f3 que la ponencia del gran maestro del arte popular servir\u00e1 para ampliar los conocimientos y visi\u00f3n de cientos de artesanos de Guerrero y los motivar\u00e1 a emprender con mayor empe\u00f1o y mejores herramientas para el \u00e9xito en la comercializaci\u00f3n de sus productos, pudiendo lograr la obtenci\u00f3n de su marca para que pueda en su momento ser exportada a diferentes puntos del pa\u00eds y del mundo.<\/p>\n<p style=\"text-align: justify;\">Adelant\u00f3 que la invitaci\u00f3n se har\u00e1 extensiva a la gobernadora Evelyn Cecia Salgado Pineda, as\u00ed como a titulares de las secretar\u00edas de Cultura, Fomento Econ\u00f3mico, de Asuntos Ind\u00edgenas del Gobierno del Estado, entre otras autoridades.<\/p>\n<p style=\"text-align: justify;\">Las y los artesanos de manera individual o en asociaci\u00f3n que deseen participar en esta conferencia magistral podr\u00e1n registrarse enviando todos sus datos al siguiente correo electr\u00f3nico: <a href=\"mailto:comisi\u00f3ndeartesanias@gmail.com\">comisi\u00f3ndeartesanias@gmail.com<\/a><\/p>\n","protected":false},"excerpt":{"rendered":"<p>Chilpancingo, Gro., a 14 de septiembre 2022.- La Comisi\u00f3n de Artesan\u00edas del Congreso del Estado invita a artistas, artesanos y p\u00fablico en general a participar en la conferencia magistral \u201cLas denominaciones de origen; una agenda pendiente por legislar\u201d, que impartir\u00e1 el maestro Bernardo Rosendo Ponce, este martes 20 de septiembre en punto de las 10:00&#8230;<\/p>\n","protected":false},"author":1,"featured_media":4638,"comment_status":"closed","ping_status":"open","sticky":false,"template":"","format":"standard","meta":{"_monsterinsights_skip_tracking":false,"_monsterinsights_sitenote_active":false,"_monsterinsights_sitenote_note":"","_monsterinsights_sitenote_category":0,"footnotes":""},"categories":[3,28],"tags":[],"class_list":["post-4636","post","type-post","status-publish","format-standard","has-post-thumbnail","hentry","category-boletin","category-maria-flores-maldonado"],"aioseo_notices":[],"_links":{"self":[{"href":"https:\/\/congresogro.gob.mx\/63\/inicio\/wp-json\/wp\/v2\/posts\/4636","targetHints":{"allow":["GET"]}}],"collection":[{"href":"https:\/\/congresogro.gob.mx\/63\/inicio\/wp-json\/wp\/v2\/posts"}],"about":[{"href":"https:\/\/congresogro.gob.mx\/63\/inicio\/wp-json\/wp\/v2\/types\/post"}],"author":[{"embeddable":true,"href":"https:\/\/congresogro.gob.mx\/63\/inicio\/wp-json\/wp\/v2\/users\/1"}],"replies":[{"embeddable":true,"href":"https:\/\/congresogro.gob.mx\/63\/inicio\/wp-json\/wp\/v2\/comments?post=4636"}],"version-history":[{"count":1,"href":"https:\/\/congresogro.gob.mx\/63\/inicio\/wp-json\/wp\/v2\/posts\/4636\/revisions"}],"predecessor-version":[{"id":4639,"href":"https:\/\/congresogro.gob.mx\/63\/inicio\/wp-json\/wp\/v2\/posts\/4636\/revisions\/4639"}],"wp:featuredmedia":[{"embeddable":true,"href":"https:\/\/congresogro.gob.mx\/63\/inicio\/wp-json\/wp\/v2\/media\/4638"}],"wp:attachment":[{"href":"https:\/\/congresogro.gob.mx\/63\/inicio\/wp-json\/wp\/v2\/media?parent=4636"}],"wp:term":[{"taxonomy":"category","embeddable":true,"href":"https:\/\/congresogro.gob.mx\/63\/inicio\/wp-json\/wp\/v2\/categories?post=4636"},{"taxonomy":"post_tag","embeddable":true,"href":"https:\/\/congresogro.gob.mx\/63\/inicio\/wp-json\/wp\/v2\/tags?post=4636"}],"curies":[{"name":"wp","href":"https:\/\/api.w.org\/{rel}","templated":true}]}}