{"id":4619,"date":"2022-09-09T09:19:21","date_gmt":"2022-09-09T14:19:21","guid":{"rendered":"https:\/\/congresogro.gob.mx\/63\/inicio\/?p=4619"},"modified":"2022-09-12T09:21:07","modified_gmt":"2022-09-12T14:21:07","slug":"todo-listo-para-la-sesion-solemne-con-motivo-del-209-aniversario-del-primer-congreso-de-anahuac","status":"publish","type":"post","link":"https:\/\/congresogro.gob.mx\/63\/inicio\/2022\/09\/09\/todo-listo-para-la-sesion-solemne-con-motivo-del-209-aniversario-del-primer-congreso-de-anahuac\/","title":{"rendered":"TODO LISTO PARA LA SESI\u00d3N SOLEMNE CON MOTIVO DEL  209 ANIVERSARIO DEL PRIMER \u201cCONGRESO DE AN\u00c1HUAC\u201d"},"content":{"rendered":"<p style=\"text-align: justify;\"><strong>Chilpancingo, Gro., a 09 de septiembre de 2022.- <\/strong>Este martes 13 de septiembre el Congreso del Estado, con la asistencia de los poderes Ejecutivo y Judicial, celebrar\u00e1 sesi\u00f3n p\u00fablica y solemne en la Catedral de la Asunci\u00f3n de Mar\u00eda de esta ciudad capital, para conmemorar el 209 Aniversario de la Instalaci\u00f3n del Primer Congreso de An\u00e1huac.<\/p>\n<p style=\"text-align: justify;\">Como cada a\u00f1o, el Congreso de Guerrero conmemora dicho episodio en que se expidi\u00f3 el Acta Solemne de Declaraci\u00f3n de la Independencia de la Am\u00e9rica Septentrional, y que marca el momento en que M\u00e9xico disuelve de manera definitiva su dependencia respecto a Espa\u00f1a.<\/p>\n<p style=\"text-align: justify;\">Fue en esta misma fecha cuando el General Jos\u00e9 Mar\u00eda Morelos y Pav\u00f3n dict\u00f3 \u201cLos Sentimientos de la Naci\u00f3n\u201d, documento que consigna los principios fundamentales que quedaron para siempre en los ordenamientos jur\u00eddicos constitucionales de M\u00e9xico, no solamente en las leyes que rigen la vida en sociedad, sino en los valores de la cultura nacional.<\/p>\n<p style=\"text-align: justify;\">Destacan principios como la independencia y la libertad, el pueblo como fuente de la soberan\u00eda, la divisi\u00f3n de poderes, el papel del Congreso para dictar leyes que deben ser superiores a cualquier hombre y que deben estar dirigidas a moderar la opulencia y la indigencia, mejorar las costumbres, alejar la ignorancia y fomentar el patriotismo.<\/p>\n<p style=\"text-align: justify;\">Para hacer un reconocimiento a este tan importante acto, el Congreso del Estado instituy\u00f3 en 1997 la Presea \u201cSentimientos de la Naci\u00f3n\u201d, con el fin de otorgarse a nacionales o extranjeros que sean dignos de portarla, tomando en consideraci\u00f3n su vinculaci\u00f3n con los principios del Primer Congreso de An\u00e1huac y de los Sentimientos de la Naci\u00f3n, como son la lucha por la paz, la democracia, la defensa de los derechos humanos y, en general, su vinculaci\u00f3n con los m\u00e1s altos valores de la humanidad.<\/p>\n<p style=\"text-align: justify;\">Este a\u00f1o, las y los diputados integrantes de la LXIII Legislatura otorgar\u00e1n dicha presea al destacado actor guerrerense Dagoberto Gama S\u00e1nchez, por su destacada labor en las artes, promoci\u00f3n y difusi\u00f3n de la cultura y la paz, con m\u00e9ritos suficientes para considerarlo un digno portador del galard\u00f3n.<\/p>\n<p style=\"text-align: justify;\">De acuerdo con el orden del d\u00eda aprobado por el Pleno del Congreso, la sesi\u00f3n solemne contar\u00e1 con la asistencia de los representantes de los poderes Ejecutivo y Judicial del estado, del presidente de los Estados Unidos Mexicanos, Andr\u00e9s Manuel L\u00f3pez Obrador, as\u00ed como del recipiendario de la Presea \u201cSentimientos de la Naci\u00f3n\u201d.<\/p>\n<p style=\"text-align: justify;\">En el acto se dar\u00e1 lectura de la Lista de Honor de los diputados constituyentes y de los \u201cSentimientos de la Naci\u00f3n\u201d, con intervenciones de la diputada Yanelly Hern\u00e1ndez Mart\u00ednez, presidenta de la Mesa Directiva, a nombre de la LXIII Legislatura. Tras la entrega de la presea, el recipiendario ofrecer\u00e1 un discurso, para finalmente escucharse el mensaje de la representaci\u00f3n del Gobierno Federal.<\/p>\n","protected":false},"excerpt":{"rendered":"<p>Chilpancingo, Gro., a 09 de septiembre de 2022.- Este martes 13 de septiembre el Congreso del Estado, con la asistencia de los poderes Ejecutivo y Judicial, celebrar\u00e1 sesi\u00f3n p\u00fablica y solemne en la Catedral de la Asunci\u00f3n de Mar\u00eda de esta ciudad capital, para conmemorar el 209 Aniversario de la Instalaci\u00f3n del Primer Congreso de&#8230;<\/p>\n","protected":false},"author":1,"featured_media":4621,"comment_status":"closed","ping_status":"open","sticky":false,"template":"","format":"standard","meta":{"_monsterinsights_skip_tracking":false,"_monsterinsights_sitenote_active":false,"_monsterinsights_sitenote_note":"","_monsterinsights_sitenote_category":0,"footnotes":""},"categories":[3],"tags":[],"class_list":["post-4619","post","type-post","status-publish","format-standard","has-post-thumbnail","hentry","category-boletin"],"aioseo_notices":[],"_links":{"self":[{"href":"https:\/\/congresogro.gob.mx\/63\/inicio\/wp-json\/wp\/v2\/posts\/4619","targetHints":{"allow":["GET"]}}],"collection":[{"href":"https:\/\/congresogro.gob.mx\/63\/inicio\/wp-json\/wp\/v2\/posts"}],"about":[{"href":"https:\/\/congresogro.gob.mx\/63\/inicio\/wp-json\/wp\/v2\/types\/post"}],"author":[{"embeddable":true,"href":"https:\/\/congresogro.gob.mx\/63\/inicio\/wp-json\/wp\/v2\/users\/1"}],"replies":[{"embeddable":true,"href":"https:\/\/congresogro.gob.mx\/63\/inicio\/wp-json\/wp\/v2\/comments?post=4619"}],"version-history":[{"count":1,"href":"https:\/\/congresogro.gob.mx\/63\/inicio\/wp-json\/wp\/v2\/posts\/4619\/revisions"}],"predecessor-version":[{"id":4622,"href":"https:\/\/congresogro.gob.mx\/63\/inicio\/wp-json\/wp\/v2\/posts\/4619\/revisions\/4622"}],"wp:featuredmedia":[{"embeddable":true,"href":"https:\/\/congresogro.gob.mx\/63\/inicio\/wp-json\/wp\/v2\/media\/4621"}],"wp:attachment":[{"href":"https:\/\/congresogro.gob.mx\/63\/inicio\/wp-json\/wp\/v2\/media?parent=4619"}],"wp:term":[{"taxonomy":"category","embeddable":true,"href":"https:\/\/congresogro.gob.mx\/63\/inicio\/wp-json\/wp\/v2\/categories?post=4619"},{"taxonomy":"post_tag","embeddable":true,"href":"https:\/\/congresogro.gob.mx\/63\/inicio\/wp-json\/wp\/v2\/tags?post=4619"}],"curies":[{"name":"wp","href":"https:\/\/api.w.org\/{rel}","templated":true}]}}