{"id":4615,"date":"2022-09-08T18:16:20","date_gmt":"2022-09-08T23:16:20","guid":{"rendered":"https:\/\/congresogro.gob.mx\/63\/inicio\/?p=4615"},"modified":"2022-09-08T18:16:20","modified_gmt":"2022-09-08T23:16:20","slug":"asume-diputada-yoloczin-dominguez-serna-la-presidencia-de-la-junta-de-coordinacion-politica-del-congreso-del-estado","status":"publish","type":"post","link":"https:\/\/congresogro.gob.mx\/63\/inicio\/2022\/09\/08\/asume-diputada-yoloczin-dominguez-serna-la-presidencia-de-la-junta-de-coordinacion-politica-del-congreso-del-estado\/","title":{"rendered":"ASUME DIPUTADA YOLOCZIN DOM\u00cdNGUEZ SERNA LA PRESIDENCIA DE LA JUNTA DE COORDINACI\u00d3N POL\u00cdTICA DEL CONGRESO DEL ESTADO"},"content":{"rendered":"<p style=\"text-align: justify;\"><strong>Chilpancingo, Gro., a 08 de septiembre de 2022.- <\/strong>La diputada Yoloczin Lizbeth Dom\u00ednguez Serna rindi\u00f3 protesta este jueves ante el Pleno del Congreso del Estado como presidenta de la Junta de Coordinaci\u00f3n Pol\u00edtica, tras haber sido designada coordinadora del Grupo Parlamentario de Morena.<\/p>\n<p style=\"text-align: justify;\">Lo anterior en la sesi\u00f3n de este jueves, luego de que la Mesa Directiva diera lectura al oficio enviado por el diputado Alfredo S\u00e1nchez Esquivel donde hizo del conocimiento al Pleno del acuerdo del Grupo Parlamentario de Morena para designar a la diputada como su nueva coordinadora. Acto seguido, se le tom\u00f3 la protesta de Ley.<\/p>\n<p style=\"text-align: justify;\">Por segunda ocasi\u00f3n en el Congreso de Guerrero, los dos principales \u00f3rganos de direcci\u00f3n, Mesa Directiva y Junta de Coordinaci\u00f3n Pol\u00edtica, son encabezadas por legisladoras.<\/p>\n<p style=\"text-align: justify;\">\n<p style=\"text-align: justify;\"><strong>Dict\u00e1menes <\/strong><\/p>\n<p style=\"text-align: justify;\">En otros asuntos, las y los legisladores aprobaron los dict\u00e1menes relativos a la vinculaci\u00f3n del Congreso en las sentencias por laudos laborales en contra del municipio de Coyuca de Catal\u00e1n realizadas por el Juez Quinto de Distrito en el estado.<\/p>\n<p style=\"text-align: justify;\">Aprobaron tambi\u00e9n un dictamen relativo a la vinculaci\u00f3n del Congreso en las sentencias por laudos laborales en contra de las Secretar\u00edas de Educaci\u00f3n y de Contralor\u00eda y Transparencia Gubernamental, ambas del Gobierno del Estado, realizadas por el Tribunal de Conciliaci\u00f3n y Arbitraje del Estado, lo mismo que un dictamen relativo a sentencias por laudos laborales en contra de los municipios de Xochistlahuaca, Taxco de Alarc\u00f3n, Juan R. Escudero, Cuajinicuilapa, Ayutla de los Libres, Cutzamala de Pinz\u00f3n, Tecoanapa y Coyuca de Catal\u00e1n, realizadas por el Tribunal de Conciliaci\u00f3n y Arbitraje del Estado.<\/p>\n<p style=\"text-align: justify;\">\n<p style=\"text-align: justify;\"><strong>Informes<\/strong><\/p>\n<p style=\"text-align: justify;\">Este d\u00eda, la diputada Jessica Alejo Rayo entreg\u00f3 su Primer Informe de Labores Legislativas a la Mesa Directiva del Congreso del Estado, en cumplimiento de lo que establece la Ley.<\/p>\n<p style=\"text-align: justify;\">La documentaci\u00f3n correspondiente la recibi\u00f3 la presidenta de la Mesa Directiva la diputada Yanelly Hern\u00e1ndez Mart\u00ednez, en presencia de los diputados Alfredo S\u00e1nchez Esquivel y Jos\u00e9 Efr\u00e9n L\u00f3pez Cortes, la presidenta de la Comisi\u00f3n de Derechos Humanos del Estado, Cecilia Narciso Gayt\u00e1n y el jefe de la Oficina de la Gobernadora, Jes\u00fas Uri\u00f3stegui Garc\u00eda.<\/p>\n","protected":false},"excerpt":{"rendered":"<p>Chilpancingo, Gro., a 08 de septiembre de 2022.- La diputada Yoloczin Lizbeth Dom\u00ednguez Serna rindi\u00f3 protesta este jueves ante el Pleno del Congreso del Estado como presidenta de la Junta de Coordinaci\u00f3n Pol\u00edtica, tras haber sido designada coordinadora del Grupo Parlamentario de Morena. Lo anterior en la sesi\u00f3n de este jueves, luego de que la&#8230;<\/p>\n","protected":false},"author":1,"featured_media":4617,"comment_status":"closed","ping_status":"open","sticky":false,"template":"","format":"standard","meta":{"_monsterinsights_skip_tracking":false,"_monsterinsights_sitenote_active":false,"_monsterinsights_sitenote_note":"","_monsterinsights_sitenote_category":0,"footnotes":""},"categories":[3,15],"tags":[],"class_list":["post-4615","post","type-post","status-publish","format-standard","has-post-thumbnail","hentry","category-boletin","category-yoloczin-dominguez-serna"],"aioseo_notices":[],"_links":{"self":[{"href":"https:\/\/congresogro.gob.mx\/63\/inicio\/wp-json\/wp\/v2\/posts\/4615","targetHints":{"allow":["GET"]}}],"collection":[{"href":"https:\/\/congresogro.gob.mx\/63\/inicio\/wp-json\/wp\/v2\/posts"}],"about":[{"href":"https:\/\/congresogro.gob.mx\/63\/inicio\/wp-json\/wp\/v2\/types\/post"}],"author":[{"embeddable":true,"href":"https:\/\/congresogro.gob.mx\/63\/inicio\/wp-json\/wp\/v2\/users\/1"}],"replies":[{"embeddable":true,"href":"https:\/\/congresogro.gob.mx\/63\/inicio\/wp-json\/wp\/v2\/comments?post=4615"}],"version-history":[{"count":1,"href":"https:\/\/congresogro.gob.mx\/63\/inicio\/wp-json\/wp\/v2\/posts\/4615\/revisions"}],"predecessor-version":[{"id":4618,"href":"https:\/\/congresogro.gob.mx\/63\/inicio\/wp-json\/wp\/v2\/posts\/4615\/revisions\/4618"}],"wp:featuredmedia":[{"embeddable":true,"href":"https:\/\/congresogro.gob.mx\/63\/inicio\/wp-json\/wp\/v2\/media\/4617"}],"wp:attachment":[{"href":"https:\/\/congresogro.gob.mx\/63\/inicio\/wp-json\/wp\/v2\/media?parent=4615"}],"wp:term":[{"taxonomy":"category","embeddable":true,"href":"https:\/\/congresogro.gob.mx\/63\/inicio\/wp-json\/wp\/v2\/categories?post=4615"},{"taxonomy":"post_tag","embeddable":true,"href":"https:\/\/congresogro.gob.mx\/63\/inicio\/wp-json\/wp\/v2\/tags?post=4615"}],"curies":[{"name":"wp","href":"https:\/\/api.w.org\/{rel}","templated":true}]}}