{"id":4595,"date":"2022-09-07T09:19:53","date_gmt":"2022-09-07T14:19:53","guid":{"rendered":"https:\/\/congresogro.gob.mx\/63\/inicio\/?p=4595"},"modified":"2022-09-08T09:21:29","modified_gmt":"2022-09-08T14:21:29","slug":"continuan-reuniones-de-la-comision-de-proteccion-civil-del-congreso-con-titulares-del-area-en-las-distintas-regiones","status":"publish","type":"post","link":"https:\/\/congresogro.gob.mx\/63\/inicio\/2022\/09\/07\/continuan-reuniones-de-la-comision-de-proteccion-civil-del-congreso-con-titulares-del-area-en-las-distintas-regiones\/","title":{"rendered":"CONTIN\u00daAN REUNIONES DE LA COMISI\u00d3N DE PROTECCI\u00d3N CIVIL DEL CONGRESO CON TITULARES DEL \u00c1REA EN LAS DISTINTAS REGIONES"},"content":{"rendered":"<p style=\"text-align: justify;\">La diputada Patricia Doroteo Calder\u00f3n, presidenta de la Comisi\u00f3n de Protecci\u00f3n Civil del Congreso del Estado, se reuni\u00f3 con presidentes municipales y titulares de Protecci\u00f3n Civil de la regi\u00f3n Costa Chica con la finalidad de conocer las carencias en sus unidades de atenci\u00f3n, y coadyuvar a resolverlas.<br \/>\nAsimismo, se les inform\u00f3 sobre nueve acciones que se propondr\u00e1n al Pleno del Congreso para atender las demandas y necesidades, adem\u00e1s de un plan de profesionalizaci\u00f3n que eficiente la labor de los socorristas de Protecci\u00f3n Civil de esta regi\u00f3n.<br \/>\nA la reuni\u00f3n asistieron los presidentes municipales de Ometepec, Efr\u00e9n Adame Montalv\u00e1n y Antonio Moctezuma Flores, de Juchit\u00e1n, junto con directores y coordinadores de PC de los municipios de Ometepec, Juchit\u00e1n, Azoy\u00fa, Igualapa, Marquelia, Cuajinicuilapa, Xochistlahuaca, Copala y San Luis Acatl\u00e1n.<\/p>\n","protected":false},"excerpt":{"rendered":"<p>La diputada Patricia Doroteo Calder\u00f3n, presidenta de la Comisi\u00f3n de Protecci\u00f3n Civil del Congreso del Estado, se reuni\u00f3 con presidentes municipales y titulares de Protecci\u00f3n Civil de la regi\u00f3n Costa Chica con la finalidad de conocer las carencias en sus unidades de atenci\u00f3n, y coadyuvar a resolverlas. Asimismo, se les inform\u00f3 sobre nueve acciones que&#8230;<\/p>\n","protected":false},"author":1,"featured_media":4597,"comment_status":"closed","ping_status":"open","sticky":false,"template":"","format":"standard","meta":{"_monsterinsights_skip_tracking":false,"_monsterinsights_sitenote_active":false,"_monsterinsights_sitenote_note":"","_monsterinsights_sitenote_category":0,"footnotes":""},"categories":[3,43],"tags":[],"class_list":["post-4595","post","type-post","status-publish","format-standard","has-post-thumbnail","hentry","category-boletin","category-patricia-doroteo-calderon"],"aioseo_notices":[],"_links":{"self":[{"href":"https:\/\/congresogro.gob.mx\/63\/inicio\/wp-json\/wp\/v2\/posts\/4595","targetHints":{"allow":["GET"]}}],"collection":[{"href":"https:\/\/congresogro.gob.mx\/63\/inicio\/wp-json\/wp\/v2\/posts"}],"about":[{"href":"https:\/\/congresogro.gob.mx\/63\/inicio\/wp-json\/wp\/v2\/types\/post"}],"author":[{"embeddable":true,"href":"https:\/\/congresogro.gob.mx\/63\/inicio\/wp-json\/wp\/v2\/users\/1"}],"replies":[{"embeddable":true,"href":"https:\/\/congresogro.gob.mx\/63\/inicio\/wp-json\/wp\/v2\/comments?post=4595"}],"version-history":[{"count":1,"href":"https:\/\/congresogro.gob.mx\/63\/inicio\/wp-json\/wp\/v2\/posts\/4595\/revisions"}],"predecessor-version":[{"id":4598,"href":"https:\/\/congresogro.gob.mx\/63\/inicio\/wp-json\/wp\/v2\/posts\/4595\/revisions\/4598"}],"wp:featuredmedia":[{"embeddable":true,"href":"https:\/\/congresogro.gob.mx\/63\/inicio\/wp-json\/wp\/v2\/media\/4597"}],"wp:attachment":[{"href":"https:\/\/congresogro.gob.mx\/63\/inicio\/wp-json\/wp\/v2\/media?parent=4595"}],"wp:term":[{"taxonomy":"category","embeddable":true,"href":"https:\/\/congresogro.gob.mx\/63\/inicio\/wp-json\/wp\/v2\/categories?post=4595"},{"taxonomy":"post_tag","embeddable":true,"href":"https:\/\/congresogro.gob.mx\/63\/inicio\/wp-json\/wp\/v2\/tags?post=4595"}],"curies":[{"name":"wp","href":"https:\/\/api.w.org\/{rel}","templated":true}]}}