{"id":4577,"date":"2022-09-06T17:42:54","date_gmt":"2022-09-06T22:42:54","guid":{"rendered":"https:\/\/congresogro.gob.mx\/63\/inicio\/?p=4577"},"modified":"2022-09-07T12:20:24","modified_gmt":"2022-09-07T17:20:24","slug":"firman-congreso-y-la-onu-el-memorandum-de-entendimiento-para-fortalecer-las-leyes-contra-la-violencia-hacia-las-mujeres-y-las-ninas","status":"publish","type":"post","link":"https:\/\/congresogro.gob.mx\/63\/inicio\/2022\/09\/06\/firman-congreso-y-la-onu-el-memorandum-de-entendimiento-para-fortalecer-las-leyes-contra-la-violencia-hacia-las-mujeres-y-las-ninas\/","title":{"rendered":"FIRMAN CONGRESO Y LA ONU EL MEMOR\u00c1NDUM PARA FORTALECER LAS LEYES CONTRA LA VIOLENCIA HACIA LAS MUJERES Y LAS NI\u00d1AS, EN EL MARCO DE LA INICIATIVA SPOTLIGHT"},"content":{"rendered":"<p style=\"text-align: justify;\"><strong>Chilpancingo, Gro., a 06 de septiembre de 2022.- <\/strong>Con la presencia de representantes de los distintos poderes en la entidad, este martes en el Congreso del Estado se realiz\u00f3 la firma del Memor\u00e1ndum de Entendimiento con la ONU Mujeres y el Programa de las Naciones Unidas para el Desarrollo en M\u00e9xico, en el marco de la iniciativa Spotlight, con el objeto de fortalecer el marco legal para la prevenci\u00f3n y erradicaci\u00f3n de la violencia contra las mujeres y las ni\u00f1as.<\/p>\n<p style=\"text-align: justify;\">Al dar la bienvenida al evento, el presidente de la Junta de Coordinaci\u00f3n Pol\u00edtica del Congreso del Estado, diputado Alfredo S\u00e1nchez Esquivel, resalt\u00f3 la importancia de ser parte de esta iniciativa que representa una gran alianza entre la Uni\u00f3n Europea, la Organizaci\u00f3n de las Naciones Unidas, el Gobierno de M\u00e9xico, sociedad civil y sector privado, misma que abraza una de las causas m\u00e1s importantes del Siglo XXI, como es la igualdad y la erradicaci\u00f3n de la violencia contra las mujeres y las ni\u00f1as.<\/p>\n<p><img loading=\"lazy\" decoding=\"async\" class=\"alignnone size-medium wp-image-4580\" src=\"https:\/\/congresogro.gob.mx\/63\/inicio\/wp-content\/uploads\/2022\/09\/MEMO-BOL-315-3-640x359.png\" alt=\"\" width=\"640\" height=\"359\" srcset=\"https:\/\/congresogro.gob.mx\/63\/inicio\/wp-content\/uploads\/2022\/09\/MEMO-BOL-315-3-640x360.png 640w, https:\/\/congresogro.gob.mx\/63\/inicio\/wp-content\/uploads\/2022\/09\/MEMO-BOL-315-3-1280x720.png 1280w, https:\/\/congresogro.gob.mx\/63\/inicio\/wp-content\/uploads\/2022\/09\/MEMO-BOL-315-3-768x431.png 768w, https:\/\/congresogro.gob.mx\/63\/inicio\/wp-content\/uploads\/2022\/09\/MEMO-BOL-315-3-1536x863.png 1536w, https:\/\/congresogro.gob.mx\/63\/inicio\/wp-content\/uploads\/2022\/09\/MEMO-BOL-315-3-320x180.png 320w, https:\/\/congresogro.gob.mx\/63\/inicio\/wp-content\/uploads\/2022\/09\/MEMO-BOL-315-3.png 1560w\" sizes=\"auto, (max-width: 640px) 100vw, 640px\" \/><\/p>\n<p style=\"text-align: justify;\">El legislador reiter\u00f3 el compromiso del Congreso local de contribuir para que el marco normativo y las pol\u00edticas p\u00fablicas sean m\u00e1s progresivos y protectores de los derechos de las mujeres y las ni\u00f1as, para que \u00e9stos se ejerzan a plenitud y logren pasar de la letra a la realidad.<\/p>\n<p style=\"text-align: justify;\">A\u00f1adi\u00f3 que \u201cen un Estado democr\u00e1tico las mujeres deben tener garantizado el acceso a la educaci\u00f3n, a la atenci\u00f3n m\u00e9dica, a un\u00a0 trabajo digno y bien remunerado, a la participaci\u00f3n plena y efectiva en cuanto a oportunidades de liderazgo en todos los niveles decisorios de la vida pol\u00edtica, econ\u00f3mica y p\u00fablica; acceso a la seguridad, respeto a la libertad y garant\u00eda de que la Ley est\u00e1 de su lado\u201d.<\/p>\n<p style=\"text-align: justify;\">La presidenta de la Comisi\u00f3n de los Derechos de las Ni\u00f1as, Ni\u00f1os y Adolescentes, diputada Beatriz Mojica Morga, afirm\u00f3 por su parte que este es un acuerdo hist\u00f3rico para Guerrero y una oportunidad crucial para atender los temas relacionados con la violencia contra ni\u00f1as y adolescentes, el embarazo infantil y juvenil; la violencia sexual en pueblos y comunidades ind\u00edgenas y afromexicanas, as\u00ed como la prevenci\u00f3n de la violencia feminicida en sus diferentes modalidades, todos ellos englobados en la agenda prioritaria.<\/p>\n<p style=\"text-align: justify;\">Dijo que este es el acto inicial formal de un ambicioso plan de trabajo entre la LXIII Legislatura y ONU Mujeres para lograr no s\u00f3lo construir la agenda legislativa en el marco de la iniciativa Spotlight, sino una agenda garantista, pro derechos humanos en favor de las ni\u00f1as y las mujeres y, en consecuencia, a favor de toda la sociedad guerrerense.<\/p>\n<p style=\"text-align: justify;\">Por \u00faltimo, aludiendo a los Sentimientos de la Naci\u00f3n proclamados por Morelos, Mojica Morga expuso que ante todo ese bagaje hist\u00f3rico del pueblo de Guerrero \u201cno podemos cerrar los ojos ante las cifras del INEGI que colocan a nuestro estado en el nada honroso primer lugar de violencia familiar y de pareja; no podemos dejar pasar problem\u00e1ticas que nos han puesto en el ojo internacional, como la venta de ni\u00f1as, ni tampoco podemos ser ajenos al dolor social que causa la desaparici\u00f3n de ni\u00f1as y mujeres y la impotencia de los feminicidios. Tenemos que actuar\u201d, apunt\u00f3.<\/p>\n<p style=\"text-align: justify;\">En su oportunidad, la presidenta de la Comisi\u00f3n Para la Igualdad de G\u00e9nero, diputada Gabriela Bernal Res\u00e9ndiz, celebr\u00f3 la iniciativa Spotlight que deriv\u00f3 en el encuentro entre legisladores y representantes de las Naciones Unidas y del Gobierno del Estado, con el objeto de entregar mejores resultados a las mujeres guerrerenses que a\u00fan sufren alg\u00fan tipo de violencia en las distintas etapas de su vida.<\/p>\n<p style=\"text-align: justify;\">Al dar un mensaje, la presidenta de la Mesa Directiva, diputada Yanelly Hern\u00e1ndez Mart\u00ednez, resalt\u00f3 la importancia de trabajar en el empoderamiento de las mujeres en todos los \u00e1mbitos sociales, hecho por el cual celebr\u00f3 la firma del Memor\u00e1ndum de Entendimiento, cuyo objetivo es fortalecer las leyes para la prevenci\u00f3n y erradicaci\u00f3n de la violencia contra las mujeres y las ni\u00f1as, quienes merecen gozar de un acceso real a sus derechos.<\/p>\n<p style=\"text-align: justify;\">En el mismo sentido, exhort\u00f3 a quienes est\u00e1n al frente de los poderes p\u00fablicos para trabajar en unidad y sin distinci\u00f3n de partidos o g\u00e9nero, cumpliendo con su responsabilidad de crear leyes y estrategias que no s\u00f3lo se queden en el papel, sino que aterricen y brinden apoyo tangible a las mujeres y las ni\u00f1as vulnerables.<\/p>\n<p style=\"text-align: justify;\">Asimismo, hizo un llamado para realizar todas las acciones necesarias, desde todos los \u00e1mbitos de poder, para lograr la anhelada igualdad sustantiva y erradicar todo tipo de violencia contra este sector.<\/p>\n<p style=\"text-align: justify;\">En representaci\u00f3n de la gobernadora Evelyn Cecia Salgado Pineda, el secretario general de Gobierno, Ludwig Marcial Reynoso N\u00fa\u00f1ez, anticip\u00f3 su confianza en que este Memor\u00e1ndum sea un mecanismo efectivo para fortalecer las acciones de prevenci\u00f3n y erradicaci\u00f3n de la violencia contra las mujeres y ni\u00f1as.<\/p>\n<p style=\"text-align: justify;\">En ese sentido, confi\u00f3 en que a partir de esto se puedan crear mejores leyes y se implementen acciones y pol\u00edticas p\u00fablicas para el verdadero fortalecimiento de los derechos de las mujeres, las ni\u00f1as y adolescentes guerrerenses.<\/p>\n<p style=\"text-align: justify;\">Tambi\u00e9n intervino el magistrado presidente del Tribunal Superior de Justicia en el estado, Raymundo Casarrubias V\u00e1zquez, quien se congratul\u00f3 por la firma de este mecanismo pensado en mejorar las leyes para la erradicaci\u00f3n de la violencia contra mujeres y ni\u00f1as de la entidad, y con el cual todos los Poderes del estado deben coadyuvar, en busca de garantizar el respeto a los derechos humanos plasmados en la Constituci\u00f3n Pol\u00edtica de los Estados Unidos Mexicanos.<\/p>\n<p style=\"text-align: justify;\">En su intervenci\u00f3n, previo a la firma del Memor\u00e1ndum, la representante del Fondo de Poblaci\u00f3n de las Naciones Unidas, Alanna Armitag, refiri\u00f3 que para generar transformaciones sostenibles e integrales se requiere de reformas al marco legal que den respuesta a los desaf\u00edos m\u00e1s apremiantes derivados de las crisis de la actualidad.<\/p>\n<p style=\"text-align: justify;\">Por lo anterior, felicit\u00f3 al Congreso de Guerrero que abri\u00f3 sus puertas al sistema de la ONU en M\u00e9xico y por su inter\u00e9s de coadyuvar en la actualizaci\u00f3n del marco jur\u00eddico local en favor de las mujeres y las ni\u00f1as, y de la misma forma, llam\u00f3 a reforzar las acciones y los presupuestos enfocados a la prevenci\u00f3n de la violencia y el logro de la igualdad, lo que permitir\u00e1 generar cambios reales, sostenibles y al alcance de futuras generaciones<\/p>\n<p style=\"text-align: justify;\">En su oportunidad, la representante de ONU Mujeres en M\u00e9xico, Bel\u00e9n Sanz Luque, manifest\u00f3 que el Congreso del Estado vive un momento hist\u00f3rico, al ser la primera legislatura conformada de manera paritaria, hecho que demuestra su compromiso de realizar acciones legislativas transformadoras.<\/p>\n<p style=\"text-align: justify;\">Conmin\u00f3 por \u00faltimo a las y los legisladores a continuar en esa senda de trabajo decidido y constante que permita avanzar m\u00e1s r\u00e1pidamente en la tarea de garantizar los derechos humanos de las mujeres, ni\u00f1as y adolescentes.<\/p>\n<p style=\"text-align: justify;\">El oficial nacional de Gobernanza Efectiva y Democracia del Programa de las Naciones Unidas para el Desarrollo en M\u00e9xico, Carlos Cort\u00e9s-Zea, celebr\u00f3 la firma del Memor\u00e1ndum que representa una alianza con el Congreso en temas de perspectiva de g\u00e9nero, derechos humanos, construcci\u00f3n de la paz, interculturalidad, de ciclo de vida y, sobre todo, la oportunidad de erradicar la violencia contra las mujeres y ni\u00f1as, en particular los feminicidios.<\/p>\n<p style=\"text-align: justify;\">Asistieron a este acto protocolario las y los diputados Leticia Mosso Hern\u00e1ndez, Jes\u00fas Parra Garc\u00eda, H\u00e9ctor Apreza Patr\u00f3n, Raymundo Garc\u00eda Guti\u00e9rrez, Manuel Qui\u00f1\u00f3nez Cort\u00e9s, Ana Lenis Res\u00e9ndiz Javier, Mar\u00eda Flores Maldonado, Ang\u00e9lica Espinoza Garc\u00eda, Joaqu\u00edn Badillo Escamilla, Nora Yanek Vel\u00e1zquez Mart\u00ednez y H\u00e9ctor Fernando Ag\u00fcero Garc\u00eda.<\/p>\n<p style=\"text-align: justify;\">Adem\u00e1s, Marco Tulio S\u00e1nchez Alarc\u00f3n, Antonio Helguera Jim\u00e9nez, Gloria Citlali Calixto Jim\u00e9nez, Leticia Castro Ortiz, Osbaldo R\u00edos Manrique, Jessica Alejo Rayo, Jos\u00e9 Efr\u00e9n L\u00f3pez\u00a0 Cort\u00e9s, Masedonio Mendoza Basurto, Carlos Cruz L\u00f3pez, Marben de la Cruz Santiago, Yoloczin Dom\u00ednguez Serna, Claudia Sierra P\u00e9rez, Julieta Fern\u00e1ndez M\u00e1rquez, Fortunato Hern\u00e1ndez Carbajal, Jennifer Garc\u00eda Lucena, Susana Paola Ju\u00e1rez G\u00f3mez, Adolfo Torales Catal\u00e1n, Rafael Navarrete Quezada, Alicia Elizabeth Zamora Villalva y Estrella de la Paz Bernal.<\/p>\n<p style=\"text-align: justify;\">Tambi\u00e9n la secretaria de la Mujer en el estado, Violeta Pino Gir\u00f3n; la secretaria ejecutiva del Sistema de Protecci\u00f3n Integral de Ni\u00f1as, Ni\u00f1os y Adolescentes (SIPINNA), X\u00f3chilt Sosa Rumbo; la presidenta de la Comisi\u00f3n de Derechos Humanos del Estado de Guerrero, Cecilia Narciso Gait\u00e1n; el delegado del Gobierno Federal en Guerrero, Iv\u00e1n Hern\u00e1ndez D\u00edaz; presidentes municipales, entre otros.<\/p>\n","protected":false},"excerpt":{"rendered":"<p>Chilpancingo, Gro., a 06 de septiembre de 2022.- Con la presencia de representantes de los distintos poderes en la entidad, este martes en el Congreso del Estado se realiz\u00f3 la firma del Memor\u00e1ndum de Entendimiento con la ONU Mujeres y el Programa de las Naciones Unidas para el Desarrollo en M\u00e9xico, en el marco de&#8230;<\/p>\n","protected":false},"author":1,"featured_media":4579,"comment_status":"closed","ping_status":"open","sticky":false,"template":"","format":"standard","meta":{"_monsterinsights_skip_tracking":false,"_monsterinsights_sitenote_active":false,"_monsterinsights_sitenote_note":"","_monsterinsights_sitenote_category":0,"footnotes":""},"categories":[3],"tags":[],"class_list":["post-4577","post","type-post","status-publish","format-standard","has-post-thumbnail","hentry","category-boletin"],"aioseo_notices":[],"_links":{"self":[{"href":"https:\/\/congresogro.gob.mx\/63\/inicio\/wp-json\/wp\/v2\/posts\/4577","targetHints":{"allow":["GET"]}}],"collection":[{"href":"https:\/\/congresogro.gob.mx\/63\/inicio\/wp-json\/wp\/v2\/posts"}],"about":[{"href":"https:\/\/congresogro.gob.mx\/63\/inicio\/wp-json\/wp\/v2\/types\/post"}],"author":[{"embeddable":true,"href":"https:\/\/congresogro.gob.mx\/63\/inicio\/wp-json\/wp\/v2\/users\/1"}],"replies":[{"embeddable":true,"href":"https:\/\/congresogro.gob.mx\/63\/inicio\/wp-json\/wp\/v2\/comments?post=4577"}],"version-history":[{"count":2,"href":"https:\/\/congresogro.gob.mx\/63\/inicio\/wp-json\/wp\/v2\/posts\/4577\/revisions"}],"predecessor-version":[{"id":4583,"href":"https:\/\/congresogro.gob.mx\/63\/inicio\/wp-json\/wp\/v2\/posts\/4577\/revisions\/4583"}],"wp:featuredmedia":[{"embeddable":true,"href":"https:\/\/congresogro.gob.mx\/63\/inicio\/wp-json\/wp\/v2\/media\/4579"}],"wp:attachment":[{"href":"https:\/\/congresogro.gob.mx\/63\/inicio\/wp-json\/wp\/v2\/media?parent=4577"}],"wp:term":[{"taxonomy":"category","embeddable":true,"href":"https:\/\/congresogro.gob.mx\/63\/inicio\/wp-json\/wp\/v2\/categories?post=4577"},{"taxonomy":"post_tag","embeddable":true,"href":"https:\/\/congresogro.gob.mx\/63\/inicio\/wp-json\/wp\/v2\/tags?post=4577"}],"curies":[{"name":"wp","href":"https:\/\/api.w.org\/{rel}","templated":true}]}}