{"id":456,"date":"2021-09-20T13:54:26","date_gmt":"2021-09-20T13:54:26","guid":{"rendered":"https:\/\/congresogro.gob.mx\/63\/inicio\/?p=456"},"modified":"2021-09-21T13:55:28","modified_gmt":"2021-09-21T13:55:28","slug":"celebra-diputada-yanelly-hernandez-los-consensos-al-seno-de-la-lxiii-legislatura-para-bien-de-guerrero","status":"publish","type":"post","link":"https:\/\/congresogro.gob.mx\/63\/inicio\/2021\/09\/20\/celebra-diputada-yanelly-hernandez-los-consensos-al-seno-de-la-lxiii-legislatura-para-bien-de-guerrero\/","title":{"rendered":"CELEBRA DIPUTADA YANELLY HERN\u00c1NDEZ LOS CONSENSOS AL SENO DE LA LXIII LEGISLATURA, PARA BIEN DE GUERRERO"},"content":{"rendered":"<p style=\"text-align: justify;\"><strong>Chilpancingo, Gro., 20 de septiembre de 2021.- <\/strong>La diputada Yanelly Hern\u00e1ndez Mart\u00ednez celebr\u00f3 que se dieran los consensos entre las fuerzas pol\u00edticas que integran la LXIII Legislatura para la integraci\u00f3n de la Junta de Coordinaci\u00f3n Pol\u00edtica (Jucopo).<\/p>\n<p style=\"text-align: justify;\">La diputada integrante del Grupo Parlamentario del PRD extern\u00f3 que la Jucopo es un \u00f3rgano legislativo esencial para la continuidad de los trabajos que estar\u00e1n realizando las y los diputados integrantes de la LXIII Legislatura, hecho que a su vez dar\u00e1 paso a la integraci\u00f3n de las comisiones y comit\u00e9s ordinarios.<\/p>\n<p style=\"text-align: justify;\">Hern\u00e1ndez Mart\u00ednez hizo votos por que dicha integraci\u00f3n de \u00f3rganos dictaminadores tambi\u00e9n se realice con base en el di\u00e1logo y consenso de las y los diputados de todos los partidos pol\u00edticos, para que tengan voz y voto y se brinde m\u00e1s garant\u00edas de ser la voz de la poblaci\u00f3n, a efecto de resolver sus m\u00faltiples demandas.<\/p>\n<p style=\"text-align: justify;\">Enfatiz\u00f3 que cada grupo parlamentario y representaci\u00f3n estar\u00e1n trabajando su propia agenda legislativa, pero reiter\u00f3 que las comisiones son una pieza fundamental para el buen desarrollo de los trabajos parlamentarios, ya que los temas tratados en las sesiones llevan un proceso al interior de est\u00e1s, y de no ser integradas lo m\u00e1s pronto posible, podr\u00eda generar rezago legislativo.<\/p>\n<p style=\"text-align: justify;\">Sin embargo, confi\u00f3 en que este mi\u00e9rcoles se tenga ya importantes avances en el tema porque el Congreso local es la voz del pueblo y en todo momento debe abonar al progreso y atenci\u00f3n de las necesidades de las y los guerrerenses, sobre todo en estos tiempos dif\u00edciles de pandemia y desastres naturales.<\/p>\n","protected":false},"excerpt":{"rendered":"<p>Chilpancingo, Gro., 20 de septiembre de 2021.- La diputada Yanelly Hern\u00e1ndez Mart\u00ednez celebr\u00f3 que se dieran los consensos entre las fuerzas pol\u00edticas que integran la LXIII Legislatura para la integraci\u00f3n de la Junta de Coordinaci\u00f3n Pol\u00edtica (Jucopo). La diputada integrante del Grupo Parlamentario del PRD extern\u00f3 que la Jucopo es un \u00f3rgano legislativo esencial para&#8230;<\/p>\n","protected":false},"author":1,"featured_media":457,"comment_status":"closed","ping_status":"open","sticky":false,"template":"","format":"standard","meta":{"_monsterinsights_skip_tracking":false,"_monsterinsights_sitenote_active":false,"_monsterinsights_sitenote_note":"","_monsterinsights_sitenote_category":0,"footnotes":""},"categories":[3,18],"tags":[],"class_list":["post-456","post","type-post","status-publish","format-standard","has-post-thumbnail","hentry","category-boletin","category-yanelly-hernandez-martinez"],"aioseo_notices":[],"_links":{"self":[{"href":"https:\/\/congresogro.gob.mx\/63\/inicio\/wp-json\/wp\/v2\/posts\/456","targetHints":{"allow":["GET"]}}],"collection":[{"href":"https:\/\/congresogro.gob.mx\/63\/inicio\/wp-json\/wp\/v2\/posts"}],"about":[{"href":"https:\/\/congresogro.gob.mx\/63\/inicio\/wp-json\/wp\/v2\/types\/post"}],"author":[{"embeddable":true,"href":"https:\/\/congresogro.gob.mx\/63\/inicio\/wp-json\/wp\/v2\/users\/1"}],"replies":[{"embeddable":true,"href":"https:\/\/congresogro.gob.mx\/63\/inicio\/wp-json\/wp\/v2\/comments?post=456"}],"version-history":[{"count":1,"href":"https:\/\/congresogro.gob.mx\/63\/inicio\/wp-json\/wp\/v2\/posts\/456\/revisions"}],"predecessor-version":[{"id":458,"href":"https:\/\/congresogro.gob.mx\/63\/inicio\/wp-json\/wp\/v2\/posts\/456\/revisions\/458"}],"wp:featuredmedia":[{"embeddable":true,"href":"https:\/\/congresogro.gob.mx\/63\/inicio\/wp-json\/wp\/v2\/media\/457"}],"wp:attachment":[{"href":"https:\/\/congresogro.gob.mx\/63\/inicio\/wp-json\/wp\/v2\/media?parent=456"}],"wp:term":[{"taxonomy":"category","embeddable":true,"href":"https:\/\/congresogro.gob.mx\/63\/inicio\/wp-json\/wp\/v2\/categories?post=456"},{"taxonomy":"post_tag","embeddable":true,"href":"https:\/\/congresogro.gob.mx\/63\/inicio\/wp-json\/wp\/v2\/tags?post=456"}],"curies":[{"name":"wp","href":"https:\/\/api.w.org\/{rel}","templated":true}]}}