{"id":4532,"date":"2022-09-01T11:26:13","date_gmt":"2022-09-01T16:26:13","guid":{"rendered":"https:\/\/congresogro.gob.mx\/63\/inicio\/?p=4532"},"modified":"2022-09-02T11:32:38","modified_gmt":"2022-09-02T16:32:38","slug":"instalan-el-primer-periodo-de-sesiones-del-segundo-ano-de-ejercicio-de-la-lxiii-legislatura","status":"publish","type":"post","link":"https:\/\/congresogro.gob.mx\/63\/inicio\/2022\/09\/01\/instalan-el-primer-periodo-de-sesiones-del-segundo-ano-de-ejercicio-de-la-lxiii-legislatura\/","title":{"rendered":"INSTALAN EL PRIMER PERIODO DE SESIONES DEL SEGUNDO A\u00d1O DE EJERCICIO DE LA LXIII LEGISLATURA"},"content":{"rendered":"<p style=\"text-align: justify;\"><strong>Chilpancingo, Gro., a 01 de septiembre de 2022.\u2013 <\/strong>Este jueves se instal\u00f3 el Primer Periodo de Sesiones Ordinarias correspondiente al Segundo A\u00f1o de Ejercicio Constitucional de la LXIII Legislatura al Congreso del Estado de Guerrero.<\/p>\n<p style=\"text-align: justify;\">Asimismo, tom\u00f3 posesi\u00f3n la nueva Mesa Directiva que coordinar\u00e1 los trabajos y que fungir\u00e1 de este 01 de septiembre al 31 de agosto del 2023, presidida por la diputada Yanelly Hern\u00e1ndez Mart\u00ednez.<\/p>\n<p style=\"text-align: justify;\">La Mesa tambi\u00e9n es conformada por las y los legisladores Leticia Castro Ortiz como primera vicepresidenta; segundo vicepresidente, Olaguer Hern\u00e1ndez Flores; secretarios propietarios Masedonio Mendoza Basurto y Ricardo Astudillo Calvo, y como secretarios suplentes Beatriz Mojica Morga y Elzy Camacho Pineda.<\/p>\n<p style=\"text-align: justify;\">Previo a la instalaci\u00f3n del periodo ordinario, se realiz\u00f3 el acto protocolario de Entrega-Recepci\u00f3n de la Mesa Directiva, relativo a toda la documentaci\u00f3n, informes y relaci\u00f3n de asuntos que deber\u00e1n continuar con su tr\u00e1mite legislativo en este Segundo A\u00f1o de Ejercicio Constitucional.<\/p>\n<p><img loading=\"lazy\" decoding=\"async\" class=\"alignnone size-medium wp-image-4539\" src=\"https:\/\/congresogro.gob.mx\/63\/inicio\/wp-content\/uploads\/2022\/09\/BOL-310-ENTREGA-RECEPCIO\u0301N-640x639.jpg\" alt=\"\" width=\"640\" height=\"639\" srcset=\"https:\/\/congresogro.gob.mx\/63\/inicio\/wp-content\/uploads\/2022\/09\/BOL-310-ENTREGA-RECEPCIO\u0301N-640x640.jpg 640w, https:\/\/congresogro.gob.mx\/63\/inicio\/wp-content\/uploads\/2022\/09\/BOL-310-ENTREGA-RECEPCIO\u0301N-1280x1280.jpg 1280w, https:\/\/congresogro.gob.mx\/63\/inicio\/wp-content\/uploads\/2022\/09\/BOL-310-ENTREGA-RECEPCIO\u0301N-160x160.jpg 160w, https:\/\/congresogro.gob.mx\/63\/inicio\/wp-content\/uploads\/2022\/09\/BOL-310-ENTREGA-RECEPCIO\u0301N-768x767.jpg 768w, https:\/\/congresogro.gob.mx\/63\/inicio\/wp-content\/uploads\/2022\/09\/BOL-310-ENTREGA-RECEPCIO\u0301N-1536x1534.jpg 1536w, https:\/\/congresogro.gob.mx\/63\/inicio\/wp-content\/uploads\/2022\/09\/BOL-310-ENTREGA-RECEPCIO\u0301N-2048x2045.jpg 2048w, https:\/\/congresogro.gob.mx\/63\/inicio\/wp-content\/uploads\/2022\/09\/BOL-310-ENTREGA-RECEPCIO\u0301N-320x320.jpg 320w, https:\/\/congresogro.gob.mx\/63\/inicio\/wp-content\/uploads\/2022\/09\/BOL-310-ENTREGA-RECEPCIO\u0301N-120x120.jpg 120w\" sizes=\"auto, (max-width: 640px) 100vw, 640px\" \/><\/p>\n<p style=\"text-align: justify;\">En el acto protocolario, la presidenta saliente, diputada Flor A\u00f1orve Ocampo, dijo que asumi\u00f3 con gran responsabilidad la Mesa Directiva, destacando logros como la aprobaci\u00f3n de 293 asuntos parlamentarios, entre leyes y acuerdos.<\/p>\n<p style=\"text-align: justify;\">Refiri\u00f3 tambi\u00e9n un hecho in\u00e9dito, que es la realizaci\u00f3n de la Consulta a los pueblos y comunidades ind\u00edgenas sobre distintos temas legislativos.<\/p>\n<p style=\"text-align: justify;\">Asimismo, reconoci\u00f3 a sus hom\u00f3logos que la acompa\u00f1aron en tan importante encomienda, por estar comprometidos y siempre brindarle su apoyo para sacar adelante los trabajos.<\/p>\n<p style=\"text-align: justify;\">Reconoci\u00f3 tambi\u00e9n a las y los coordinadores\u00a0 de los grupos parlamentarios y representaciones que integran la Junta de Coordinaci\u00f3n Pol\u00edtica, con quienes se realiz\u00f3 un trabajo conjunto fundamentado en el di\u00e1logo y los acuerdos.<\/p>\n<p style=\"text-align: justify;\">Por su parte, la diputada Yanelly Hern\u00e1ndez Mart\u00ednez, resalt\u00f3 que esta es la primera vez que se conforma una Mesa Directiva incluyente, integrada por diputados que representan a la poblaci\u00f3n ind\u00edgena y afrodescendientes, as\u00ed como personas con capacidades diferentes.<\/p>\n<p style=\"text-align: justify;\">Agreg\u00f3 que las y los diputados de la Mesa Directiva asumen con responsabilidad dicha encomienda y se comprometen a trabajar con apego estricto a la Ley Org\u00e1nica del Poder Legislativo, a conducir las sesiones de manera correcta, sin sesgo pol\u00edtico y respetando los principios de la legalidad.<\/p>\n<p style=\"text-align: justify;\">El acto protocolario cont\u00f3 con la presencia de las y los integrantes de la Mesa Directiva saliente: diputadas Gloria Citlali Calixto Jim\u00e9nez, Susana Paola Ju\u00e1rez G\u00f3mez, Joaqu\u00edn Badillo Escamilla, Esteban Albarr\u00e1n Mendoza, Mar\u00eda Flores Maldonado y Patricia Doroteo Calder\u00f3n.<\/p>\n<p style=\"text-align: justify;\">Atestiguaron el evento la y los diputados Raymundo Garc\u00eda Guti\u00e9rrez, Antonio Helguera Jim\u00e9nez e Hilda Jennifer Ponce Mendoza.<\/p>\n","protected":false},"excerpt":{"rendered":"<p>Chilpancingo, Gro., a 01 de septiembre de 2022.\u2013 Este jueves se instal\u00f3 el Primer Periodo de Sesiones Ordinarias correspondiente al Segundo A\u00f1o de Ejercicio Constitucional de la LXIII Legislatura al Congreso del Estado de Guerrero. Asimismo, tom\u00f3 posesi\u00f3n la nueva Mesa Directiva que coordinar\u00e1 los trabajos y que fungir\u00e1 de este 01 de septiembre al&#8230;<\/p>\n","protected":false},"author":1,"featured_media":4541,"comment_status":"closed","ping_status":"open","sticky":false,"template":"","format":"standard","meta":{"_monsterinsights_skip_tracking":false,"_monsterinsights_sitenote_active":false,"_monsterinsights_sitenote_note":"","_monsterinsights_sitenote_category":0,"footnotes":""},"categories":[3],"tags":[],"class_list":["post-4532","post","type-post","status-publish","format-standard","has-post-thumbnail","hentry","category-boletin"],"aioseo_notices":[],"_links":{"self":[{"href":"https:\/\/congresogro.gob.mx\/63\/inicio\/wp-json\/wp\/v2\/posts\/4532","targetHints":{"allow":["GET"]}}],"collection":[{"href":"https:\/\/congresogro.gob.mx\/63\/inicio\/wp-json\/wp\/v2\/posts"}],"about":[{"href":"https:\/\/congresogro.gob.mx\/63\/inicio\/wp-json\/wp\/v2\/types\/post"}],"author":[{"embeddable":true,"href":"https:\/\/congresogro.gob.mx\/63\/inicio\/wp-json\/wp\/v2\/users\/1"}],"replies":[{"embeddable":true,"href":"https:\/\/congresogro.gob.mx\/63\/inicio\/wp-json\/wp\/v2\/comments?post=4532"}],"version-history":[{"count":3,"href":"https:\/\/congresogro.gob.mx\/63\/inicio\/wp-json\/wp\/v2\/posts\/4532\/revisions"}],"predecessor-version":[{"id":4542,"href":"https:\/\/congresogro.gob.mx\/63\/inicio\/wp-json\/wp\/v2\/posts\/4532\/revisions\/4542"}],"wp:featuredmedia":[{"embeddable":true,"href":"https:\/\/congresogro.gob.mx\/63\/inicio\/wp-json\/wp\/v2\/media\/4541"}],"wp:attachment":[{"href":"https:\/\/congresogro.gob.mx\/63\/inicio\/wp-json\/wp\/v2\/media?parent=4532"}],"wp:term":[{"taxonomy":"category","embeddable":true,"href":"https:\/\/congresogro.gob.mx\/63\/inicio\/wp-json\/wp\/v2\/categories?post=4532"},{"taxonomy":"post_tag","embeddable":true,"href":"https:\/\/congresogro.gob.mx\/63\/inicio\/wp-json\/wp\/v2\/tags?post=4532"}],"curies":[{"name":"wp","href":"https:\/\/api.w.org\/{rel}","templated":true}]}}